{"id":14970,"date":"2026-01-29T16:58:58","date_gmt":"2026-01-29T19:58:58","guid":{"rendered":"https:\/\/cidadecult.com.br\/?p=14970"},"modified":"2026-01-29T16:58:58","modified_gmt":"2026-01-29T19:58:58","slug":"cello-dante-lanca-ep-e-show-imersivo-lo-fi-io-em-brasilia","status":"publish","type":"post","link":"https:\/\/cidadecult.com.br\/?p=14970","title":{"rendered":"Cello Dante lan\u00e7a EP e show imersivo \u201cLo-fi&#8230;Io\u201d em Bras\u00edlia"},"content":{"rendered":"\n<p><em>Foto\/divulga\u00e7\u00e3o<\/em><\/p>\n\n\n\n<p>O multiartista brasiliense <strong>Cello Dante<\/strong> apresenta seu novo projeto, <strong>\u201cLo-fi&#8230;Io\u201d<\/strong>, em um <strong>show gratuito e imersivo<\/strong> no <strong>Planet\u00e1rio de Bras\u00edlia<\/strong>, no dia <strong>1\u00ba de novembro<\/strong>, com duas sess\u00f5es: \u00e0s <strong>19h30<\/strong> e <strong>21h<\/strong>. O evento contar\u00e1 com <strong>tradu\u00e7\u00e3o em Libras e audiodescri\u00e7\u00e3o<\/strong>, tornando a experi\u00eancia acess\u00edvel a todos.<\/p>\n\n\n\n<p>O projeto, realizado com <strong>recursos do Fundo de Apoio \u00e0 Cultura do Distrito Federal (FAC)<\/strong>, combina diferentes g\u00eaneros musicais da <strong>m\u00fasica brasileira<\/strong> ao <strong>rock, folk, eletr\u00f4nico e world music<\/strong>  resultando em uma sonoridade \u00fanica e experimental.<\/p>\n\n\n\n<p>O <strong>EP \u201cLo-fi&#8230;Io\u201d<\/strong>, que chega \u00e0s plataformas digitais em <strong>30 de outubro<\/strong>, traz <strong>12 faixas in\u00e9ditas<\/strong> compostas principalmente durante a pandemia de COVID-19. As m\u00fasicas exploram temas universais e introspectivos, como <strong>solid\u00e3o, amor, liberdade, mem\u00f3ria e o contraste entre caos e cosmos<\/strong>, mas tamb\u00e9m incluem momentos de leveza e humor.<\/p>\n\n\n\n<blockquote class=\"wp-block-quote is-layout-flow wp-block-quote-is-layout-flow\">\n<p>\u201cO nome \u2018Lo-fi&#8230;Io\u2019 faz uma ponte entre m\u00fasica e espa\u00e7o. \u2018Lo-fi\u2019 remete a \u00e1udios de baixa defini\u00e7\u00e3o, conceito que explorei ao longo do disco. J\u00e1 \u2018Io\u2019 \u00e9 uma lua de J\u00fapiter e tamb\u00e9m um nome que me atraiu. O resultado \u00e9 um disco estranho, mas instigante de ouvir\u201d, explica Cello Dante.<\/p>\n<\/blockquote>\n\n\n\n<p>O show promete uma <strong>experi\u00eancia sonora em 360 graus<\/strong>, com caixas espalhadas pelo espa\u00e7o para que o p\u00fablico sinta-se dentro do som. Os <strong>ingressos gratuitos<\/strong> estar\u00e3o dispon\u00edveis no <strong>Sympla<\/strong> a partir de <strong>17 de outubro<\/strong>, data em que tamb\u00e9m ser\u00e1 lan\u00e7ada a primeira faixa do EP.<\/p>\n\n\n\n<p>\ud83d\udccc <strong>Show \u201cLo-fi&#8230;Io\u201d \u2013 Cello Dante<\/strong>:<br>\ud83d\udccd <em>Planet\u00e1rio de Bras\u00edlia<\/em>;<br>\ud83d\udd52 <em>1\u00ba de novembro \u2013 sess\u00f5es \u00e0s 19h30 e 21h<\/em>;<br>\ud83d\udcab <em>Entrada gratuita | Tradu\u00e7\u00e3o em Libras e audiodescri\u00e7\u00e3o<\/em>;<br>\ud83d\udd17 Mais informa\u00e7\u00f5es: <a href=\"https:\/\/www.instagram.com\/cellodante\">@cellodante<\/a>.<\/p>\n","protected":false},"excerpt":{"rendered":"<p>Foto\/divulga\u00e7\u00e3o O multiartista brasiliense Cello Dante apresenta seu novo projeto, \u201cLo-fi&#8230;Io\u201d, em um show gratuito e imersivo no Planet\u00e1rio de Bras\u00edlia, no dia 1\u00ba de novembro, com duas sess\u00f5es: \u00e0s 19h30 e 21h. O evento contar\u00e1 com tradu\u00e7\u00e3o em Libras e audiodescri\u00e7\u00e3o, tornando a experi\u00eancia acess\u00edvel a todos. O projeto, realizado com recursos do Fundo [&hellip;]<\/p>\n","protected":false},"author":1441,"featured_media":14971,"comment_status":"open","ping_status":"open","sticky":false,"template":"","format":"standard","meta":{"_monsterinsights_skip_tracking":false,"_monsterinsights_sitenote_active":false,"_monsterinsights_sitenote_note":"","_monsterinsights_sitenote_category":0,"footnotes":""},"categories":[1],"tags":[],"class_list":["post-14970","post","type-post","status-publish","format-standard","has-post-thumbnail","hentry","category-sem-categoria"],"_links":{"self":[{"href":"https:\/\/cidadecult.com.br\/index.php?rest_route=\/wp\/v2\/posts\/14970","targetHints":{"allow":["GET"]}}],"collection":[{"href":"https:\/\/cidadecult.com.br\/index.php?rest_route=\/wp\/v2\/posts"}],"about":[{"href":"https:\/\/cidadecult.com.br\/index.php?rest_route=\/wp\/v2\/types\/post"}],"author":[{"embeddable":true,"href":"https:\/\/cidadecult.com.br\/index.php?rest_route=\/wp\/v2\/users\/1441"}],"replies":[{"embeddable":true,"href":"https:\/\/cidadecult.com.br\/index.php?rest_route=%2Fwp%2Fv2%2Fcomments&post=14970"}],"version-history":[{"count":1,"href":"https:\/\/cidadecult.com.br\/index.php?rest_route=\/wp\/v2\/posts\/14970\/revisions"}],"predecessor-version":[{"id":14972,"href":"https:\/\/cidadecult.com.br\/index.php?rest_route=\/wp\/v2\/posts\/14970\/revisions\/14972"}],"wp:featuredmedia":[{"embeddable":true,"href":"https:\/\/cidadecult.com.br\/index.php?rest_route=\/wp\/v2\/media\/14971"}],"wp:attachment":[{"href":"https:\/\/cidadecult.com.br\/index.php?rest_route=%2Fwp%2Fv2%2Fmedia&parent=14970"}],"wp:term":[{"taxonomy":"category","embeddable":true,"href":"https:\/\/cidadecult.com.br\/index.php?rest_route=%2Fwp%2Fv2%2Fcategories&post=14970"},{"taxonomy":"post_tag","embeddable":true,"href":"https:\/\/cidadecult.com.br\/index.php?rest_route=%2Fwp%2Fv2%2Ftags&post=14970"}],"curies":[{"name":"wp","href":"https:\/\/api.w.org\/{rel}","templated":true}]}}