{"id":14964,"date":"2025-10-31T15:13:12","date_gmt":"2025-10-31T18:13:12","guid":{"rendered":"https:\/\/cidadecult.com.br\/?p=14964"},"modified":"2025-10-31T15:13:14","modified_gmt":"2025-10-31T18:13:14","slug":"a-luz-como-arte-funarte-abre-inscricoes-para-oficina-com-j-gioia","status":"publish","type":"post","link":"https:\/\/cidadecult.com.br\/?p=14964","title":{"rendered":"A luz como arte: Funarte abre inscri\u00e7\u00f5es para oficina com J.Gioia"},"content":{"rendered":"\n<p><em>Foto\/divulga\u00e7\u00e3o<\/em><\/p>\n\n\n\n<p>Mais do que iluminar o palco, a luz tamb\u00e9m pode contar hist\u00f3rias, revelar emo\u00e7\u00f5es e dar forma \u00e0 arte. Essa \u00e9 a ess\u00eancia da <strong>\u201cOficina de ilumina\u00e7\u00e3o c\u00eanica: ponto de encontro de fazedores de arte\u201d<\/strong>, que est\u00e1 com inscri\u00e7\u00f5es abertas no <strong>Centro T\u00e9cnico de Artes (CTA)<\/strong> da <strong>Funarte<\/strong>, no Rio de Janeiro.<\/p>\n\n\n\n<p>Conduzido por <strong>J.Gioia<\/strong> iluminador, ator e professor com trajet\u00f3ria marcada por cria\u00e7\u00f5es no teatro, circo e m\u00fasica, o projeto une teoria, pr\u00e1tica e sensibilidade para explorar a luz como elemento expressivo e po\u00e9tico nas artes c\u00eanicas. A oficina acontece <strong>de novembro a dezembro de 2025<\/strong>, sempre <strong>\u00e0s segundas-feiras, das 14h \u00e0s 17h<\/strong>, com <strong>20 vagas presenciais<\/strong> e <strong>10 online<\/strong>, abertas a participantes de todo o pa\u00eds.<\/p>\n\n\n\n<p>A proposta \u00e9 criar um espa\u00e7o de aprendizado colaborativo, onde cada aluno possa desenvolver um olhar autoral sobre a cena. Ao final do curso, os participantes apresentam um <strong>projeto criativo pr\u00f3prio<\/strong>, como uma <em>&#8220;selftape&#8221;<\/em> ou desenho de luz resultado do processo de experimenta\u00e7\u00e3o vivido ao longo dos encontros.<\/p>\n\n\n\n<p>Com investimento de <strong>R$ 400,00 mensais<\/strong> ou <strong>R$ 100,00 por aula avulsa<\/strong>, o curso oferece a possibilidade de aprendizado ao vivo, garantindo intera\u00e7\u00e3o direta entre alunos e professor. \u201cA ideia \u00e9 democratizar o acesso a uma forma\u00e7\u00e3o de qualidade e fortalecer a ilumina\u00e7\u00e3o como parte essencial da cria\u00e7\u00e3o art\u00edstica\u201d, destaca J.Gioia.<\/p>\n\n\n\n<p>Contemplado no &#8220;<strong>Programa<em> Funarte<\/em> Aberta 2025&#8243;<\/strong>, o projeto reafirma o compromisso da institui\u00e7\u00e3o em valorizar o fazer art\u00edstico e incentivar novas formas de express\u00e3o.<\/p>\n\n\n\n<h3 class=\"wp-block-heading\">Servi\u00e7o: <\/h3>\n\n\n\n<p><strong>Oficina de Ilumina\u00e7\u00e3o C\u00eanica \u2013 Ponto de Encontro de Fazedores de Arte<\/strong>: <br>\ud83d\udcc5 <strong>Novembro:<\/strong> dias 3, 10, 17 e 24;<br>\ud83d\udcc5 <strong>Dezembro:<\/strong> dias 1\u00ba, 8 e 15 + formatura;<br>\ud83d\udd53 <strong>Hor\u00e1rio:<\/strong> das 14h \u00e0s 17h;<br>\ud83d\udccd <strong>Local:<\/strong> Centro T\u00e9cnico de Artes (CTA) da Funarte \u2013 Rua do Lavradio, 54, Centro, Rio de Janeiro (RJ);<br>\ud83d\udca1 <strong>Vagas:<\/strong> 20 presenciais e 10 online;<br>\ud83d\udcb0 <strong>Investimento:<\/strong> R$ 400,00 mensais ou R$ 100,00 (aula avulsa);<br>\ud83c\udfad <strong>P\u00fablico-alvo:<\/strong> maiores de 16 anos interessados em ilumina\u00e7\u00e3o c\u00eanica;<br>\ud83d\udd17 <strong>Inscri\u00e7\u00f5es e informa\u00e7\u00f5es:<\/strong> <a href=\"https:\/\/linktr.ee\/pontedasartesproducoes\">linktr.ee\/pontedasartesproducoes<\/a> | WhatsApp: (21) 98747-8040.<\/p>\n\n\n\n<p>Entre refletores e ideias, a oficina convida artistas a enxergarem a luz como ferramenta de cria\u00e7\u00e3o e a transformarem o palco em um espa\u00e7o de inven\u00e7\u00e3o e poesia.<\/p>\n","protected":false},"excerpt":{"rendered":"<p>Foto\/divulga\u00e7\u00e3o Mais do que iluminar o palco, a luz tamb\u00e9m pode contar hist\u00f3rias, revelar emo\u00e7\u00f5es e dar forma \u00e0 arte. Essa \u00e9 a ess\u00eancia da \u201cOficina de ilumina\u00e7\u00e3o c\u00eanica: ponto de encontro de fazedores de arte\u201d, que est\u00e1 com inscri\u00e7\u00f5es abertas no Centro T\u00e9cnico de Artes (CTA) da Funarte, no Rio de Janeiro. Conduzido por [&hellip;]<\/p>\n","protected":false},"author":1441,"featured_media":14965,"comment_status":"open","ping_status":"open","sticky":false,"template":"","format":"standard","meta":{"_monsterinsights_skip_tracking":false,"_monsterinsights_sitenote_active":false,"_monsterinsights_sitenote_note":"","_monsterinsights_sitenote_category":0,"footnotes":""},"categories":[54],"tags":[5453,5454,5455],"class_list":["post-14964","post","type-post","status-publish","format-standard","has-post-thumbnail","hentry","category-brasil","tag-aluzcomoarte","tag-funarte","tag-jgioia"],"_links":{"self":[{"href":"https:\/\/cidadecult.com.br\/index.php?rest_route=\/wp\/v2\/posts\/14964","targetHints":{"allow":["GET"]}}],"collection":[{"href":"https:\/\/cidadecult.com.br\/index.php?rest_route=\/wp\/v2\/posts"}],"about":[{"href":"https:\/\/cidadecult.com.br\/index.php?rest_route=\/wp\/v2\/types\/post"}],"author":[{"embeddable":true,"href":"https:\/\/cidadecult.com.br\/index.php?rest_route=\/wp\/v2\/users\/1441"}],"replies":[{"embeddable":true,"href":"https:\/\/cidadecult.com.br\/index.php?rest_route=%2Fwp%2Fv2%2Fcomments&post=14964"}],"version-history":[{"count":1,"href":"https:\/\/cidadecult.com.br\/index.php?rest_route=\/wp\/v2\/posts\/14964\/revisions"}],"predecessor-version":[{"id":14966,"href":"https:\/\/cidadecult.com.br\/index.php?rest_route=\/wp\/v2\/posts\/14964\/revisions\/14966"}],"wp:featuredmedia":[{"embeddable":true,"href":"https:\/\/cidadecult.com.br\/index.php?rest_route=\/wp\/v2\/media\/14965"}],"wp:attachment":[{"href":"https:\/\/cidadecult.com.br\/index.php?rest_route=%2Fwp%2Fv2%2Fmedia&parent=14964"}],"wp:term":[{"taxonomy":"category","embeddable":true,"href":"https:\/\/cidadecult.com.br\/index.php?rest_route=%2Fwp%2Fv2%2Fcategories&post=14964"},{"taxonomy":"post_tag","embeddable":true,"href":"https:\/\/cidadecult.com.br\/index.php?rest_route=%2Fwp%2Fv2%2Ftags&post=14964"}],"curies":[{"name":"wp","href":"https:\/\/api.w.org\/{rel}","templated":true}]}}