{"id":14930,"date":"2025-10-28T17:46:12","date_gmt":"2025-10-28T20:46:12","guid":{"rendered":"https:\/\/cidadecult.com.br\/?p=14930"},"modified":"2025-10-28T17:46:15","modified_gmt":"2025-10-28T20:46:15","slug":"martha-freitas-apresenta-show-e-gravacao-do-dvd-inclusao-total-no-cruzeiro-velho","status":"publish","type":"post","link":"https:\/\/cidadecult.com.br\/?p=14930","title":{"rendered":"Martha Freitas apresenta show e grava\u00e7\u00e3o do DVD \u201cInclus\u00e3o Total\u201d no Cruzeiro Velho"},"content":{"rendered":"\n<p><em>Foto\/divulga\u00e7\u00e3o<\/em><\/p>\n\n\n\n<p>A cantora e musicista cadeirante <strong>Martha Freitas<\/strong> realiza, no dia <strong>31 de outubro<\/strong>, \u00e0s <strong>20h<\/strong>, o show e grava\u00e7\u00e3o do DVD \u201cInclus\u00e3o total\u201d, no <strong>CEMI do Cruzeiro Velho<\/strong> (SRES \u00c1rea Especial \u2013 Cruzeiro Velho). A iniciativa, que tem o apoio do <strong>Fundo de Apoio \u00e0 Cultura do Distrito Federal (FAC\/DF)<\/strong>, celebra a diversidade, a acessibilidade e a for\u00e7a da m\u00fasica brasileira.<\/p>\n\n\n\n<p>O evento \u00e9 <strong>gratuito<\/strong> e voltado especialmente para <strong>pessoas com defici\u00eancia e TEA (Transtorno do Espectro Autista)<\/strong>, promovendo um espa\u00e7o de inclus\u00e3o e valoriza\u00e7\u00e3o da arte como ferramenta de uni\u00e3o.<\/p>\n\n\n\n<p>No palco, Martha estar\u00e1 acompanhada por <strong>Caleb Alves<\/strong> e <strong>Nicolas Madalena<\/strong> (violoncelo), <strong>S\u00e9rgio Morais<\/strong> (flauta), <strong>Felipe Fiuza<\/strong> (percuss\u00e3o) e <strong>Caio Vitor<\/strong> (viol\u00e3o, dire\u00e7\u00e3o musical e arranjos). O repert\u00f3rio faz uma homenagem \u00e0 m\u00fasica do Brasil e da capital federal, revivendo composi\u00e7\u00f5es de artistas como <strong>M\u00e1rcia Tauil<\/strong>, <strong>Alisson Takaki<\/strong> e <strong>Cairo Vitor<\/strong>.<\/p>\n\n\n\n<p>Com <strong>tradu\u00e7\u00e3o em Libras, audiodescri\u00e7\u00e3o<\/strong> e grava\u00e7\u00e3o para exibi\u00e7\u00e3o posterior no <strong>YouTube<\/strong>, o projeto refor\u00e7a o compromisso de Martha com a inclus\u00e3o cultural e o acesso \u00e0 arte.<br>\u201cSer\u00e1 um momento de uni\u00e3o e inclus\u00e3o, com muita m\u00fasica e alegria\u201d, afirma a artista.<\/p>\n\n\n\n<p><strong>Servi\u00e7o- show e grava\u00e7\u00e3o do DVD &#8220;Inclus\u00e3o total&#8221;- Martha Freitas<\/strong><br>\ud83d\udcc5 <strong>Data:<\/strong> 31 de outubro de 2025;<br>\ud83d\udd57 <strong>Hor\u00e1rio:<\/strong> 20h;<br>\ud83d\udccd <strong>Local:<\/strong> CEMI do Cruzeiro (SRES \u00c1rea Especial \u2013 Cruzeiro Velho);<br>\ud83c\udf9f\ufe0f <strong>Entrada gratuita<\/strong>;<br>\ud83d\udc65 <strong>Classifica\u00e7\u00e3o:<\/strong> Livre para todos os p\u00fablicos.<\/p>\n","protected":false},"excerpt":{"rendered":"<p>Foto\/divulga\u00e7\u00e3o A cantora e musicista cadeirante Martha Freitas realiza, no dia 31 de outubro, \u00e0s 20h, o show e grava\u00e7\u00e3o do DVD \u201cInclus\u00e3o total\u201d, no CEMI do Cruzeiro Velho (SRES \u00c1rea Especial \u2013 Cruzeiro Velho). A iniciativa, que tem o apoio do Fundo de Apoio \u00e0 Cultura do Distrito Federal (FAC\/DF), celebra a diversidade, a [&hellip;]<\/p>\n","protected":false},"author":1441,"featured_media":14931,"comment_status":"open","ping_status":"open","sticky":false,"template":"","format":"standard","meta":{"_monsterinsights_skip_tracking":false,"_monsterinsights_sitenote_active":false,"_monsterinsights_sitenote_note":"","_monsterinsights_sitenote_category":0,"footnotes":""},"categories":[41,2569,17,34],"tags":[],"class_list":["post-14930","post","type-post","status-publish","format-standard","has-post-thumbnail","hentry","category-agenda","category-arte","category-bsb","category-destaque"],"_links":{"self":[{"href":"https:\/\/cidadecult.com.br\/index.php?rest_route=\/wp\/v2\/posts\/14930","targetHints":{"allow":["GET"]}}],"collection":[{"href":"https:\/\/cidadecult.com.br\/index.php?rest_route=\/wp\/v2\/posts"}],"about":[{"href":"https:\/\/cidadecult.com.br\/index.php?rest_route=\/wp\/v2\/types\/post"}],"author":[{"embeddable":true,"href":"https:\/\/cidadecult.com.br\/index.php?rest_route=\/wp\/v2\/users\/1441"}],"replies":[{"embeddable":true,"href":"https:\/\/cidadecult.com.br\/index.php?rest_route=%2Fwp%2Fv2%2Fcomments&post=14930"}],"version-history":[{"count":1,"href":"https:\/\/cidadecult.com.br\/index.php?rest_route=\/wp\/v2\/posts\/14930\/revisions"}],"predecessor-version":[{"id":14932,"href":"https:\/\/cidadecult.com.br\/index.php?rest_route=\/wp\/v2\/posts\/14930\/revisions\/14932"}],"wp:featuredmedia":[{"embeddable":true,"href":"https:\/\/cidadecult.com.br\/index.php?rest_route=\/wp\/v2\/media\/14931"}],"wp:attachment":[{"href":"https:\/\/cidadecult.com.br\/index.php?rest_route=%2Fwp%2Fv2%2Fmedia&parent=14930"}],"wp:term":[{"taxonomy":"category","embeddable":true,"href":"https:\/\/cidadecult.com.br\/index.php?rest_route=%2Fwp%2Fv2%2Fcategories&post=14930"},{"taxonomy":"post_tag","embeddable":true,"href":"https:\/\/cidadecult.com.br\/index.php?rest_route=%2Fwp%2Fv2%2Ftags&post=14930"}],"curies":[{"name":"wp","href":"https:\/\/api.w.org\/{rel}","templated":true}]}}