{"id":14910,"date":"2025-10-25T13:05:35","date_gmt":"2025-10-25T16:05:35","guid":{"rendered":"https:\/\/cidadecult.com.br\/?p=14910"},"modified":"2025-10-25T13:05:39","modified_gmt":"2025-10-25T16:05:39","slug":"%f0%9f%8c%9f-manual-de-yoga-para-a-primeira-infancia-e-lancado-com-oficinas-criativas-e-foco-em-inclusao","status":"publish","type":"post","link":"https:\/\/cidadecult.com.br\/?p=14910","title":{"rendered":"\ud83c\udf1f Manual de yoga para a primeira inf\u00e2ncia \u00e9 lan\u00e7ado com oficinas criativas e foco em inclus\u00e3o"},"content":{"rendered":"\n<h3 class=\"wp-block-heading\"><\/h3>\n\n\n\n<p>Com atividades l\u00fadicas, oficinas de artes e uma proposta de empoderamento infantil, o lan\u00e7amento do <strong>Manual de Yoga para Crian\u00e7as Pequenas: Brincar de FloreSER<\/strong> marca o encerramento do m\u00eas das crian\u00e7as em grande estilo. O evento acontece neste <strong>s\u00e1bado e domingo (25 e 26\/10)<\/strong>, na <strong>Casa Jasmim<\/strong>, em Bras\u00edlia, com <strong>entrada gratuita<\/strong> e programa\u00e7\u00e3o para toda a garotada.<\/p>\n\n\n\n<p>Idealizado pela multiartista <strong>Nambir Kaur<\/strong>, o manual prop\u00f5e um mergulho no universo do yoga a partir de personagens da <strong>fauna brasileira<\/strong>, como o boto-cor-de-rosa, o lobo-guar\u00e1 e a on\u00e7a-pintada. As oito hist\u00f3rias representadas na publica\u00e7\u00e3o conduzem os pequenos pelos oito passos do yoga, com foco na <strong>imagina\u00e7\u00e3o, escuta e movimento<\/strong>.<\/p>\n\n\n\n<figure class=\"wp-block-image size-large\"><img loading=\"lazy\" decoding=\"async\" width=\"1024\" height=\"226\" src=\"https:\/\/cidadecult.com.br\/wp-content\/uploads\/2025\/10\/unnamed-3-1024x226.jpg\" alt=\"\" class=\"wp-image-14911\" srcset=\"https:\/\/cidadecult.com.br\/wp-content\/uploads\/2025\/10\/unnamed-3-1024x226.jpg 1024w, https:\/\/cidadecult.com.br\/wp-content\/uploads\/2025\/10\/unnamed-3-300x66.jpg 300w, https:\/\/cidadecult.com.br\/wp-content\/uploads\/2025\/10\/unnamed-3-768x169.jpg 768w, https:\/\/cidadecult.com.br\/wp-content\/uploads\/2025\/10\/unnamed-3-1536x339.jpg 1536w, https:\/\/cidadecult.com.br\/wp-content\/uploads\/2025\/10\/unnamed-3-750x165.jpg 750w, https:\/\/cidadecult.com.br\/wp-content\/uploads\/2025\/10\/unnamed-3-1140x251.jpg 1140w, https:\/\/cidadecult.com.br\/wp-content\/uploads\/2025\/10\/unnamed-3.jpg 1868w\" sizes=\"auto, (max-width: 1024px) 100vw, 1024px\" \/><\/figure>\n\n\n\n<p>Mais que uma obra ilustrada e interativa, o material se destaca por ser <strong>totalmente acess\u00edvel<\/strong>, com adapta\u00e7\u00f5es pensadas para <strong>crian\u00e7as com defici\u00eancia visual, f\u00edsica, T21 e TEA<\/strong>, refor\u00e7ando que <strong>\u201ctodo corpo \u00e9 um corpo poss\u00edvel para o yoga\u201d<\/strong>. A proposta se estende tamb\u00e9m a oficinas educativas que ser\u00e3o realizadas em escolas p\u00fablicas de S\u00e3o Sebasti\u00e3o.<\/p>\n\n\n\n<p>Al\u00e9m do lan\u00e7amento do manual, o evento tamb\u00e9m integra a <strong>Semana Pela Vida das Meninas<\/strong>, promovida pelo projeto <strong>Casa Jazzmim<\/strong>. A programa\u00e7\u00e3o inclui <strong>oficinas de sticker, grafite, lambe-lambe e autodefesa<\/strong>, sempre com foco no fortalecimento da autoestima, combate \u00e0 viol\u00eancia e constru\u00e7\u00e3o de refer\u00eancias positivas desde a inf\u00e2ncia.<\/p>\n\n\n\n<p>\ud83c\udfb5 O lan\u00e7amento tamb\u00e9m traz uma aula de <strong>yoga musicada<\/strong> com trilha sonora original, j\u00e1 dispon\u00edvel no Spotify.<\/p>\n\n\n\n<hr class=\"wp-block-separator has-alpha-channel-opacity\"\/>\n\n\n\n<h3 class=\"wp-block-heading\">\ud83d\udcc5 <strong>Programa\u00e7\u00e3o<\/strong><\/h3>\n\n\n\n<p><strong>S\u00e1bado \u2013 25\/10<\/strong><\/p>\n\n\n\n<ul class=\"wp-block-list\">\n<li>\ud83d\udd8c\ufe0f 14h: Oficina de Sticker com Ju Borg\u00ea<\/li>\n\n\n\n<li>\ud83c\udfa8 15h: Oficina de Grafite com Carli Ay\u00f4<\/li>\n\n\n\n<li>\ud83e\uddd8\u200d\u2640\ufe0f 16h: Aula de Yoga Musicada (Nambir &amp; Bia \u00c1guida)<\/li>\n\n\n\n<li>\ud83e\uddd8\u200d\u2642\ufe0f 16h30: Roda sobre yoga adaptado com Elizabeth<\/li>\n\n\n\n<li>\ud83c\udf31 17h: Oficina de Educa\u00e7\u00e3o Ambiental \u2013 S\u00edtio Geranium<\/li>\n<\/ul>\n\n\n\n<p><strong>Domingo \u2013 26\/10<\/strong><\/p>\n\n\n\n<ul class=\"wp-block-list\">\n<li>\ud83d\udcdc 15h: Oficina de Lambe-lambe com Drisana Alarc\u00e3o<\/li>\n\n\n\n<li>\ud83e\udd4b 16h: Oficina de Autodefesa com Carol Barreiro (Kung Fu das Manas)<\/li>\n<\/ul>\n\n\n\n<hr class=\"wp-block-separator has-alpha-channel-opacity\"\/>\n\n\n\n<h3 class=\"wp-block-heading\">\ud83d\udccc <strong>Servi\u00e7o<\/strong><\/h3>\n\n\n\n<p><strong>Evento:<\/strong> Lan\u00e7amento do Manual \u201cBrincar de FloreSER\u201d + Semana Pela Vida das Meninas<br><strong>Data:<\/strong> 25 e 26 de outubro (s\u00e1bado e domingo)<br><strong>Local:<\/strong> <strong>Casa Jasmim<\/strong> \u2013 SHCGN 716, Casa 30, Asa Norte \u2013 Bras\u00edlia<br><strong>Entrada:<\/strong> Gratuita<br><strong>Inscri\u00e7\u00f5es:<\/strong> via <a href=\"https:\/\/www.sympla.com.br\/evento\/semana-pela-vida-das-meninas-casa-jazzmim\/3174721\">Sympla<\/a><\/p>\n","protected":false},"excerpt":{"rendered":"<p>Com atividades l\u00fadicas, oficinas de artes e uma proposta de empoderamento infantil, o lan\u00e7amento do Manual de Yoga para Crian\u00e7as Pequenas: Brincar de FloreSER marca o encerramento do m\u00eas das crian\u00e7as em grande estilo. O evento acontece neste s\u00e1bado e domingo (25 e 26\/10), na Casa Jasmim, em Bras\u00edlia, com entrada gratuita e programa\u00e7\u00e3o para [&hellip;]<\/p>\n","protected":false},"author":777,"featured_media":14913,"comment_status":"open","ping_status":"open","sticky":false,"template":"","format":"standard","meta":{"_monsterinsights_skip_tracking":false,"_monsterinsights_sitenote_active":false,"_monsterinsights_sitenote_note":"","_monsterinsights_sitenote_category":0,"footnotes":""},"categories":[17],"tags":[5444,5446],"class_list":["post-14910","post","type-post","status-publish","format-standard","has-post-thumbnail","hentry","category-bsb","tag-casa-jasmim","tag-florescer"],"_links":{"self":[{"href":"https:\/\/cidadecult.com.br\/index.php?rest_route=\/wp\/v2\/posts\/14910","targetHints":{"allow":["GET"]}}],"collection":[{"href":"https:\/\/cidadecult.com.br\/index.php?rest_route=\/wp\/v2\/posts"}],"about":[{"href":"https:\/\/cidadecult.com.br\/index.php?rest_route=\/wp\/v2\/types\/post"}],"author":[{"embeddable":true,"href":"https:\/\/cidadecult.com.br\/index.php?rest_route=\/wp\/v2\/users\/777"}],"replies":[{"embeddable":true,"href":"https:\/\/cidadecult.com.br\/index.php?rest_route=%2Fwp%2Fv2%2Fcomments&post=14910"}],"version-history":[{"count":1,"href":"https:\/\/cidadecult.com.br\/index.php?rest_route=\/wp\/v2\/posts\/14910\/revisions"}],"predecessor-version":[{"id":14914,"href":"https:\/\/cidadecult.com.br\/index.php?rest_route=\/wp\/v2\/posts\/14910\/revisions\/14914"}],"wp:featuredmedia":[{"embeddable":true,"href":"https:\/\/cidadecult.com.br\/index.php?rest_route=\/wp\/v2\/media\/14913"}],"wp:attachment":[{"href":"https:\/\/cidadecult.com.br\/index.php?rest_route=%2Fwp%2Fv2%2Fmedia&parent=14910"}],"wp:term":[{"taxonomy":"category","embeddable":true,"href":"https:\/\/cidadecult.com.br\/index.php?rest_route=%2Fwp%2Fv2%2Fcategories&post=14910"},{"taxonomy":"post_tag","embeddable":true,"href":"https:\/\/cidadecult.com.br\/index.php?rest_route=%2Fwp%2Fv2%2Ftags&post=14910"}],"curies":[{"name":"wp","href":"https:\/\/api.w.org\/{rel}","templated":true}]}}