{"id":14891,"date":"2025-10-25T12:39:49","date_gmt":"2025-10-25T15:39:49","guid":{"rendered":"https:\/\/cidadecult.com.br\/?p=14891"},"modified":"2025-10-25T12:39:51","modified_gmt":"2025-10-25T15:39:51","slug":"%f0%9f%8e%ac-jafar-panahi-chega-a-sao-paulo-para-a-49a-mostra-com-novo-filme-e-conversa-com-o-publico","status":"publish","type":"post","link":"https:\/\/cidadecult.com.br\/?p=14891","title":{"rendered":"\ud83c\udfac Jafar Panahi chega a S\u00e3o Paulo para a 49\u00aa Mostra com novo filme e conversa com o p\u00fablico"},"content":{"rendered":"\n<h3 class=\"wp-block-heading\"><\/h3>\n\n\n\n<p>O cineasta iraniano <strong>Jafar Panahi<\/strong> est\u00e1 em S\u00e3o Paulo para participar da 49\u00aa Mostra Internacional de Cinema e apresentar seu novo longa, <em>Foi apenas um acidente<\/em>, vencedor da <strong>Palma de Ouro em Cannes<\/strong>. O diretor, que ser\u00e1 homenageado com o <strong>Pr\u00eamio Humanidade<\/strong>, estar\u00e1 presente nas tr\u00eas sess\u00f5es do filme e participar\u00e1 de um bate-papo especial com o p\u00fablico.<\/p>\n\n\n\n<figure class=\"wp-block-image size-large\"><img loading=\"lazy\" decoding=\"async\" width=\"683\" height=\"1024\" src=\"https:\/\/cidadecult.com.br\/wp-content\/uploads\/2025\/10\/JafarPanahi_ByMajidSaeedi-683x1024.jpg\" alt=\"\" class=\"wp-image-14893\" srcset=\"https:\/\/cidadecult.com.br\/wp-content\/uploads\/2025\/10\/JafarPanahi_ByMajidSaeedi-683x1024.jpg 683w, https:\/\/cidadecult.com.br\/wp-content\/uploads\/2025\/10\/JafarPanahi_ByMajidSaeedi-200x300.jpg 200w, https:\/\/cidadecult.com.br\/wp-content\/uploads\/2025\/10\/JafarPanahi_ByMajidSaeedi-768x1152.jpg 768w, https:\/\/cidadecult.com.br\/wp-content\/uploads\/2025\/10\/JafarPanahi_ByMajidSaeedi-1024x1536.jpg 1024w, https:\/\/cidadecult.com.br\/wp-content\/uploads\/2025\/10\/JafarPanahi_ByMajidSaeedi-1365x2048.jpg 1365w, https:\/\/cidadecult.com.br\/wp-content\/uploads\/2025\/10\/JafarPanahi_ByMajidSaeedi-750x1125.jpg 750w, https:\/\/cidadecult.com.br\/wp-content\/uploads\/2025\/10\/JafarPanahi_ByMajidSaeedi-1140x1710.jpg 1140w, https:\/\/cidadecult.com.br\/wp-content\/uploads\/2025\/10\/JafarPanahi_ByMajidSaeedi-scaled.jpg 1707w\" sizes=\"auto, (max-width: 683px) 100vw, 683px\" \/><figcaption class=\"wp-element-caption\">Jafar Panahi &#8211; Cr\u00e9dito: Majid Saeedi<\/figcaption><\/figure>\n\n\n\n<p>Panahi, conhecido por sua ousadia art\u00edstica e resist\u00eancia pol\u00edtica, tem uma longa trajet\u00f3ria com a Mostra. Desde 1995, quando exibiu <em>O bal\u00e3o branco<\/em>, ele vem marcando presen\u00e7a com filmes que desafiam o regime iraniano e emocionam plateias ao redor do mundo. Mesmo proibido de filmar por anos, encontrou formas criativas de seguir produzindo.<\/p>\n\n\n\n<figure class=\"wp-block-image size-large\"><img loading=\"lazy\" decoding=\"async\" width=\"1024\" height=\"549\" src=\"https:\/\/cidadecult.com.br\/wp-content\/uploads\/2025\/10\/Foi-Apenas-um-Acidente\u00a9LesFilmsPelleas_03-1024x549.jpg\" alt=\"\" class=\"wp-image-14894\" srcset=\"https:\/\/cidadecult.com.br\/wp-content\/uploads\/2025\/10\/Foi-Apenas-um-Acidente\u00a9LesFilmsPelleas_03-1024x549.jpg 1024w, https:\/\/cidadecult.com.br\/wp-content\/uploads\/2025\/10\/Foi-Apenas-um-Acidente\u00a9LesFilmsPelleas_03-300x161.jpg 300w, https:\/\/cidadecult.com.br\/wp-content\/uploads\/2025\/10\/Foi-Apenas-um-Acidente\u00a9LesFilmsPelleas_03-768x412.jpg 768w, https:\/\/cidadecult.com.br\/wp-content\/uploads\/2025\/10\/Foi-Apenas-um-Acidente\u00a9LesFilmsPelleas_03-1536x824.jpg 1536w, https:\/\/cidadecult.com.br\/wp-content\/uploads\/2025\/10\/Foi-Apenas-um-Acidente\u00a9LesFilmsPelleas_03-2048x1098.jpg 2048w, https:\/\/cidadecult.com.br\/wp-content\/uploads\/2025\/10\/Foi-Apenas-um-Acidente\u00a9LesFilmsPelleas_03-750x402.jpg 750w, https:\/\/cidadecult.com.br\/wp-content\/uploads\/2025\/10\/Foi-Apenas-um-Acidente\u00a9LesFilmsPelleas_03-1140x611.jpg 1140w\" sizes=\"auto, (max-width: 1024px) 100vw, 1024px\" \/><figcaption class=\"wp-element-caption\">Foi apenas um acidente. (Divulga\u00e7\u00e3o)<\/figcaption><\/figure>\n\n\n\n<p>As sess\u00f5es de <em>Foi apenas um acidente<\/em> acontecem nos dias <strong>27, 28 e 29 de outubro<\/strong> em tr\u00eas diferentes salas da Mostra. Na estreia, dia 27 (segunda-feira), \u00e0s 18h30, na Cinemateca Brasileira, Panahi participa de uma conversa com a diretora do festival, <strong>Renata de Almeida<\/strong>.<\/p>\n\n\n\n<figure class=\"wp-block-image size-large\"><img loading=\"lazy\" decoding=\"async\" width=\"683\" height=\"1024\" src=\"https:\/\/cidadecult.com.br\/wp-content\/uploads\/2025\/10\/1.-Renata-de-Almeida-diretora-da-Mostra-Internacional-_-credito-Mario-Miranda-Filho_agenciafoto.com_-683x1024.jpg\" alt=\"\" class=\"wp-image-14892\" srcset=\"https:\/\/cidadecult.com.br\/wp-content\/uploads\/2025\/10\/1.-Renata-de-Almeida-diretora-da-Mostra-Internacional-_-credito-Mario-Miranda-Filho_agenciafoto.com_-683x1024.jpg 683w, https:\/\/cidadecult.com.br\/wp-content\/uploads\/2025\/10\/1.-Renata-de-Almeida-diretora-da-Mostra-Internacional-_-credito-Mario-Miranda-Filho_agenciafoto.com_-200x300.jpg 200w, https:\/\/cidadecult.com.br\/wp-content\/uploads\/2025\/10\/1.-Renata-de-Almeida-diretora-da-Mostra-Internacional-_-credito-Mario-Miranda-Filho_agenciafoto.com_-768x1152.jpg 768w, https:\/\/cidadecult.com.br\/wp-content\/uploads\/2025\/10\/1.-Renata-de-Almeida-diretora-da-Mostra-Internacional-_-credito-Mario-Miranda-Filho_agenciafoto.com_-1024x1536.jpg 1024w, https:\/\/cidadecult.com.br\/wp-content\/uploads\/2025\/10\/1.-Renata-de-Almeida-diretora-da-Mostra-Internacional-_-credito-Mario-Miranda-Filho_agenciafoto.com_-1365x2048.jpg 1365w, https:\/\/cidadecult.com.br\/wp-content\/uploads\/2025\/10\/1.-Renata-de-Almeida-diretora-da-Mostra-Internacional-_-credito-Mario-Miranda-Filho_agenciafoto.com_-750x1125.jpg 750w, https:\/\/cidadecult.com.br\/wp-content\/uploads\/2025\/10\/1.-Renata-de-Almeida-diretora-da-Mostra-Internacional-_-credito-Mario-Miranda-Filho_agenciafoto.com_-1140x1710.jpg 1140w, https:\/\/cidadecult.com.br\/wp-content\/uploads\/2025\/10\/1.-Renata-de-Almeida-diretora-da-Mostra-Internacional-_-credito-Mario-Miranda-Filho_agenciafoto.com_-scaled.jpg 1707w\" sizes=\"auto, (max-width: 683px) 100vw, 683px\" \/><figcaption class=\"wp-element-caption\">Renata de Almeida &#8211; diretora da Mostra Internacional &#8211; Cr\u00e9dito: Mario Miranda Filho<\/figcaption><\/figure>\n\n\n\n<p>O filme, distribu\u00eddo no Brasil por <strong>MUBI e Imovision<\/strong>, come\u00e7a com um pequeno acidente, mas logo mergulha em uma trama de consequ\u00eancias inesperadas \u2014 uma met\u00e1fora potente sobre o cotidiano e os sistemas de poder.<\/p>\n\n\n\n<h4 class=\"wp-block-heading\">\ud83d\udcc5 Sess\u00f5es de <em>Foi apenas um acidente<\/em>:<\/h4>\n\n\n\n<ul class=\"wp-block-list\">\n<li><strong>27\/10, 18h30<\/strong> \u2013 Sala Petrobras na Mostra (Cinemateca Brasileira) \u2013 com debate com o diretor<\/li>\n\n\n\n<li><strong>28\/10, 17h15<\/strong> \u2013 Cultura Art\u00edstica<\/li>\n\n\n\n<li><strong>29\/10, 20h40<\/strong> \u2013 Reserva Cultural \u2013 Sala 1<\/li>\n<\/ul>\n\n\n\n<p>Al\u00e9m de ser um dos grandes nomes do cinema iraniano, Panahi j\u00e1 recebeu pr\u00eamios em Cannes, Veneza e Berlim, incluindo o Urso de Ouro por <em>T\u00e1xi Teer\u00e3<\/em> e o Le\u00e3o de Ouro por <em>O c\u00edrculo<\/em>. Em 2022, voltou a ser preso por sua atua\u00e7\u00e3o cr\u00edtica, sendo libertado em 2023 ap\u00f3s greve de fome.<\/p>\n\n\n\n<p>A presen\u00e7a de Panahi na Mostra \u00e9 um gesto simb\u00f3lico de resist\u00eancia art\u00edstica e celebra\u00e7\u00e3o da liberdade de express\u00e3o. Sua trajet\u00f3ria \u00e9 marcada pela coragem de filmar o invis\u00edvel \u2014 mesmo quando o mundo tenta silenciar.<\/p>\n","protected":false},"excerpt":{"rendered":"<p>O cineasta iraniano Jafar Panahi est\u00e1 em S\u00e3o Paulo para participar da 49\u00aa Mostra Internacional de Cinema e apresentar seu novo longa, Foi apenas um acidente, vencedor da Palma de Ouro em Cannes. O diretor, que ser\u00e1 homenageado com o Pr\u00eamio Humanidade, estar\u00e1 presente nas tr\u00eas sess\u00f5es do filme e participar\u00e1 de um bate-papo especial [&hellip;]<\/p>\n","protected":false},"author":777,"featured_media":14895,"comment_status":"open","ping_status":"open","sticky":false,"template":"","format":"standard","meta":{"_monsterinsights_skip_tracking":false,"_monsterinsights_sitenote_active":false,"_monsterinsights_sitenote_note":"","_monsterinsights_sitenote_category":0,"footnotes":""},"categories":[232],"tags":[235,5431,5432,5429],"class_list":["post-14891","post","type-post","status-publish","format-standard","has-post-thumbnail","hentry","category-cinema","tag-cinema","tag-foi-apenas-um-acidente","tag-jafar-panahi","tag-renata-de-almeida"],"_links":{"self":[{"href":"https:\/\/cidadecult.com.br\/index.php?rest_route=\/wp\/v2\/posts\/14891","targetHints":{"allow":["GET"]}}],"collection":[{"href":"https:\/\/cidadecult.com.br\/index.php?rest_route=\/wp\/v2\/posts"}],"about":[{"href":"https:\/\/cidadecult.com.br\/index.php?rest_route=\/wp\/v2\/types\/post"}],"author":[{"embeddable":true,"href":"https:\/\/cidadecult.com.br\/index.php?rest_route=\/wp\/v2\/users\/777"}],"replies":[{"embeddable":true,"href":"https:\/\/cidadecult.com.br\/index.php?rest_route=%2Fwp%2Fv2%2Fcomments&post=14891"}],"version-history":[{"count":1,"href":"https:\/\/cidadecult.com.br\/index.php?rest_route=\/wp\/v2\/posts\/14891\/revisions"}],"predecessor-version":[{"id":14896,"href":"https:\/\/cidadecult.com.br\/index.php?rest_route=\/wp\/v2\/posts\/14891\/revisions\/14896"}],"wp:featuredmedia":[{"embeddable":true,"href":"https:\/\/cidadecult.com.br\/index.php?rest_route=\/wp\/v2\/media\/14895"}],"wp:attachment":[{"href":"https:\/\/cidadecult.com.br\/index.php?rest_route=%2Fwp%2Fv2%2Fmedia&parent=14891"}],"wp:term":[{"taxonomy":"category","embeddable":true,"href":"https:\/\/cidadecult.com.br\/index.php?rest_route=%2Fwp%2Fv2%2Fcategories&post=14891"},{"taxonomy":"post_tag","embeddable":true,"href":"https:\/\/cidadecult.com.br\/index.php?rest_route=%2Fwp%2Fv2%2Ftags&post=14891"}],"curies":[{"name":"wp","href":"https:\/\/api.w.org\/{rel}","templated":true}]}}