{"id":14885,"date":"2025-10-24T15:08:47","date_gmt":"2025-10-24T18:08:47","guid":{"rendered":"https:\/\/cidadecult.com.br\/?p=14885"},"modified":"2025-10-24T15:08:49","modified_gmt":"2025-10-24T18:08:49","slug":"um-quarto-lanca-fora-do-lugar-e-transforma-imperfeicao-em-harmonia","status":"publish","type":"post","link":"https:\/\/cidadecult.com.br\/?p=14885","title":{"rendered":"Um quarto lan\u00e7a &#8220;Fora do lugar&#8221; e transforma imperfei\u00e7\u00e3o em harmonia"},"content":{"rendered":"\n<p><em>Foto\/divulga\u00e7\u00e3o<\/em><\/p>\n\n\n\n<p><strong>Gravado ao vivo, sem metr\u00f4nomo, \u00e1lbum celebra o encontro humano em tempos de intelig\u00eancia artificial<\/strong>. <\/p>\n\n\n\n<p>H\u00e1 discos que soam como manifesto e \u201cFora de lugar\u201d, o novo trabalho do &#8220;<strong>Um quarto<\/strong>&#8220;, \u00e9 um deles. Em meio a uma era de intelig\u00eancias artificiais e produ\u00e7\u00f5es hipereditadas, o grupo de Florian\u00f3polis (SC) escolheu o caminho oposto: gravar <strong>tudo ao vivo<\/strong>, com <strong>todos os m\u00fasicos na mesma sala<\/strong>, respirando o mesmo ar e o mesmo tempo. O resultado \u00e9 um som cru, quente e pulsante, que chega \u00e0s plataformas no <strong>dia 28 de outubro<\/strong>.<\/p>\n\n\n\n<p>O \u00e1lbum traz <strong>oito faixas<\/strong> e sucede os singles \u201cCaf\u00e9 com leite\u201d (2024) e \u201cO roxo e o verde\u201d (2025). \u00c9 o primeiro registro completo da nova forma\u00e7\u00e3o da banda, <strong>Mayer Soares<\/strong>, <strong>Rafael Salib<\/strong>, <strong>Rafa Nogueira<\/strong> e <strong>Bernardo Flesch<\/strong> e tamb\u00e9m o mais colaborativo. Cada integrante comp\u00f5e, canta e imprime sua identidade, criando um mosaico sonoro que mistura <strong>rock progressivo, blues, jazz e m\u00fasica brasileira<\/strong>.<\/p>\n\n\n\n<blockquote class=\"wp-block-quote is-layout-flow wp-block-quote-is-layout-flow\">\n<p>\u201cQuer\u00edamos que o disco soasse como nossos shows: com energia, alma e pequenas imperfei\u00e7\u00f5es. Foi um exerc\u00edcio de confian\u00e7a, porque gravar sem click track \u00e9 deixar o som respirar como gente de verdade\u201d, explica o baixista e vocalista <strong>Mayer Soares<\/strong>.<\/p>\n<\/blockquote>\n\n\n\n<p>Inspirado em bandas como <strong>Moto Perp\u00e9tuo<\/strong>, <strong><em>Invisible<\/em><\/strong> e <strong>La M\u00e1quina de Hacer P\u00e1jaros<\/strong>, o &#8220;Um quarto&#8221; apostou em uma grava\u00e7\u00e3o \u201c\u00e0 moda antiga\u201d, com poucos <em>overdubs<\/em> e total entrega. Essa escolha \u00e9 tamb\u00e9m uma declara\u00e7\u00e3o art\u00edstica.<\/p>\n\n\n\n<blockquote class=\"wp-block-quote is-layout-flow wp-block-quote-is-layout-flow\">\n<p><em>\u201cFora de Lugar \u00e9, de certa forma, um grito contra o excesso de tecnologia. O \u00faltimo verso do disco \u00e9 \u2018&#8230;n\u00e3o tem IA!\u2019. N\u00e3o \u00e9 sobre negar o futuro, mas sobre lembrar que a arte nasce de m\u00e3os, vozes e emo\u00e7\u00f5es reais\u201d<\/em>, diz Mayer.<\/p>\n<\/blockquote>\n\n\n\n<p>Mais leve e bem-humorado nas letras, o \u00e1lbum brinca com a pr\u00f3pria imperfei\u00e7\u00e3o: os desencontros de ritmo, o som que vaza de um microfone para outro, o improviso que vira parte da composi\u00e7\u00e3o. Tudo isso \u00e9 o que torna &#8220;Fora de lugar&#8221; t\u00e3o <em>\u201cno lugar certo\u201d.<\/em><\/p>\n\n\n\n<p>A capa, assinada pela artista <strong>V\u00eannus (Josi Santos)<\/strong> com fotos de <strong>Manu D\u2019E\u00e7a<\/strong>, traduz essa ideia com uma colagem de rostos sobrepostos, cada peda\u00e7o representando um integrante, cada fragmento compondo um todo. \u00c9 a s\u00edntese do<em> &#8220;Um quarto: quatro vozes, um mesmo corpo sonoro&#8221;.<\/em><\/p>\n\n\n\n<p><strong>Ficha t\u00e9cnica<\/strong>: <br><em><strong>&#8220;Um quarto&#8221;<\/strong><\/em> \u00e9 formado por <strong>Mayer Soares (baixo, voz);                                                                                                Rafael Salib (guitarra, voz);                                                                                                                                            Rafa Nogueira (bateria, voz) e Bernardo Flesch (teclas, voz).<\/strong><br><strong>Produ\u00e7\u00e3o musical:<\/strong> <strong>Felippe Pompeo<\/strong><br>Grava\u00e7\u00e3o: <strong>Maur\u00edcio Peixoto<\/strong> (B\u00e1rbaro Est\u00fadio)<br>Mixagem: <strong>Mayer Soares<\/strong> com <strong>Jo\u00e3o Peters<\/strong> (assistente)<br>Edi\u00e7\u00e3o: <strong>Lucas de S\u00e1<\/strong> (Lab de S\u00e1)<br>Masteriza\u00e7\u00e3o: <strong>Xei<\/strong><br>Arte gr\u00e1fica: <strong>V\u00eannus (Josi Santos)<\/strong><br>Fotos: <strong>Manu D\u2019E\u00e7a<\/strong><br>Produ\u00e7\u00e3o executiva: <strong>Emanueli Dalsasso<\/strong> (Dalsasso Produtora)<br>Assessoria de imprensa: <strong>Orbe Comunica\u00e7\u00e3o<\/strong><\/p>\n\n\n\n<p>\ud83c\udfa7 <strong>Pr\u00e9-save:<\/strong> <a href=\"https:\/\/tratore.ffm.to\/foradelugar\">tratore.ffm.to\/foradelugar<\/a><br>\ud83c\udfa5 <strong>Assista ao clipe \u201cCaf\u00e9 com Leite\u201d:<\/strong> <a href=\"https:\/\/youtu.be\/RjbpmuVK8-g\">youtu.be\/RjbpmuVK8-g<\/a><br>\ud83d\udd17 <strong>Acompanhe o UmQuarto:<\/strong> <a href=\"https:\/\/linktr.ee\/umquarto\">linktr.ee\/umquarto<\/a><\/p>\n","protected":false},"excerpt":{"rendered":"<p>Foto\/divulga\u00e7\u00e3o Gravado ao vivo, sem metr\u00f4nomo, \u00e1lbum celebra o encontro humano em tempos de intelig\u00eancia artificial. H\u00e1 discos que soam como manifesto e \u201cFora de lugar\u201d, o novo trabalho do &#8220;Um quarto&#8220;, \u00e9 um deles. Em meio a uma era de intelig\u00eancias artificiais e produ\u00e7\u00f5es hipereditadas, o grupo de Florian\u00f3polis (SC) escolheu o caminho oposto: [&hellip;]<\/p>\n","protected":false},"author":1441,"featured_media":14886,"comment_status":"open","ping_status":"open","sticky":false,"template":"","format":"standard","meta":{"_monsterinsights_skip_tracking":false,"_monsterinsights_sitenote_active":false,"_monsterinsights_sitenote_note":"","_monsterinsights_sitenote_category":0,"footnotes":""},"categories":[1],"tags":[],"class_list":["post-14885","post","type-post","status-publish","format-standard","has-post-thumbnail","hentry","category-sem-categoria"],"_links":{"self":[{"href":"https:\/\/cidadecult.com.br\/index.php?rest_route=\/wp\/v2\/posts\/14885","targetHints":{"allow":["GET"]}}],"collection":[{"href":"https:\/\/cidadecult.com.br\/index.php?rest_route=\/wp\/v2\/posts"}],"about":[{"href":"https:\/\/cidadecult.com.br\/index.php?rest_route=\/wp\/v2\/types\/post"}],"author":[{"embeddable":true,"href":"https:\/\/cidadecult.com.br\/index.php?rest_route=\/wp\/v2\/users\/1441"}],"replies":[{"embeddable":true,"href":"https:\/\/cidadecult.com.br\/index.php?rest_route=%2Fwp%2Fv2%2Fcomments&post=14885"}],"version-history":[{"count":1,"href":"https:\/\/cidadecult.com.br\/index.php?rest_route=\/wp\/v2\/posts\/14885\/revisions"}],"predecessor-version":[{"id":14887,"href":"https:\/\/cidadecult.com.br\/index.php?rest_route=\/wp\/v2\/posts\/14885\/revisions\/14887"}],"wp:featuredmedia":[{"embeddable":true,"href":"https:\/\/cidadecult.com.br\/index.php?rest_route=\/wp\/v2\/media\/14886"}],"wp:attachment":[{"href":"https:\/\/cidadecult.com.br\/index.php?rest_route=%2Fwp%2Fv2%2Fmedia&parent=14885"}],"wp:term":[{"taxonomy":"category","embeddable":true,"href":"https:\/\/cidadecult.com.br\/index.php?rest_route=%2Fwp%2Fv2%2Fcategories&post=14885"},{"taxonomy":"post_tag","embeddable":true,"href":"https:\/\/cidadecult.com.br\/index.php?rest_route=%2Fwp%2Fv2%2Ftags&post=14885"}],"curies":[{"name":"wp","href":"https:\/\/api.w.org\/{rel}","templated":true}]}}