{"id":14880,"date":"2025-10-24T14:48:21","date_gmt":"2025-10-24T17:48:21","guid":{"rendered":"https:\/\/cidadecult.com.br\/?p=14880"},"modified":"2025-10-24T14:51:32","modified_gmt":"2025-10-24T17:51:32","slug":"blas-cozinha-de-culturas-celebra-o-dia-do-macarrao-com-receitas-especiais","status":"publish","type":"post","link":"https:\/\/cidadecult.com.br\/?p=14880","title":{"rendered":"Bla\u2019s Cozinha de Culturas celebra o Dia do Macarr\u00e3o com receitas especiais"},"content":{"rendered":"\n<p><em>Foto\/divulga\u00e7\u00e3o<\/em><\/p>\n\n\n\n<p>\ud83c\udf5d <strong>Sabores que atravessam fronteiras e conquistam todos os paladares<\/strong><\/p>\n\n\n\n<p>O <strong>Dia do Macarr\u00e3o<\/strong>, celebrado em <strong>25 de outubro<\/strong>, \u00e9 uma homenagem a um dos pratos mais amados e vers\u00e1teis do mundo s\u00edmbolo de uni\u00e3o, tradi\u00e7\u00e3o e sabor \u00e0 mesa. E em Bras\u00edlia, a data ganha um toque autoral no <strong>Bla\u2019s Cozinha de Culturas<\/strong>, na 406 Norte, que preparou um menu especial para celebrar a ocasi\u00e3o.<\/p>\n\n\n\n<p>Entre os destaques est\u00e1 o <strong>Surf n Turf na brasa (R$ 99,90)<\/strong>, uma combina\u00e7\u00e3o irresist\u00edvel de <strong>ancho grelhado no josper, camar\u00e3o, demi glace, fettuccine, molho branco e queijos<\/strong>, que une o sabor do mar e da terra sob o toque defumado da brasa.<\/p>\n\n\n\n<p>Os cl\u00e1ssicos tamb\u00e9m marcam presen\u00e7a com o tradicional <strong>parmegiana<\/strong>, dispon\u00edvel nas vers\u00f5es de <strong>carne (R$ 69,90)<\/strong> ou <strong>frango (R$ 59,90)<\/strong>, acompanhadas de massa ao <strong>aioli<\/strong> ou <strong>sugo<\/strong>, conforme a prefer\u00eancia do cliente. J\u00e1 quem busca uma op\u00e7\u00e3o vegetariana pode apostar na <strong>massa ao molho de tomates (R$ 69)<\/strong>, preparada com <strong>mozzarella de b\u00fafala e manjeric\u00e3o fresco<\/strong>, que traz equil\u00edbrio e leveza ao card\u00e1pio.<\/p>\n\n\n\n<p>Para as crian\u00e7as, o restaurante oferece o prato infantil <strong>Terra do Nunca (R$ 39,90)<\/strong>, uma combina\u00e7\u00e3o de <strong>picadinho de carne e macarr\u00e3o ao molho de tomate<\/strong>, pensada especialmente para os pequenos apreciadores da boa culin\u00e1ria.<\/p>\n\n\n\n<p>\u00c0 frente da cozinha, o chef <strong>Gabriel Bla\u2019s<\/strong> destaca que a data \u00e9 um convite para celebrar a uni\u00e3o entre culturas e sabores.<\/p>\n\n\n\n<blockquote class=\"wp-block-quote is-layout-flow wp-block-quote-is-layout-flow\">\n<p>\u201cO macarr\u00e3o \u00e9 um prato que ultrapassa fronteiras. No Bla\u2019s, nossa proposta \u00e9 justamente essa: reunir diferentes influ\u00eancias em uma experi\u00eancia \u00fanica, feita na brasa e cheia de personalidade\u201d, afirma o chef.<\/p>\n<\/blockquote>\n\n\n\n<p>Com criatividade e paix\u00e3o, o <strong>Bla\u2019s Cozinha de Culturas<\/strong> transforma o Dia do Macarr\u00e3o em uma verdadeira celebra\u00e7\u00e3o da diversidade gastron\u00f4mica e do prazer de comer bem.<\/p>\n\n\n\n<p><strong>Servi\u00e7o<\/strong>&#8211; <strong>Bla\u2019s Cozinha Criativa<\/strong>: <br>Endere\u00e7o: CLN 406 Bloco D Loja 38 \u2013 Asa Norte, Bras\u00edlia;<br>\ud83d\udcde Telefone: (61) 3879-3430;<br>\ud83d\udd50 Hor\u00e1rio de funcionamento:<\/p>\n\n\n\n<ul class=\"wp-block-list\">\n<li>Ter\u00e7a a s\u00e1bado: 12h \u00e0s 16h<\/li>\n\n\n\n<li>Quarta a s\u00e1bado: 19h \u00e0s 23h<\/li>\n\n\n\n<li>Domingo: 12h \u00e0s 16h<br>\ud83d\udcf2 Instagram: <a href=\"https:\/\/www.instagram.com\/blas406\">@blas406<\/a><\/li>\n<\/ul>\n","protected":false},"excerpt":{"rendered":"<p>Foto\/divulga\u00e7\u00e3o \ud83c\udf5d Sabores que atravessam fronteiras e conquistam todos os paladares O Dia do Macarr\u00e3o, celebrado em 25 de outubro, \u00e9 uma homenagem a um dos pratos mais amados e vers\u00e1teis do mundo s\u00edmbolo de uni\u00e3o, tradi\u00e7\u00e3o e sabor \u00e0 mesa. E em Bras\u00edlia, a data ganha um toque autoral no Bla\u2019s Cozinha de Culturas, [&hellip;]<\/p>\n","protected":false},"author":1441,"featured_media":14883,"comment_status":"open","ping_status":"open","sticky":false,"template":"","format":"standard","meta":{"_monsterinsights_skip_tracking":false,"_monsterinsights_sitenote_active":false,"_monsterinsights_sitenote_note":"","_monsterinsights_sitenote_category":0,"footnotes":""},"categories":[41,17,34],"tags":[],"class_list":["post-14880","post","type-post","status-publish","format-standard","has-post-thumbnail","hentry","category-agenda","category-bsb","category-destaque"],"_links":{"self":[{"href":"https:\/\/cidadecult.com.br\/index.php?rest_route=\/wp\/v2\/posts\/14880","targetHints":{"allow":["GET"]}}],"collection":[{"href":"https:\/\/cidadecult.com.br\/index.php?rest_route=\/wp\/v2\/posts"}],"about":[{"href":"https:\/\/cidadecult.com.br\/index.php?rest_route=\/wp\/v2\/types\/post"}],"author":[{"embeddable":true,"href":"https:\/\/cidadecult.com.br\/index.php?rest_route=\/wp\/v2\/users\/1441"}],"replies":[{"embeddable":true,"href":"https:\/\/cidadecult.com.br\/index.php?rest_route=%2Fwp%2Fv2%2Fcomments&post=14880"}],"version-history":[{"count":2,"href":"https:\/\/cidadecult.com.br\/index.php?rest_route=\/wp\/v2\/posts\/14880\/revisions"}],"predecessor-version":[{"id":14884,"href":"https:\/\/cidadecult.com.br\/index.php?rest_route=\/wp\/v2\/posts\/14880\/revisions\/14884"}],"wp:featuredmedia":[{"embeddable":true,"href":"https:\/\/cidadecult.com.br\/index.php?rest_route=\/wp\/v2\/media\/14883"}],"wp:attachment":[{"href":"https:\/\/cidadecult.com.br\/index.php?rest_route=%2Fwp%2Fv2%2Fmedia&parent=14880"}],"wp:term":[{"taxonomy":"category","embeddable":true,"href":"https:\/\/cidadecult.com.br\/index.php?rest_route=%2Fwp%2Fv2%2Fcategories&post=14880"},{"taxonomy":"post_tag","embeddable":true,"href":"https:\/\/cidadecult.com.br\/index.php?rest_route=%2Fwp%2Fv2%2Ftags&post=14880"}],"curies":[{"name":"wp","href":"https:\/\/api.w.org\/{rel}","templated":true}]}}