{"id":14651,"date":"2025-10-08T12:46:16","date_gmt":"2025-10-08T15:46:16","guid":{"rendered":"https:\/\/cidadecult.com.br\/?p=14651"},"modified":"2025-10-08T12:46:22","modified_gmt":"2025-10-08T15:46:22","slug":"veronica-moreno-e-o-teatro-da-transformacao-um-legado-que-inspira-geracoes","status":"publish","type":"post","link":"https:\/\/cidadecult.com.br\/?p=14651","title":{"rendered":"\u201cVer\u00f4nica Moreno e o Teatro da Transforma\u00e7\u00e3o\u201d: um legado que inspira gera\u00e7\u00f5es"},"content":{"rendered":"\n<p><em>Foto\/divulga\u00e7\u00e3o<\/em><\/p>\n\n\n\n<p>O cen\u00e1rio teatral de Samambaia e do Distrito Federal ganha nova luz com o document\u00e1rio <strong>\u201cVer\u00f4nica Moreno e o Teatro da Transforma\u00e7\u00e3o\u201d<\/strong>, j\u00e1 dispon\u00edvel no YouTube. A produ\u00e7\u00e3o da ARA Filmes homenageia <strong>Ver\u00f4nica Moreno<\/strong>, atriz, diretora e professora cuja trajet\u00f3ria moldou e inspirou a cena cultural local.<\/p>\n\n\n\n<p>O filme mergulha em mem\u00f3rias, poesia e desafios, retratando n\u00e3o apenas a vida da artista, mas tamb\u00e9m a cria\u00e7\u00e3o do <strong>Festival de Teatro Ver\u00f4nica Moreno<\/strong>, evento que perpetua seu legado e celebra a for\u00e7a da arte como agente de transforma\u00e7\u00e3o social.<\/p>\n\n\n\n<p>Para <strong>Alan Mariano<\/strong>, produtor e diretor do Imagin\u00e1rio Cultural, o document\u00e1rio \u00e9 tamb\u00e9m uma forma de reconhecimento:<\/p>\n\n\n\n<blockquote class=\"wp-block-quote is-layout-flow wp-block-quote-is-layout-flow\">\n<p>\u201cCelebrar Ver\u00f4nica Moreno \u00e9 valorizar a nossa hist\u00f3ria enquanto cidade e comunidade cultural. \u00c9 dar luz a quem ajudou a construir um teatro vivo e pulsante em Samambaia.\u201d<\/p>\n<\/blockquote>\n\n\n\n<p>Gravado durante a realiza\u00e7\u00e3o do festival, o filme mostra os obst\u00e1culos de produzir teatro no DF, como a forma\u00e7\u00e3o de p\u00fablico e a resist\u00eancia art\u00edstica, mas tamb\u00e9m evidencia a pot\u00eancia do trabalho coletivo e das solu\u00e7\u00f5es criativas que surgem na pr\u00e1tica do fazer teatral. Segundo <strong>Ana Izetti<\/strong>, diretora do document\u00e1rio:<\/p>\n\n\n\n<blockquote class=\"wp-block-quote is-layout-flow wp-block-quote-is-layout-flow\">\n<p>\u201cAo contar a hist\u00f3ria da Ver\u00f4nica, contamos a hist\u00f3ria de todos que mant\u00eam vivo o teatro da cidade.\u201d<\/p>\n<\/blockquote>\n\n\n\n<p>O lan\u00e7amento aconteceu durante o <strong>II Festival de Teatro Ver\u00f4nica Moreno<\/strong>, emocionando p\u00fablico e familiares da atriz. Agora, dispon\u00edvel online, o document\u00e1rio convida a todos a conhecerem e revisitar a vida de uma mulher que transformou a arte em inspira\u00e7\u00e3o e comunidade.<\/p>\n\n\n\n<p>\ud83c\udfac <strong>Assista ao document\u00e1rio completo:<\/strong> <a href=\"https:\/\/www.youtube.com\/watch?v=DDiAeTUZi74\">YouTube \u2013 Imagin\u00e1rio Cultural<\/a><\/p>\n","protected":false},"excerpt":{"rendered":"<p>Foto\/divulga\u00e7\u00e3o O cen\u00e1rio teatral de Samambaia e do Distrito Federal ganha nova luz com o document\u00e1rio \u201cVer\u00f4nica Moreno e o Teatro da Transforma\u00e7\u00e3o\u201d, j\u00e1 dispon\u00edvel no YouTube. A produ\u00e7\u00e3o da ARA Filmes homenageia Ver\u00f4nica Moreno, atriz, diretora e professora cuja trajet\u00f3ria moldou e inspirou a cena cultural local. O filme mergulha em mem\u00f3rias, poesia e [&hellip;]<\/p>\n","protected":false},"author":1441,"featured_media":14652,"comment_status":"open","ping_status":"open","sticky":false,"template":"","format":"standard","meta":{"_monsterinsights_skip_tracking":false,"_monsterinsights_sitenote_active":false,"_monsterinsights_sitenote_note":"","_monsterinsights_sitenote_category":0,"footnotes":""},"categories":[41,2569,17,34,401],"tags":[5404,5402],"class_list":["post-14651","post","type-post","status-publish","format-standard","has-post-thumbnail","hentry","category-agenda","category-arte","category-bsb","category-destaque","category-teatro","tag-inspirageracoes","tag-veronicamoreno"],"_links":{"self":[{"href":"https:\/\/cidadecult.com.br\/index.php?rest_route=\/wp\/v2\/posts\/14651","targetHints":{"allow":["GET"]}}],"collection":[{"href":"https:\/\/cidadecult.com.br\/index.php?rest_route=\/wp\/v2\/posts"}],"about":[{"href":"https:\/\/cidadecult.com.br\/index.php?rest_route=\/wp\/v2\/types\/post"}],"author":[{"embeddable":true,"href":"https:\/\/cidadecult.com.br\/index.php?rest_route=\/wp\/v2\/users\/1441"}],"replies":[{"embeddable":true,"href":"https:\/\/cidadecult.com.br\/index.php?rest_route=%2Fwp%2Fv2%2Fcomments&post=14651"}],"version-history":[{"count":1,"href":"https:\/\/cidadecult.com.br\/index.php?rest_route=\/wp\/v2\/posts\/14651\/revisions"}],"predecessor-version":[{"id":14653,"href":"https:\/\/cidadecult.com.br\/index.php?rest_route=\/wp\/v2\/posts\/14651\/revisions\/14653"}],"wp:featuredmedia":[{"embeddable":true,"href":"https:\/\/cidadecult.com.br\/index.php?rest_route=\/wp\/v2\/media\/14652"}],"wp:attachment":[{"href":"https:\/\/cidadecult.com.br\/index.php?rest_route=%2Fwp%2Fv2%2Fmedia&parent=14651"}],"wp:term":[{"taxonomy":"category","embeddable":true,"href":"https:\/\/cidadecult.com.br\/index.php?rest_route=%2Fwp%2Fv2%2Fcategories&post=14651"},{"taxonomy":"post_tag","embeddable":true,"href":"https:\/\/cidadecult.com.br\/index.php?rest_route=%2Fwp%2Fv2%2Ftags&post=14651"}],"curies":[{"name":"wp","href":"https:\/\/api.w.org\/{rel}","templated":true}]}}