{"id":1458,"date":"2023-10-18T14:20:46","date_gmt":"2023-10-18T17:20:46","guid":{"rendered":"https:\/\/cidadecult.com.br\/?p=1458"},"modified":"2024-01-15T21:29:54","modified_gmt":"2024-01-16T00:29:54","slug":"seminario-discute-combate-e-prevencao-ao-assedio-no-setor-publico","status":"publish","type":"post","link":"https:\/\/cidadecult.com.br\/?p=1458","title":{"rendered":"Semin\u00e1rio discute combate e preven\u00e7\u00e3o ao ass\u00e9dio no setor p\u00fablico."},"content":{"rendered":"\n<p>Evento promovido pela Escola de Governo ocorreu, quinta (21) e sexta-feira (22), no audit\u00f3rio da Pol\u00edcia Civil e reuniu servidores de v\u00e1rios \u00f3rg\u00e3os do GDF<\/p>\n\n\n\n<p>Ag\u00eancia Bras\u00edlia* | Edi\u00e7\u00e3o: Igor Silveira<\/p>\n\n\n\n<ul class=\"wp-block-list\"><li><a href=\"https:\/\/www.agenciabrasilia.df.gov.br\/categoria\/egov\">EGOV<\/a><\/li><li><a href=\"https:\/\/www.agenciabrasilia.df.gov.br\/categoria\/gdf\">GDF<\/a><\/li><li><a href=\"https:\/\/www.agenciabrasilia.df.gov.br\/categoria\/gestao\">GEST\u00c3O<\/a><\/li><li><a href=\"https:\/\/www.agenciabrasilia.df.gov.br\/categoria\/seplad\">SEPLAD<\/a><\/li><\/ul>\n\n\n\n<p><a href=\"https:\/\/www.facebook.com\/sharer.php?u=https:\/\/www.agenciabrasilia.df.gov.br\/2023\/09\/22\/seminario-discute-combate-e-prevencao-ao-assedio-no-setor-publico\/\" target=\"_blank\" rel=\"noreferrer noopener\">&nbsp;Facebook<\/a><a target=\"_blank\" href=\"https:\/\/api.whatsapp.com\/send?text=https:\/\/www.agenciabrasilia.df.gov.br\/2023\/09\/22\/seminario-discute-combate-e-prevencao-ao-assedio-no-setor-publico\/\" rel=\"noreferrer noopener\">&nbsp;Encaminhar<\/a><\/p>\n\n\n\n<p>A Escola de Governo (Egov), da Secretaria de Planejamento, Or\u00e7amento e Administra\u00e7\u00e3o (Seplad-DF),&nbsp; promoveu, quinta (21) e sexta-feira (22), o 3\u00ba Semin\u00e1rio de Combate e Preven\u00e7\u00e3o ao Ass\u00e9dio no Setor P\u00fablico. O evento, realizado no audit\u00f3rio da Pol\u00edcia Civil do Distrito Federal (PCDF), abordou quest\u00f5es cruciais relacionadas ao ass\u00e9dio no ambiente de trabalho do setor p\u00fablico.<\/p>\n\n\n\n<p>A abertura do evento contou com a presen\u00e7a de autoridades governamentais, que destacaram a import\u00e2ncia do tema para promover um ambiente de trabalho mais saud\u00e1vel e produtivo. Juliana Tolentino, diretora-executiva da Egov, foi a primeira a falar dando boas-vindas e comentando a parceria para a realiza\u00e7\u00e3o da atividade. \u201cSabemos que o ass\u00e9dio existe na sociedade, que muitas vezes se mostra machista, sexista e mis\u00f3gina, consequentemente, o ass\u00e9dio no trabalho \u00e9 cultural. E para haver mudan\u00e7as culturais \u00e9 necess\u00e1rio capacitar. \u00c9 compromisso da Egov incentivar essa tem\u00e1tica no GDF por meio de cursos, palestras e semin\u00e1rios. \u00c9 importante se proteger e tamb\u00e9m n\u00e3o ser o causador do ass\u00e9dio.\u201d<\/p>\n\n\n\n<figure class=\"wp-block-image\"><img decoding=\"async\" src=\"http:\/\/agenciabrasilia.df.gov.br\/wp-conteudo\/uploads\/2023\/09\/image112.jpeg\" alt=\"\" class=\"wp-image-547306\"\/><figcaption>O semin\u00e1rio levou aos 350 ouvintes presentes a discuss\u00e3o e a busca por solu\u00e7\u00f5es eficazes a fim de combater e prevenir o ass\u00e9dio dentro das institui\u00e7\u00f5es governamentais | Foto: Divulga\u00e7\u00e3o\/Egov<\/figcaption><\/figure>\n\n\n\n<p>\u201cEste semin\u00e1rio \u00e9 uma oportunidade valiosa para a troca de conhecimento e experi\u00eancias entre profissionais do setor p\u00fablico. Esperamos que, por meio das discuss\u00f5es e colabora\u00e7\u00f5es aqui realizadas, possamos contribuir para a constru\u00e7\u00e3o de institui\u00e7\u00f5es mais \u00e9ticas e respeitosas\u201d, ressaltou o secret\u00e1rio-executivo de Gest\u00e3o da Seplad-DF, \u00c2ngelo Roncalli.<\/p>\n\n\n\n<p>A abertura contou tamb\u00e9m com a presen\u00e7a da secret\u00e1ria da Mulher (SMDF), Giselle Ferreira de Oliveira; do secret\u00e1rio de Fazenda, Itamar Feitosa; do controlador-geral substituto da Controladoria-Geral do Distrito Federal, Breno Albuquerque; da procuradora regional da Rep\u00fablica do Minist\u00e9rio P\u00fablico Federal (MPF) Ana Paula Mantovani Siqueira; do secret\u00e1rio-executivo de Valoriza\u00e7\u00e3o e Qualidade de Vida da Secretaria de Fazenda do Distrito Federal (Sefaz-DF), Epit\u00e1cio do Nascimento Sousa J\u00fanior; e do corregedor da Pol\u00edcia Civil do DF, Adval Cardoso de Matos. O presidente da Comiss\u00e3o do Direito do Trabalho do Conselho Federal da Ordem dos Advogados do Brasil (OAB), Ronaldo Tolentino, tamb\u00e9m esteve presente e foi um dos palestrantes.<\/p>\n\n\n\n<p>O semin\u00e1rio levou aos 350 ouvintes presentes a discuss\u00e3o e a busca por solu\u00e7\u00f5es eficazes a fim de combater e prevenir o ass\u00e9dio dentro das institui\u00e7\u00f5es governamentais. Palestrante do primeiro dia, a ministra do Tribunal Superior do Trabalho (TST) Morgana Richa aproveitou a oportunidade e destacou as exig\u00eancias do atual momento da vida em sociedade. \u201cPalavras como respeito, \u00e9tica e integridade ganharam mais significado atualmente e coisas que eram faladas antes n\u00e3o s\u00e3o mais toleradas hoje em dia.\u201d<\/p>\n\n\n\n<p>Richa tamb\u00e9m alertou para comportamentos que podem passar despercebidos. \u201cO ass\u00e9dio acontece de v\u00e1rias formas. Muitas vezes, ele vem de forma impercept\u00edvel, e tanto o assediador quanto o assediado n\u00e3o percebem a situa\u00e7\u00e3o\u201d, completou.<\/p>\n\n\n\n<p>J\u00e1 no segundo dia, programa\u00e7\u00e3o seguiu com palestras sobre conscientiza\u00e7\u00e3o e a\u00e7\u00e3o contra o ass\u00e9dio no setor p\u00fablico. Entre os participantes, a assessora da Coordena\u00e7\u00e3o das A\u00e7\u00f5es de Qualidade de Vida e Desenvolvimento do Servidor da Sequali\/Sefaz-DF, Ana Paula Rocha; e a psic\u00f3loga e gestora em pol\u00edticas p\u00fablicas e Gest\u00e3o governamental da Secret\u00e1ria de Planejamento, Or\u00e7amento e Administra\u00e7\u00e3o (Seplad-DF), Jacqueline Ferraz.<\/p>\n\n\n\n<p><em>*Com informa\u00e7\u00f5es da Egov<\/em><\/p>\n","protected":false},"excerpt":{"rendered":"<p>Evento promovido pela Escola de Governo ocorreu, quinta (21) e sexta-feira (22), no audit\u00f3rio da Pol\u00edcia Civil e reuniu servidores de v\u00e1rios \u00f3rg\u00e3os do GDF Ag\u00eancia Bras\u00edlia* | Edi\u00e7\u00e3o: Igor Silveira EGOV GDF GEST\u00c3O SEPLAD &nbsp;Facebook&nbsp;Encaminhar A Escola de Governo (Egov), da Secretaria de Planejamento, Or\u00e7amento e Administra\u00e7\u00e3o (Seplad-DF),&nbsp; promoveu, quinta (21) e sexta-feira (22), [&hellip;]<\/p>\n","protected":false},"author":1,"featured_media":1459,"comment_status":"open","ping_status":"open","sticky":false,"template":"","format":"standard","meta":{"_monsterinsights_skip_tracking":false,"_monsterinsights_sitenote_active":false,"_monsterinsights_sitenote_note":"","_monsterinsights_sitenote_category":0,"footnotes":""},"categories":[41,17],"tags":[],"class_list":["post-1458","post","type-post","status-publish","format-standard","has-post-thumbnail","hentry","category-agenda","category-bsb"],"_links":{"self":[{"href":"https:\/\/cidadecult.com.br\/index.php?rest_route=\/wp\/v2\/posts\/1458","targetHints":{"allow":["GET"]}}],"collection":[{"href":"https:\/\/cidadecult.com.br\/index.php?rest_route=\/wp\/v2\/posts"}],"about":[{"href":"https:\/\/cidadecult.com.br\/index.php?rest_route=\/wp\/v2\/types\/post"}],"author":[{"embeddable":true,"href":"https:\/\/cidadecult.com.br\/index.php?rest_route=\/wp\/v2\/users\/1"}],"replies":[{"embeddable":true,"href":"https:\/\/cidadecult.com.br\/index.php?rest_route=%2Fwp%2Fv2%2Fcomments&post=1458"}],"version-history":[{"count":2,"href":"https:\/\/cidadecult.com.br\/index.php?rest_route=\/wp\/v2\/posts\/1458\/revisions"}],"predecessor-version":[{"id":2310,"href":"https:\/\/cidadecult.com.br\/index.php?rest_route=\/wp\/v2\/posts\/1458\/revisions\/2310"}],"wp:featuredmedia":[{"embeddable":true,"href":"https:\/\/cidadecult.com.br\/index.php?rest_route=\/wp\/v2\/media\/1459"}],"wp:attachment":[{"href":"https:\/\/cidadecult.com.br\/index.php?rest_route=%2Fwp%2Fv2%2Fmedia&parent=1458"}],"wp:term":[{"taxonomy":"category","embeddable":true,"href":"https:\/\/cidadecult.com.br\/index.php?rest_route=%2Fwp%2Fv2%2Fcategories&post=1458"},{"taxonomy":"post_tag","embeddable":true,"href":"https:\/\/cidadecult.com.br\/index.php?rest_route=%2Fwp%2Fv2%2Ftags&post=1458"}],"curies":[{"name":"wp","href":"https:\/\/api.w.org\/{rel}","templated":true}]}}