{"id":14555,"date":"2025-10-01T10:51:34","date_gmt":"2025-10-01T13:51:34","guid":{"rendered":"https:\/\/cidadecult.com.br\/?p=14555"},"modified":"2025-10-01T10:53:51","modified_gmt":"2025-10-01T13:53:51","slug":"dez-anos-de-esperanca-expedicao-leva-saude-e-dignidade-a-comunidade-com-maior-incidencia-de-xeroderma-pigmentoso-no-mundo","status":"publish","type":"post","link":"https:\/\/cidadecult.com.br\/?p=14555","title":{"rendered":"Dez anos de esperan\u00e7a: expedi\u00e7\u00e3o leva sa\u00fade e dignidade a comunidade com maior incid\u00eancia de Xeroderma Pigmentoso no mundo"},"content":{"rendered":"\n<figure class=\"wp-block-image size-full\"><img loading=\"lazy\" decoding=\"async\" width=\"834\" height=\"556\" src=\"https:\/\/cidadecult.com.br\/wp-content\/uploads\/2025\/10\/unnamed-6.jpg\" alt=\"\" class=\"wp-image-14557\" srcset=\"https:\/\/cidadecult.com.br\/wp-content\/uploads\/2025\/10\/unnamed-6.jpg 834w, https:\/\/cidadecult.com.br\/wp-content\/uploads\/2025\/10\/unnamed-6-300x200.jpg 300w, https:\/\/cidadecult.com.br\/wp-content\/uploads\/2025\/10\/unnamed-6-768x512.jpg 768w, https:\/\/cidadecult.com.br\/wp-content\/uploads\/2025\/10\/unnamed-6-750x500.jpg 750w\" sizes=\"auto, (max-width: 834px) 100vw, 834px\" \/><figcaption class=\"wp-element-caption\">Imagens: divulga\u00e7\u00e3o.<\/figcaption><\/figure>\n\n\n\n<p>Araras, pequeno povoado no interior de Goi\u00e1s, voltou a receber uma dose de esperan\u00e7a nos dias <strong>26 e 27 de setembro de 2025<\/strong>. A comunidade, considerada a <strong>maior do mundo com casos de Xeroderma Pigmentoso (XP)<\/strong> \u2014 condi\u00e7\u00e3o gen\u00e9tica rara que deixa a pele extremamente sens\u00edvel \u00e0 luz solar \u2014 foi palco de mais uma edi\u00e7\u00e3o da <strong>Expedi\u00e7\u00e3o Recanto das Araras<\/strong>, que h\u00e1 <strong>dez anos transforma a vida de quem vive sob risco constante de c\u00e2ncer de pele<\/strong>.<\/p>\n\n\n\n<p>A a\u00e7\u00e3o, liderada por <strong>dermatologistas volunt\u00e1rios da Sociedade Brasileira de Dermatologia (SBD)<\/strong>, com apoio da <strong>La Roche-Posay<\/strong> e da <strong>SAS Brasil<\/strong>, realizou mais de <strong>160 consultas dermatol\u00f3gicas<\/strong> e <strong>40 cirurgias<\/strong> em apenas dois dias, al\u00e9m de atendimentos odontol\u00f3gicos, ginecol\u00f3gicos e orienta\u00e7\u00e3o jur\u00eddica. A expedi\u00e7\u00e3o mobilizou uma estrutura completa montada em uma escola p\u00fablica, com <strong>tr\u00eas centros cir\u00fargicos, consult\u00f3rios m\u00f3veis e exames de imagem<\/strong>.<\/p>\n\n\n\n<figure class=\"wp-block-image size-full\"><img loading=\"lazy\" decoding=\"async\" width=\"807\" height=\"538\" src=\"https:\/\/cidadecult.com.br\/wp-content\/uploads\/2025\/10\/unnamed-7.jpg\" alt=\"\" class=\"wp-image-14558\" srcset=\"https:\/\/cidadecult.com.br\/wp-content\/uploads\/2025\/10\/unnamed-7.jpg 807w, https:\/\/cidadecult.com.br\/wp-content\/uploads\/2025\/10\/unnamed-7-300x200.jpg 300w, https:\/\/cidadecult.com.br\/wp-content\/uploads\/2025\/10\/unnamed-7-768x512.jpg 768w, https:\/\/cidadecult.com.br\/wp-content\/uploads\/2025\/10\/unnamed-7-750x500.jpg 750w\" sizes=\"auto, (max-width: 807px) 100vw, 807px\" \/><\/figure>\n\n\n\n<blockquote class=\"wp-block-quote is-layout-flow wp-block-quote-is-layout-flow\">\n<p>\u201cHoje vemos menos deformidades e tumores mais leves, o que mostra que a conscientiza\u00e7\u00e3o e o cuidado precoce fazem a diferen\u00e7a\u201d, explica o Dr. <strong>Carlos Barcaui<\/strong>, presidente da SBD.<\/p>\n<\/blockquote>\n\n\n\n<p>Araras tem uma taxa impressionante: <strong>1 caso de XP a cada 40 habitantes<\/strong>, segundo a AbraXP. Esse dado colocou o povoado no radar da comunidade cient\u00edfica internacional e despertou uma rede de solidariedade que vai muito al\u00e9m do cuidado m\u00e9dico.<\/p>\n\n\n\n<figure class=\"wp-block-image size-full\"><img loading=\"lazy\" decoding=\"async\" width=\"602\" height=\"903\" src=\"https:\/\/cidadecult.com.br\/wp-content\/uploads\/2025\/10\/unnamed-8.jpg\" alt=\"\" class=\"wp-image-14559\" srcset=\"https:\/\/cidadecult.com.br\/wp-content\/uploads\/2025\/10\/unnamed-8.jpg 602w, https:\/\/cidadecult.com.br\/wp-content\/uploads\/2025\/10\/unnamed-8-200x300.jpg 200w\" sizes=\"auto, (max-width: 602px) 100vw, 602px\" \/><\/figure>\n\n\n\n<p>A dermatologista <strong>Sulamita Chaibub<\/strong>, que identificou os primeiros casos em 2009 e coordena voluntariamente o projeto, lembra que tudo come\u00e7ou com o atendimento a uma \u00fanica crian\u00e7a. \u201cHoje somos melhores do que ontem. E amanh\u00e3, seremos melhores do que hoje. \u00c9 uma onda do bem que cresce a cada edi\u00e7\u00e3o\u201d, afirma.<\/p>\n\n\n\n<hr class=\"wp-block-separator has-alpha-channel-opacity\"\/>\n\n\n\n<figure class=\"wp-block-image size-full\"><img loading=\"lazy\" decoding=\"async\" width=\"783\" height=\"522\" src=\"https:\/\/cidadecult.com.br\/wp-content\/uploads\/2025\/10\/unnamed-10-1.jpg\" alt=\"\" class=\"wp-image-14560\" srcset=\"https:\/\/cidadecult.com.br\/wp-content\/uploads\/2025\/10\/unnamed-10-1.jpg 783w, https:\/\/cidadecult.com.br\/wp-content\/uploads\/2025\/10\/unnamed-10-1-300x200.jpg 300w, https:\/\/cidadecult.com.br\/wp-content\/uploads\/2025\/10\/unnamed-10-1-768x512.jpg 768w, https:\/\/cidadecult.com.br\/wp-content\/uploads\/2025\/10\/unnamed-10-1-750x500.jpg 750w\" sizes=\"auto, (max-width: 783px) 100vw, 783px\" \/><\/figure>\n\n\n\n<h3 class=\"wp-block-heading\">Mais que sa\u00fade: cidadania e infraestrutura<\/h3>\n\n\n\n<p>Ao longo de uma d\u00e9cada, a expedi\u00e7\u00e3o promoveu <strong>a\u00e7\u00f5es educativas, plantio de \u00e1rvores, doa\u00e7\u00e3o de roupas e cestas b\u00e1sicas<\/strong>, al\u00e9m da <strong>constru\u00e7\u00e3o de 50 moradias adaptadas<\/strong> para fam\u00edlias com XP. Outro marco foi a <strong>retomada da UBS local<\/strong>, prometida desde 2014 e s\u00f3 agora viabilizada gra\u00e7as \u00e0 mobiliza\u00e7\u00e3o gerada pelo projeto.<\/p>\n\n\n\n<p>A La Roche-Posay distribuiu protetores solares especiais da linha <strong>Anthelios UVmune KA+ FPS 99<\/strong>, aliados ao trabalho educativo sobre fotoprote\u00e7\u00e3o e preven\u00e7\u00e3o. E pela primeira vez, a edi\u00e7\u00e3o de 2025 contou com <strong>ultrassonografia dermatol\u00f3gica com doppler<\/strong>, tecnologia essencial para diagn\u00f3sticos precoces.<\/p>\n\n\n\n<blockquote class=\"wp-block-quote is-layout-flow wp-block-quote-is-layout-flow\">\n<p>\u201cEu j\u00e1 me cuido muito, mas estava com um caro\u00e7o no peito que foi retirado e enviado para bi\u00f3psia. Me sinto aliviado e mais seguro\u201d, conta <strong>Joaquim Andrade<\/strong>, morador da comunidade.<\/p>\n<\/blockquote>\n\n\n\n<hr class=\"wp-block-separator has-alpha-channel-opacity\"\/>\n\n\n\n<h3 class=\"wp-block-heading\">Uma d\u00e9cada que mudou tudo<\/h3>\n\n\n\n<p>A secret\u00e1ria de sa\u00fade de Faina, <strong>Gleice Machado<\/strong>, m\u00e3e de um paciente com XP, tamb\u00e9m celebra os resultados. \u201cCada edi\u00e7\u00e3o foi uma chance de dar voz a uma comunidade invisibilizada. Abrimos portas e conquistamos o imposs\u00edvel.\u201d<\/p>\n\n\n\n<p>Com atua\u00e7\u00e3o a cada dois anos, a <strong>Expedi\u00e7\u00e3o Recanto das Araras<\/strong> tornou-se s\u00edmbolo de <strong>medicina humanizada, ci\u00eancia social e empatia ativa<\/strong>, sendo refer\u00eancia no cuidado a doen\u00e7as raras e na mobiliza\u00e7\u00e3o de redes p\u00fablicas e privadas em prol de causas negligenciadas.<\/p>\n\n\n\n<hr class=\"wp-block-separator has-alpha-channel-opacity\"\/>\n\n\n\n<p><strong>Sobre o XP<\/strong><br>O <strong>Xeroderma Pigmentoso<\/strong> \u00e9 uma doen\u00e7a gen\u00e9tica rara que dificulta a repara\u00e7\u00e3o do DNA da pele ap\u00f3s exposi\u00e7\u00e3o \u00e0 radia\u00e7\u00e3o ultravioleta. O risco de c\u00e2ncer de pele em pacientes com XP pode ser at\u00e9 <strong>mil vezes maior<\/strong> do que em pessoas sem a condi\u00e7\u00e3o. O cuidado exige uso constante de protetores solares, roupas especiais e acompanhamento m\u00e9dico frequente.<\/p>\n\n\n\n<hr class=\"wp-block-separator has-alpha-channel-opacity\"\/>\n\n\n\n<p><strong>Servi\u00e7o \u2013 Expedi\u00e7\u00e3o Recanto das Araras<\/strong><br>\ud83d\udccd Local: Araras, distrito de Faina (GO)<br>\ud83d\udcc5 Data: 26 e 27 de setembro de 2025<br>\ud83d\udcf2 Saiba mais: <a href=\"https:\/\/www.instagram.com\/sbd_nacional\">@sbd_nacional<\/a><\/p>\n","protected":false},"excerpt":{"rendered":"<p>Araras, pequeno povoado no interior de Goi\u00e1s, voltou a receber uma dose de esperan\u00e7a nos dias 26 e 27 de setembro de 2025. A comunidade, considerada a maior do mundo com casos de Xeroderma Pigmentoso (XP) \u2014 condi\u00e7\u00e3o gen\u00e9tica rara que deixa a pele extremamente sens\u00edvel \u00e0 luz solar \u2014 foi palco de mais uma [&hellip;]<\/p>\n","protected":false},"author":777,"featured_media":14556,"comment_status":"open","ping_status":"open","sticky":false,"template":"","format":"standard","meta":{"_monsterinsights_skip_tracking":false,"_monsterinsights_sitenote_active":false,"_monsterinsights_sitenote_note":"","_monsterinsights_sitenote_category":0,"footnotes":""},"categories":[38],"tags":[5389,5386,5387],"class_list":["post-14555","post","type-post","status-publish","format-standard","has-post-thumbnail","hentry","category-health-2","tag-expedicao","tag-xeroderma-pigmentoso","tag-xp"],"_links":{"self":[{"href":"https:\/\/cidadecult.com.br\/index.php?rest_route=\/wp\/v2\/posts\/14555","targetHints":{"allow":["GET"]}}],"collection":[{"href":"https:\/\/cidadecult.com.br\/index.php?rest_route=\/wp\/v2\/posts"}],"about":[{"href":"https:\/\/cidadecult.com.br\/index.php?rest_route=\/wp\/v2\/types\/post"}],"author":[{"embeddable":true,"href":"https:\/\/cidadecult.com.br\/index.php?rest_route=\/wp\/v2\/users\/777"}],"replies":[{"embeddable":true,"href":"https:\/\/cidadecult.com.br\/index.php?rest_route=%2Fwp%2Fv2%2Fcomments&post=14555"}],"version-history":[{"count":1,"href":"https:\/\/cidadecult.com.br\/index.php?rest_route=\/wp\/v2\/posts\/14555\/revisions"}],"predecessor-version":[{"id":14561,"href":"https:\/\/cidadecult.com.br\/index.php?rest_route=\/wp\/v2\/posts\/14555\/revisions\/14561"}],"wp:featuredmedia":[{"embeddable":true,"href":"https:\/\/cidadecult.com.br\/index.php?rest_route=\/wp\/v2\/media\/14556"}],"wp:attachment":[{"href":"https:\/\/cidadecult.com.br\/index.php?rest_route=%2Fwp%2Fv2%2Fmedia&parent=14555"}],"wp:term":[{"taxonomy":"category","embeddable":true,"href":"https:\/\/cidadecult.com.br\/index.php?rest_route=%2Fwp%2Fv2%2Fcategories&post=14555"},{"taxonomy":"post_tag","embeddable":true,"href":"https:\/\/cidadecult.com.br\/index.php?rest_route=%2Fwp%2Fv2%2Ftags&post=14555"}],"curies":[{"name":"wp","href":"https:\/\/api.w.org\/{rel}","templated":true}]}}