{"id":14545,"date":"2025-10-01T10:33:51","date_gmt":"2025-10-01T13:33:51","guid":{"rendered":"https:\/\/cidadecult.com.br\/?p=14545"},"modified":"2025-10-01T10:39:37","modified_gmt":"2025-10-01T13:39:37","slug":"mulheres-brasileiras-se-reunem-em-brasilia-para-lancar-carta-climatica-na-cop30","status":"publish","type":"post","link":"https:\/\/cidadecult.com.br\/?p=14545","title":{"rendered":"Mulheres brasileiras se re\u00fanem em Bras\u00edlia para lan\u00e7ar carta clim\u00e1tica na COP30"},"content":{"rendered":"\n<p><\/p>\n\n\n\n<p>De 7 a 11 de outubro, o <strong>Festival Curicaca<\/strong> transformar\u00e1 a Arena BRB e outros espa\u00e7os de Bras\u00edlia em um grande palco de <strong>inova\u00e7\u00e3o, sustentabilidade e cultura<\/strong>. Um dos destaques da programa\u00e7\u00e3o ser\u00e1 a presen\u00e7a da <strong>\u201cBancada Feminina na COP30\u201d<\/strong>, que lan\u00e7ar\u00e1 a <strong>Carta das Mulheres para a COP30<\/strong>, documento hist\u00f3rico que ser\u00e1 levado \u00e0 Confer\u00eancia da ONU sobre Mudan\u00e7as Clim\u00e1ticas, em novembro, em Bel\u00e9m (PA).<\/p>\n\n\n\n<p>A iniciativa re\u00fane <strong>prefeitas, vereadoras, deputadas, senadoras, coletivos e lideran\u00e7as femininas de todo o Brasil<\/strong>. A proposta \u00e9 clara: <strong>construir um novo pacto clim\u00e1tico a partir da perspectiva das mulheres<\/strong>, especialmente aquelas mais afetadas pelas crises ambientais \u2014 e historicamente exclu\u00eddas das decis\u00f5es pol\u00edticas.<\/p>\n\n\n\n<p>A carta est\u00e1 sendo elaborada de forma colaborativa com participa\u00e7\u00e3o de organiza\u00e7\u00f5es como <strong>Grupo Mulheres do Brasil, Quero Voc\u00ea Eleita, Instituto AzMina, Elas no Poder, Elas Pedem Vista<\/strong>, al\u00e9m do <strong>Grupo SER Educacional\/UNINASSAU<\/strong>, respons\u00e1vel pela metodologia participativa.<\/p>\n\n\n\n<blockquote class=\"wp-block-quote is-layout-flow wp-block-quote-is-layout-flow\">\n<p>\u201cAs mulheres e meninas representam 80% das pessoas mais impactadas pela emerg\u00eancia clim\u00e1tica, mas permanecem sub-representadas nos espa\u00e7os de decis\u00e3o. A carta busca propor pol\u00edticas p\u00fablicas concretas, com enfoque interseccional e inclusivo\u201d, explica <strong>Gabriela Rollemberg<\/strong>, coordenadora do evento.<\/p>\n<\/blockquote>\n\n\n\n<p>A programa\u00e7\u00e3o da Bancada Feminina contar\u00e1 com <strong>dois dias de debates, rodas de conversa, pain\u00e9is tem\u00e1ticos, performances art\u00edsticas<\/strong> e uma exposi\u00e7\u00e3o permanente sobre o papel das mulheres na luta clim\u00e1tica. O line-up pol\u00edtico inclui nomes como <strong>Marina Silva, S\u00f4nia Guajajara, Leila Barros, T\u00e1bata Amaral, Eliziane Gama, Benedita da Silva, Maria Elizabeth Rocha, Teresa Leit\u00e3o<\/strong>, entre outras vozes de peso da pol\u00edtica nacional.<\/p>\n\n\n\n<p>Al\u00e9m dos debates, o p\u00fablico poder\u00e1 enviar sugest\u00f5es \u00e0 Carta por meio de atividades interativas ou pelo e-mail <strong><a>querovoceeleita@gmail.com<\/a><\/strong>. O evento ser\u00e1 encerrado com uma <strong>festa e celebra\u00e7\u00e3o art\u00edstica<\/strong>, reunindo m\u00fasica, poesia e cultura como ferramentas de resist\u00eancia.<\/p>\n\n\n\n<p>A carta ser\u00e1 um dos principais documentos de incid\u00eancia pol\u00edtica levados pela delega\u00e7\u00e3o feminina \u00e0 <strong>COP30<\/strong>, marcando presen\u00e7a em um momento decisivo para o futuro clim\u00e1tico do planeta.<\/p>\n\n\n\n<hr class=\"wp-block-separator has-alpha-channel-opacity\"\/>\n\n\n\n<p><strong>Sobre o Festival Curicaca<\/strong><\/p>\n\n\n\n<p>Nomeado em homenagem \u00e0 <strong>ave t\u00edpica do Cerrado<\/strong>, o Festival Curicaca aposta em um modelo descentralizado de experi\u00eancias \u2014 inspirado no <strong>SXSW<\/strong> \u2014 para fazer de Bras\u00edlia o novo polo da <strong>inova\u00e7\u00e3o verde no Brasil<\/strong>. Ser\u00e3o cinco dias de conte\u00fado com startups, gastronomia, games, exposi\u00e7\u00f5es, shows, circuitos sensoriais e arte urbana. A expectativa \u00e9 receber <strong>at\u00e9 100 mil pessoas<\/strong>.<\/p>\n\n\n\n<p><strong>ervi\u00e7o \u2013 Bancada Feminina na COP30 no Festival Curicaca<\/strong><br>\ud83d\udccd Local: Arena BRB \u2013 Est\u00e1dio Man\u00e9 Garrincha + circuitos externos em Bras\u00edlia<br>\ud83d\udcc5 Data: 7 e 8 de outubro de 2025<br>\ud83c\udf9f\ufe0f Entrada gratuita (via app ou site do Festival Curicaca)<br>\ud83d\udcf2 <a href=\"http:\/\/www.abdi.com.br\/curicaca\">www.abdi.com.br\/curicaca<\/a><\/p>\n","protected":false},"excerpt":{"rendered":"<p>De 7 a 11 de outubro, o Festival Curicaca transformar\u00e1 a Arena BRB e outros espa\u00e7os de Bras\u00edlia em um grande palco de inova\u00e7\u00e3o, sustentabilidade e cultura. Um dos destaques da programa\u00e7\u00e3o ser\u00e1 a presen\u00e7a da \u201cBancada Feminina na COP30\u201d, que lan\u00e7ar\u00e1 a Carta das Mulheres para a COP30, documento hist\u00f3rico que ser\u00e1 levado \u00e0 [&hellip;]<\/p>\n","protected":false},"author":777,"featured_media":14546,"comment_status":"open","ping_status":"open","sticky":false,"template":"","format":"standard","meta":{"_monsterinsights_skip_tracking":false,"_monsterinsights_sitenote_active":false,"_monsterinsights_sitenote_note":"","_monsterinsights_sitenote_category":0,"footnotes":""},"categories":[16,2580],"tags":[5379,5375,5383,5384,5376,5382,5380,5385],"class_list":["post-14545","post","type-post","status-publish","format-standard","has-post-thumbnail","hentry","category-tech","category-meio-ambiente","tag-carta-das-mulheres-para-a-cop30","tag-curicaca","tag-eas-no-poder","tag-elas-pedem-vista","tag-festival-curicaca","tag-instituto-azmina","tag-pacto-climatico","tag-uninassau"],"_links":{"self":[{"href":"https:\/\/cidadecult.com.br\/index.php?rest_route=\/wp\/v2\/posts\/14545","targetHints":{"allow":["GET"]}}],"collection":[{"href":"https:\/\/cidadecult.com.br\/index.php?rest_route=\/wp\/v2\/posts"}],"about":[{"href":"https:\/\/cidadecult.com.br\/index.php?rest_route=\/wp\/v2\/types\/post"}],"author":[{"embeddable":true,"href":"https:\/\/cidadecult.com.br\/index.php?rest_route=\/wp\/v2\/users\/777"}],"replies":[{"embeddable":true,"href":"https:\/\/cidadecult.com.br\/index.php?rest_route=%2Fwp%2Fv2%2Fcomments&post=14545"}],"version-history":[{"count":2,"href":"https:\/\/cidadecult.com.br\/index.php?rest_route=\/wp\/v2\/posts\/14545\/revisions"}],"predecessor-version":[{"id":14549,"href":"https:\/\/cidadecult.com.br\/index.php?rest_route=\/wp\/v2\/posts\/14545\/revisions\/14549"}],"wp:featuredmedia":[{"embeddable":true,"href":"https:\/\/cidadecult.com.br\/index.php?rest_route=\/wp\/v2\/media\/14546"}],"wp:attachment":[{"href":"https:\/\/cidadecult.com.br\/index.php?rest_route=%2Fwp%2Fv2%2Fmedia&parent=14545"}],"wp:term":[{"taxonomy":"category","embeddable":true,"href":"https:\/\/cidadecult.com.br\/index.php?rest_route=%2Fwp%2Fv2%2Fcategories&post=14545"},{"taxonomy":"post_tag","embeddable":true,"href":"https:\/\/cidadecult.com.br\/index.php?rest_route=%2Fwp%2Fv2%2Ftags&post=14545"}],"curies":[{"name":"wp","href":"https:\/\/api.w.org\/{rel}","templated":true}]}}