{"id":1454,"date":"2023-10-18T14:16:38","date_gmt":"2023-10-18T17:16:38","guid":{"rendered":"https:\/\/cidadecult.com.br\/?p=1454"},"modified":"2023-10-18T14:16:40","modified_gmt":"2023-10-18T17:16:40","slug":"doacao-de-brinquedo-garante-entrada-gratis-no-jardim-botanico-de-brasilia","status":"publish","type":"post","link":"https:\/\/cidadecult.com.br\/?p=1454","title":{"rendered":"Doa\u00e7\u00e3o de brinquedo garante entrada gr\u00e1tis no Jardim Bot\u00e2nico de Bras\u00edlia"},"content":{"rendered":"\n<p>Os artigos podem ser novos ou usados e devem estar em bom estado de conserva\u00e7\u00e3o. A\u00e7\u00e3o \u00e9 v\u00e1lida at\u00e9 domingo (24)<\/p>\n\n\n\n<p>Catarina Loiola, da Ag\u00eancia Bras\u00edlia | Edi\u00e7\u00e3o: Vinicius Nader<\/p>\n\n\n\n<ul class=\"wp-block-list\"><li><a href=\"https:\/\/www.agenciabrasilia.df.gov.br\/categoria\/app\">APP<\/a><\/li><li><a href=\"https:\/\/www.agenciabrasilia.df.gov.br\/categoria\/cidadania\">CIDADANIA<\/a><\/li><li><a href=\"https:\/\/www.agenciabrasilia.df.gov.br\/categoria\/gdf\">GDF<\/a><\/li><\/ul>\n\n\n\n<p><a href=\"https:\/\/www.facebook.com\/sharer.php?u=https:\/\/www.agenciabrasilia.df.gov.br\/2023\/09\/21\/doacao-de-brinquedo-garante-entrada-gratis-no-jardim-botanico-de-brasilia\/\" target=\"_blank\" rel=\"noreferrer noopener\">&nbsp;Facebook<\/a><a target=\"_blank\" href=\"https:\/\/api.whatsapp.com\/send?text=https:\/\/www.agenciabrasilia.df.gov.br\/2023\/09\/21\/doacao-de-brinquedo-garante-entrada-gratis-no-jardim-botanico-de-brasilia\/\" rel=\"noreferrer noopener\">&nbsp;Encaminhar<\/a><\/p>\n\n\n\n<p>Quem doar um brinquedo para a campanha&nbsp;<em>Vem Brincar Comigo<\/em>&nbsp;ter\u00e1 a oportunidade de visitar o Jardim Bot\u00e2nico de Bras\u00edlia (JBB) de gra\u00e7a. A novidade foi divulgada pela diretoria do local nesta quinta-feira (21) e vale at\u00e9 domingo (24). Cada item vale por um \u00fanico ingresso. Os artigos doados podem ser novos ou usados e devem estar em bom estado de conserva\u00e7\u00e3o. Ap\u00f3s essa data, a doa\u00e7\u00e3o poder\u00e1 ser feita no Centro de Visitantes, mas sem a gratuidade do ingresso.<\/p>\n\n\n\n<figure class=\"wp-block-image\"><img decoding=\"async\" src=\"http:\/\/agenciabrasilia.df.gov.br\/wp-conteudo\/uploads\/2023\/09\/Foto-Geovana-Albuquerque-3-1-scaled.jpg\" alt=\"\" class=\"wp-image-546934\"\/><figcaption>Essa \u00e9 a 4\u00aa edi\u00e7\u00e3o da campanha Vem Brincar Comigo | Foto: Geovana Albuquerque\/ Ag\u00eancia Bras\u00edlia<\/figcaption><\/figure>\n\n\n\n<p>\u201cOs visitantes poder\u00e3o contemplar as belezas do nosso Cerrado e tamb\u00e9m visitar nossa tradicional Feira de Orqu\u00eddeas \u2013 Especial Primavera, que ser\u00e1 realizada neste mesmo per\u00edodo\u201d, afirma a diretora adjunta do JBB, Daniela Fernandes Martins. \u201cNossa meta \u00e9 arrecadar uma quantidade significativa de brinquedos contribuindo para o sorriso de um maior n\u00famero de crian\u00e7as. Contamos com a participa\u00e7\u00e3o e generosidade de todos\u201d, completa.<\/p>\n\n\n\n<p><strong>Leia tamb\u00e9m<\/strong><a href=\"https:\/\/www.agenciabrasilia.df.gov.br\/2023\/09\/05\/vem-brincar-comigo-gdf-inicia-campanha-de-doacao-de-brinquedos-2\/\"><strong>Vem Brincar Comigo: GDF inicia campanha de doa\u00e7\u00e3o de brinquedos<\/strong><\/a><a href=\"https:\/\/www.agenciabrasilia.df.gov.br\/2023\/07\/24\/brinquedoteca-do-hcb-realiza-karaoke-para-os-pacientes\/\"><strong>Brinquedoteca do HCB realiza karaok\u00ea para os pacientes<\/strong><\/a><\/p>\n\n\n\n<p>Esta \u00e9 a quarta edi\u00e7\u00e3o da&nbsp;<em>Vem Brincar Comigo<\/em>, que tem como objetivo espalhar alegria para meninos e meninas em situa\u00e7\u00e3o de vulnerabilidade. A campanha segue at\u00e9 10 de outubro em pontos como o Pal\u00e1cio do Buriti, \u00f3rg\u00e3os do GDF, administra\u00e7\u00f5es regionais e batalh\u00f5es da Pol\u00edcia Militar (PMDF) e do Corpo de Bombeiros Militar do DF (CBMDF).<\/p>\n\n\n\n<p><strong>O espa\u00e7o<\/strong><\/p>\n\n\n\n<p>Museu do bioma cerrado, o Jardim Bot\u00e2nico de Bras\u00edlia abre as portas para visita\u00e7\u00e3o p\u00fablica de ter\u00e7a-feira a domingo, inclusive feriados, das 9h \u00e0s 17h, com entrada permitida at\u00e9 as 16h30. A entrada \u00e9 gratuita para pedestres e ciclistas entre 7h30 e 8h50 e para crian\u00e7as at\u00e9 12 anos, maiores de 60 anos e pessoas com defici\u00eancia, independentemente do hor\u00e1rio e mediante apresenta\u00e7\u00e3o de documento oficial de identifica\u00e7\u00e3o. Para o restante do p\u00fablico, o pre\u00e7o do ingresso \u00e9 fixado em R$ 5 por pessoa \u2013 apenas em dinheiro.<\/p>\n","protected":false},"excerpt":{"rendered":"<p>Os artigos podem ser novos ou usados e devem estar em bom estado de conserva\u00e7\u00e3o. A\u00e7\u00e3o \u00e9 v\u00e1lida at\u00e9 domingo (24) Catarina Loiola, da Ag\u00eancia Bras\u00edlia | Edi\u00e7\u00e3o: Vinicius Nader APP CIDADANIA GDF &nbsp;Facebook&nbsp;Encaminhar Quem doar um brinquedo para a campanha&nbsp;Vem Brincar Comigo&nbsp;ter\u00e1 a oportunidade de visitar o Jardim Bot\u00e2nico de Bras\u00edlia (JBB) de gra\u00e7a. [&hellip;]<\/p>\n","protected":false},"author":1,"featured_media":1455,"comment_status":"open","ping_status":"open","sticky":false,"template":"","format":"standard","meta":{"_monsterinsights_skip_tracking":false,"_monsterinsights_sitenote_active":false,"_monsterinsights_sitenote_note":"","_monsterinsights_sitenote_category":0,"footnotes":""},"categories":[41,17],"tags":[],"class_list":["post-1454","post","type-post","status-publish","format-standard","has-post-thumbnail","hentry","category-agenda","category-bsb"],"_links":{"self":[{"href":"https:\/\/cidadecult.com.br\/index.php?rest_route=\/wp\/v2\/posts\/1454","targetHints":{"allow":["GET"]}}],"collection":[{"href":"https:\/\/cidadecult.com.br\/index.php?rest_route=\/wp\/v2\/posts"}],"about":[{"href":"https:\/\/cidadecult.com.br\/index.php?rest_route=\/wp\/v2\/types\/post"}],"author":[{"embeddable":true,"href":"https:\/\/cidadecult.com.br\/index.php?rest_route=\/wp\/v2\/users\/1"}],"replies":[{"embeddable":true,"href":"https:\/\/cidadecult.com.br\/index.php?rest_route=%2Fwp%2Fv2%2Fcomments&post=1454"}],"version-history":[{"count":1,"href":"https:\/\/cidadecult.com.br\/index.php?rest_route=\/wp\/v2\/posts\/1454\/revisions"}],"predecessor-version":[{"id":1456,"href":"https:\/\/cidadecult.com.br\/index.php?rest_route=\/wp\/v2\/posts\/1454\/revisions\/1456"}],"wp:featuredmedia":[{"embeddable":true,"href":"https:\/\/cidadecult.com.br\/index.php?rest_route=\/wp\/v2\/media\/1455"}],"wp:attachment":[{"href":"https:\/\/cidadecult.com.br\/index.php?rest_route=%2Fwp%2Fv2%2Fmedia&parent=1454"}],"wp:term":[{"taxonomy":"category","embeddable":true,"href":"https:\/\/cidadecult.com.br\/index.php?rest_route=%2Fwp%2Fv2%2Fcategories&post=1454"},{"taxonomy":"post_tag","embeddable":true,"href":"https:\/\/cidadecult.com.br\/index.php?rest_route=%2Fwp%2Fv2%2Ftags&post=1454"}],"curies":[{"name":"wp","href":"https:\/\/api.w.org\/{rel}","templated":true}]}}