{"id":14537,"date":"2025-10-01T10:26:01","date_gmt":"2025-10-01T13:26:01","guid":{"rendered":"https:\/\/cidadecult.com.br\/?p=14537"},"modified":"2025-10-01T10:30:00","modified_gmt":"2025-10-01T13:30:00","slug":"espetaculo-depois-do-silencio-volta-ao-df-com-sessoes-gratuitas-no-sesc-gama","status":"publish","type":"post","link":"https:\/\/cidadecult.com.br\/?p=14537","title":{"rendered":"Espet\u00e1culo \u201cDepois do Sil\u00eancio\u201d volta ao DF com sess\u00f5es gratuitas no SESC Gama"},"content":{"rendered":"\n<figure class=\"wp-block-image size-large\"><img loading=\"lazy\" decoding=\"async\" width=\"1024\" height=\"683\" src=\"https:\/\/cidadecult.com.br\/wp-content\/uploads\/2025\/10\/Foto-Diego-Bresani-1-1024x683.jpg\" alt=\"\" class=\"wp-image-14538\" srcset=\"https:\/\/cidadecult.com.br\/wp-content\/uploads\/2025\/10\/Foto-Diego-Bresani-1-1024x683.jpg 1024w, https:\/\/cidadecult.com.br\/wp-content\/uploads\/2025\/10\/Foto-Diego-Bresani-1-300x200.jpg 300w, https:\/\/cidadecult.com.br\/wp-content\/uploads\/2025\/10\/Foto-Diego-Bresani-1-768x513.jpg 768w, https:\/\/cidadecult.com.br\/wp-content\/uploads\/2025\/10\/Foto-Diego-Bresani-1-1536x1025.jpg 1536w, https:\/\/cidadecult.com.br\/wp-content\/uploads\/2025\/10\/Foto-Diego-Bresani-1-2048x1367.jpg 2048w, https:\/\/cidadecult.com.br\/wp-content\/uploads\/2025\/10\/Foto-Diego-Bresani-1-750x501.jpg 750w, https:\/\/cidadecult.com.br\/wp-content\/uploads\/2025\/10\/Foto-Diego-Bresani-1-1140x761.jpg 1140w\" sizes=\"auto, (max-width: 1024px) 100vw, 1024px\" \/><figcaption class=\"wp-element-caption\">Cr\u00e9dito: Diego Bresani<\/figcaption><\/figure>\n\n\n\n<p>Ap\u00f3s circular por festivais nacionais e internacionais, o premiado espet\u00e1culo brasiliense <strong>\u201cDepois do Sil\u00eancio\u201d<\/strong>, da <strong>Cia. Os Buriti<\/strong>, retorna ao Distrito Federal para uma s\u00e9rie de <strong>sess\u00f5es gratuitas<\/strong> no <strong>Teatro Paulo Gracindo (SESC Gama)<\/strong>, nos dias <strong>03, 04 e 05 de outubro<\/strong>. A pe\u00e7a mistura teatro e dan\u00e7a, \u00e9 bil\u00edngue (portugu\u00eas\/Libras) e aborda <strong>acessibilidade, inclus\u00e3o e comunica\u00e7\u00e3o<\/strong> de forma profunda e po\u00e9tica.<\/p>\n\n\n\n<p>Inspirada na trajet\u00f3ria da escritora e ativista <strong>Helen Keller<\/strong>, que perdeu a vis\u00e3o e audi\u00e7\u00e3o ainda crian\u00e7a, a montagem retrata o processo de aprendizado e emancipa\u00e7\u00e3o da jovem com o apoio da professora <strong>Anne Sullivan<\/strong>. A pe\u00e7a convida o p\u00fablico a refletir sobre a pot\u00eancia do corpo como linguagem e o valor do encontro humano.<\/p>\n\n\n\n<p>Em cena, as atrizes e dan\u00e7arinas <strong>Camila Guerra<\/strong>, <strong>Naira Carneiro<\/strong> e <strong>Renata Rezende<\/strong> (atriz surda) conduzem a narrativa mesclando movimentos coreogr\u00e1ficos, atua\u00e7\u00e3o e express\u00f5es em Libras. A encena\u00e7\u00e3o \u00e9 acess\u00edvel para surdos, sem necessidade de int\u00e9rprete.<\/p>\n\n\n\n<blockquote class=\"wp-block-quote is-layout-flow wp-block-quote-is-layout-flow\">\n<p>\u201cA pe\u00e7a \u00e9 um exemplo de inclus\u00e3o real, com atrizes ouvintes e surdas dividindo o palco, e um convite \u00e0 empatia e ao respeito\u201d, afirma Naira Carneiro, uma das int\u00e9rpretes-criadoras da obra.<\/p>\n<\/blockquote>\n\n\n\n<figure class=\"wp-block-image size-large\"><img loading=\"lazy\" decoding=\"async\" width=\"1024\" height=\"683\" src=\"https:\/\/cidadecult.com.br\/wp-content\/uploads\/2025\/10\/Foto-Diego-Bresani-3-1024x683.jpg\" alt=\"\" class=\"wp-image-14539\" srcset=\"https:\/\/cidadecult.com.br\/wp-content\/uploads\/2025\/10\/Foto-Diego-Bresani-3-1024x683.jpg 1024w, https:\/\/cidadecult.com.br\/wp-content\/uploads\/2025\/10\/Foto-Diego-Bresani-3-300x200.jpg 300w, https:\/\/cidadecult.com.br\/wp-content\/uploads\/2025\/10\/Foto-Diego-Bresani-3-768x513.jpg 768w, https:\/\/cidadecult.com.br\/wp-content\/uploads\/2025\/10\/Foto-Diego-Bresani-3-1536x1025.jpg 1536w, https:\/\/cidadecult.com.br\/wp-content\/uploads\/2025\/10\/Foto-Diego-Bresani-3-2048x1367.jpg 2048w, https:\/\/cidadecult.com.br\/wp-content\/uploads\/2025\/10\/Foto-Diego-Bresani-3-750x501.jpg 750w, https:\/\/cidadecult.com.br\/wp-content\/uploads\/2025\/10\/Foto-Diego-Bresani-3-1140x761.jpg 1140w\" sizes=\"auto, (max-width: 1024px) 100vw, 1024px\" \/><figcaption class=\"wp-element-caption\"><br>Cr\u00e9dito: Diego Bresani<\/figcaption><\/figure>\n\n\n\n<p>Desde sua estreia online em 2021, o espet\u00e1culo acumula passagens por cidades como S\u00e3o Paulo, Salvador, Goi\u00e2nia, Rio de Janeiro, al\u00e9m de apresenta\u00e7\u00f5es internacionais na Espanha e no Paraguai. \u201cDepois do Sil\u00eancio\u201d tamb\u00e9m j\u00e1 integrou importantes eventos como a <strong>MID \u2013 Mostra Internacional de Dan\u00e7a<\/strong>, o <strong>Festival do Teatro Brasileiro<\/strong>, o <strong>Festival Funarte Acessibilidan\u00e7a<\/strong> e o <strong>Crear en Libertad<\/strong>, no Paraguai.<\/p>\n\n\n\n<p>Com dire\u00e7\u00e3o de <strong>Eliana Carneiro<\/strong> e <strong>Rogero Torquato<\/strong>, o espet\u00e1culo tem trilha sonora original, linguagem sens\u00edvel e forte carga emocional. Al\u00e9m disso, marca mais uma produ\u00e7\u00e3o da <strong>Cia. Os Buriti<\/strong>, refer\u00eancia em teatro de dan\u00e7a no Brasil, que h\u00e1 quase 30 anos leva o nome do DF para os palcos do mundo.<\/p>\n\n\n\n<figure class=\"wp-block-image size-large\"><img loading=\"lazy\" decoding=\"async\" width=\"1024\" height=\"683\" src=\"https:\/\/cidadecult.com.br\/wp-content\/uploads\/2025\/10\/Foto-Diego-Bresani-4-1024x683.jpg\" alt=\"\" class=\"wp-image-14540\" srcset=\"https:\/\/cidadecult.com.br\/wp-content\/uploads\/2025\/10\/Foto-Diego-Bresani-4-1024x683.jpg 1024w, https:\/\/cidadecult.com.br\/wp-content\/uploads\/2025\/10\/Foto-Diego-Bresani-4-300x200.jpg 300w, https:\/\/cidadecult.com.br\/wp-content\/uploads\/2025\/10\/Foto-Diego-Bresani-4-768x513.jpg 768w, https:\/\/cidadecult.com.br\/wp-content\/uploads\/2025\/10\/Foto-Diego-Bresani-4-1536x1025.jpg 1536w, https:\/\/cidadecult.com.br\/wp-content\/uploads\/2025\/10\/Foto-Diego-Bresani-4-2048x1367.jpg 2048w, https:\/\/cidadecult.com.br\/wp-content\/uploads\/2025\/10\/Foto-Diego-Bresani-4-750x501.jpg 750w, https:\/\/cidadecult.com.br\/wp-content\/uploads\/2025\/10\/Foto-Diego-Bresani-4-1140x761.jpg 1140w\" sizes=\"auto, (max-width: 1024px) 100vw, 1024px\" \/><figcaption class=\"wp-element-caption\">Cr\u00e9dito: Diego Bresani<\/figcaption><\/figure>\n\n\n\n<hr class=\"wp-block-separator has-alpha-channel-opacity\"\/>\n\n\n\n<p><strong>Servi\u00e7o \u2013 Espet\u00e1culo \u201cDepois do Sil\u00eancio\u201d<\/strong><br>\ud83d\udcc5 Dias: 03, 04 e 05 de outubro<br>\ud83d\udd57 Hor\u00e1rios: Sex e S\u00e1b \u00e0s 20h | Dom \u00e0s 19h<br>\ud83d\udccd Local: Teatro Paulo Gracindo \u2013 SESC Gama (SIND QI 1 \u2013 Gama, DF)<br>\ud83c\udf9f\ufe0f Entrada gratuita \u2013 Basta chegar<br>\u23f1\ufe0f Dura\u00e7\u00e3o: 60 minutos<br>\ud83d\udd1e Classifica\u00e7\u00e3o: 12 anos<br>\ud83d\udcf2 Mais infos: <a href=\"https:\/\/instagram.com\/osburiti\">@osburiti<\/a> |<\/p>\n","protected":false},"excerpt":{"rendered":"<p>Ap\u00f3s circular por festivais nacionais e internacionais, o premiado espet\u00e1culo brasiliense \u201cDepois do Sil\u00eancio\u201d, da Cia. Os Buriti, retorna ao Distrito Federal para uma s\u00e9rie de sess\u00f5es gratuitas no Teatro Paulo Gracindo (SESC Gama), nos dias 03, 04 e 05 de outubro. A pe\u00e7a mistura teatro e dan\u00e7a, \u00e9 bil\u00edngue (portugu\u00eas\/Libras) e aborda acessibilidade, inclus\u00e3o [&hellip;]<\/p>\n","protected":false},"author":777,"featured_media":14541,"comment_status":"open","ping_status":"open","sticky":false,"template":"","format":"standard","meta":{"_monsterinsights_skip_tracking":false,"_monsterinsights_sitenote_active":false,"_monsterinsights_sitenote_note":"","_monsterinsights_sitenote_category":0,"footnotes":""},"categories":[401],"tags":[5364,5368,5369,5361,5362,5371,5365,5370],"class_list":["post-14537","post","type-post","status-publish","format-standard","has-post-thumbnail","hentry","category-teatro","tag-cia","tag-cia-os-buritis","tag-ciaosburitis","tag-diego-bresani","tag-diegobresani","tag-helen-keller","tag-os-buritis","tag-sescgama-2"],"_links":{"self":[{"href":"https:\/\/cidadecult.com.br\/index.php?rest_route=\/wp\/v2\/posts\/14537","targetHints":{"allow":["GET"]}}],"collection":[{"href":"https:\/\/cidadecult.com.br\/index.php?rest_route=\/wp\/v2\/posts"}],"about":[{"href":"https:\/\/cidadecult.com.br\/index.php?rest_route=\/wp\/v2\/types\/post"}],"author":[{"embeddable":true,"href":"https:\/\/cidadecult.com.br\/index.php?rest_route=\/wp\/v2\/users\/777"}],"replies":[{"embeddable":true,"href":"https:\/\/cidadecult.com.br\/index.php?rest_route=%2Fwp%2Fv2%2Fcomments&post=14537"}],"version-history":[{"count":1,"href":"https:\/\/cidadecult.com.br\/index.php?rest_route=\/wp\/v2\/posts\/14537\/revisions"}],"predecessor-version":[{"id":14543,"href":"https:\/\/cidadecult.com.br\/index.php?rest_route=\/wp\/v2\/posts\/14537\/revisions\/14543"}],"wp:featuredmedia":[{"embeddable":true,"href":"https:\/\/cidadecult.com.br\/index.php?rest_route=\/wp\/v2\/media\/14541"}],"wp:attachment":[{"href":"https:\/\/cidadecult.com.br\/index.php?rest_route=%2Fwp%2Fv2%2Fmedia&parent=14537"}],"wp:term":[{"taxonomy":"category","embeddable":true,"href":"https:\/\/cidadecult.com.br\/index.php?rest_route=%2Fwp%2Fv2%2Fcategories&post=14537"},{"taxonomy":"post_tag","embeddable":true,"href":"https:\/\/cidadecult.com.br\/index.php?rest_route=%2Fwp%2Fv2%2Ftags&post=14537"}],"curies":[{"name":"wp","href":"https:\/\/api.w.org\/{rel}","templated":true}]}}