{"id":14524,"date":"2025-10-01T10:18:34","date_gmt":"2025-10-01T13:18:34","guid":{"rendered":"https:\/\/cidadecult.com.br\/?p=14524"},"modified":"2025-10-01T10:18:36","modified_gmt":"2025-10-01T13:18:36","slug":"quitanda-cultura-e-saberes-leva-roda-de-tore-e-cinema-indigena-ao-centro-de-brasilia","status":"publish","type":"post","link":"https:\/\/cidadecult.com.br\/?p=14524","title":{"rendered":"Quitanda Cultura e Saberes leva roda de Tor\u00e9 e cinema ind\u00edgena ao centro de Bras\u00edlia"},"content":{"rendered":"\n<p><\/p>\n\n\n\n<p>A luta dos povos origin\u00e1rios entra em cena neste s\u00e1bado (4), \u00e0s 16h, com a programa\u00e7\u00e3o especial do projeto <strong>Quitanda Cultura e Saberes<\/strong>, na <strong>Casa Luz de Yorim\u00e1 (905 Norte, Bras\u00edlia-DF)<\/strong>. A atividade come\u00e7a com uma <strong>Roda de Tor\u00e9 conduzida pela lideran\u00e7a ind\u00edgena J\u00fanior Xucuru<\/strong>, seguida da exibi\u00e7\u00e3o do document\u00e1rio premiado <strong>\u201cLevante Pela Terra\u201d<\/strong>, do cineasta ind\u00edgena <strong>Marcelo Cuhex\u00ea<\/strong>. Tudo com <strong>entrada gratuita<\/strong>.<\/p>\n\n\n\n<p>A <strong>Roda de Tor\u00e9<\/strong> \u00e9 uma manifesta\u00e7\u00e3o cultural, espiritual e pol\u00edtica do povo <strong>Xukuru da Serra do Ororub\u00e1<\/strong>, em Pernambuco. Em Bras\u00edlia, ser\u00e1 conduzida por <strong>J\u00fanior Xucuru<\/strong>, lideran\u00e7a do <strong>Recanto dos Encantados<\/strong>, em Sobradinho (DF). A pr\u00e1tica conecta o corpo \u00e0 ancestralidade e serve como b\u00ean\u00e7\u00e3o para abrir caminhos.<\/p>\n\n\n\n<figure class=\"wp-block-image size-large\"><img loading=\"lazy\" decoding=\"async\" width=\"724\" height=\"1024\" src=\"https:\/\/cidadecult.com.br\/wp-content\/uploads\/2025\/10\/Copia-de-CARTAZ-LEVANTE-COM-LAUREAS-2-724x1024.png\" alt=\"\" class=\"wp-image-14529\" srcset=\"https:\/\/cidadecult.com.br\/wp-content\/uploads\/2025\/10\/Copia-de-CARTAZ-LEVANTE-COM-LAUREAS-2-724x1024.png 724w, https:\/\/cidadecult.com.br\/wp-content\/uploads\/2025\/10\/Copia-de-CARTAZ-LEVANTE-COM-LAUREAS-2-212x300.png 212w, https:\/\/cidadecult.com.br\/wp-content\/uploads\/2025\/10\/Copia-de-CARTAZ-LEVANTE-COM-LAUREAS-2-768x1086.png 768w, https:\/\/cidadecult.com.br\/wp-content\/uploads\/2025\/10\/Copia-de-CARTAZ-LEVANTE-COM-LAUREAS-2-1086x1536.png 1086w, https:\/\/cidadecult.com.br\/wp-content\/uploads\/2025\/10\/Copia-de-CARTAZ-LEVANTE-COM-LAUREAS-2-1448x2048.png 1448w, https:\/\/cidadecult.com.br\/wp-content\/uploads\/2025\/10\/Copia-de-CARTAZ-LEVANTE-COM-LAUREAS-2-750x1061.png 750w, https:\/\/cidadecult.com.br\/wp-content\/uploads\/2025\/10\/Copia-de-CARTAZ-LEVANTE-COM-LAUREAS-2-1140x1613.png 1140w, https:\/\/cidadecult.com.br\/wp-content\/uploads\/2025\/10\/Copia-de-CARTAZ-LEVANTE-COM-LAUREAS-2.png 1587w\" sizes=\"auto, (max-width: 724px) 100vw, 724px\" \/><\/figure>\n\n\n\n<p>Na sequ\u00eancia, o p\u00fablico poder\u00e1 assistir ao document\u00e1rio <strong>\u201cLevante Pela Terra\u201d<\/strong>, filmado durante o acampamento ind\u00edgena que ocupou Bras\u00edlia em 2021, em protesto contra o PL 490. O projeto de lei amea\u00e7a a demarca\u00e7\u00e3o de terras e os direitos constitucionais dos povos ind\u00edgenas. Gravado em plena pandemia, o curta denuncia as viol\u00eancias sofridas e celebra a resist\u00eancia das comunidades origin\u00e1rias.<\/p>\n\n\n\n<p>A obra, dirigida por <strong>Marcelo Cuhex\u00ea<\/strong>, j\u00e1 foi <strong>premiada no Festival de Bras\u00edlia<\/strong>, no <strong>Festival de Tagu\u00e1<\/strong> e no <strong>Cine Kurumin<\/strong>, consolidando-se como refer\u00eancia no audiovisual ind\u00edgena contempor\u00e2neo. O cineasta tamb\u00e9m \u00e9 diretor da s\u00e9rie <em>Terra Sem Pecado<\/em>, que trata de g\u00eanero e sexualidade entre povos ind\u00edgenas, trazendo um olhar interseccional \u00e0s pautas identit\u00e1rias.<\/p>\n\n\n\n<p>Ap\u00f3s a sess\u00e3o, ser\u00e1 realizado um <strong>bate-papo aberto<\/strong>, promovendo o di\u00e1logo entre o p\u00fablico e as quest\u00f5es levantadas pelo filme.<\/p>\n\n\n\n<p>O evento integra o calend\u00e1rio do projeto <strong>Quitanda Cultura e Saberes<\/strong>, idealizado por <strong>M\u00e3e Leila \u2013 Auaracyara<\/strong>, ialorix\u00e1 e presidenta da Casa Luz de Yorim\u00e1. A proposta busca <strong>conectar territ\u00f3rios e tradi\u00e7\u00f5es<\/strong>, levando manifesta\u00e7\u00f5es culturais perif\u00e9ricas, negras e ind\u00edgenas ao centro de Bras\u00edlia.<\/p>\n\n\n\n<blockquote class=\"wp-block-quote is-layout-flow wp-block-quote-is-layout-flow\">\n<p>\u201cEstamos rompendo os muros invis\u00edveis entre centro e periferia, reafirmando que esses territ\u00f3rios t\u00eam cultura, pot\u00eancia e hist\u00f3ria\u201d, afirma M\u00e3e Leila.<\/p>\n<\/blockquote>\n\n\n\n<p>O nome do projeto homenageia as <strong>quitandeiras<\/strong>, mulheres negras que resistiram com empreendedorismo, ancestralidade e for\u00e7a. Assim como elas, a Quitanda Cultura e Saberes circula entre centros e margens, levando cuidado e conhecimento.<\/p>\n\n\n\n<hr class=\"wp-block-separator has-alpha-channel-opacity\"\/>\n\n\n\n<p><strong>Servi\u00e7o \u2013 Roda de Tor\u00e9 e exibi\u00e7\u00e3o do filme \u201cLevante Pela Terra\u201d<\/strong><br>\ud83d\udcc5 S\u00e1bado, 04\/10\/2025<br>\ud83d\udd53 A partir das 16h<br>\ud83d\udccd Casa Luz de Yorim\u00e1 \u2013 905 Norte, Bras\u00edlia-DF<br>\ud83c\udf9f\ufe0f Entrada gratuita<br>\ud83d\udcf2 Mais informa\u00e7\u00f5es: <a href=\"https:\/\/www.instagram.com\/luzdeyorima\/\">@luzdeyorima<\/a><\/p>\n","protected":false},"excerpt":{"rendered":"<p>A luta dos povos origin\u00e1rios entra em cena neste s\u00e1bado (4), \u00e0s 16h, com a programa\u00e7\u00e3o especial do projeto Quitanda Cultura e Saberes, na Casa Luz de Yorim\u00e1 (905 Norte, Bras\u00edlia-DF). A atividade come\u00e7a com uma Roda de Tor\u00e9 conduzida pela lideran\u00e7a ind\u00edgena J\u00fanior Xucuru, seguida da exibi\u00e7\u00e3o do document\u00e1rio premiado \u201cLevante Pela Terra\u201d, do [&hellip;]<\/p>\n","protected":false},"author":777,"featured_media":14527,"comment_status":"open","ping_status":"open","sticky":false,"template":"","format":"standard","meta":{"_monsterinsights_skip_tracking":false,"_monsterinsights_sitenote_active":false,"_monsterinsights_sitenote_note":"","_monsterinsights_sitenote_category":0,"footnotes":""},"categories":[232],"tags":[],"class_list":["post-14524","post","type-post","status-publish","format-standard","has-post-thumbnail","hentry","category-cinema"],"_links":{"self":[{"href":"https:\/\/cidadecult.com.br\/index.php?rest_route=\/wp\/v2\/posts\/14524","targetHints":{"allow":["GET"]}}],"collection":[{"href":"https:\/\/cidadecult.com.br\/index.php?rest_route=\/wp\/v2\/posts"}],"about":[{"href":"https:\/\/cidadecult.com.br\/index.php?rest_route=\/wp\/v2\/types\/post"}],"author":[{"embeddable":true,"href":"https:\/\/cidadecult.com.br\/index.php?rest_route=\/wp\/v2\/users\/777"}],"replies":[{"embeddable":true,"href":"https:\/\/cidadecult.com.br\/index.php?rest_route=%2Fwp%2Fv2%2Fcomments&post=14524"}],"version-history":[{"count":1,"href":"https:\/\/cidadecult.com.br\/index.php?rest_route=\/wp\/v2\/posts\/14524\/revisions"}],"predecessor-version":[{"id":14530,"href":"https:\/\/cidadecult.com.br\/index.php?rest_route=\/wp\/v2\/posts\/14524\/revisions\/14530"}],"wp:featuredmedia":[{"embeddable":true,"href":"https:\/\/cidadecult.com.br\/index.php?rest_route=\/wp\/v2\/media\/14527"}],"wp:attachment":[{"href":"https:\/\/cidadecult.com.br\/index.php?rest_route=%2Fwp%2Fv2%2Fmedia&parent=14524"}],"wp:term":[{"taxonomy":"category","embeddable":true,"href":"https:\/\/cidadecult.com.br\/index.php?rest_route=%2Fwp%2Fv2%2Fcategories&post=14524"},{"taxonomy":"post_tag","embeddable":true,"href":"https:\/\/cidadecult.com.br\/index.php?rest_route=%2Fwp%2Fv2%2Ftags&post=14524"}],"curies":[{"name":"wp","href":"https:\/\/api.w.org\/{rel}","templated":true}]}}