{"id":1449,"date":"2023-10-18T14:14:40","date_gmt":"2023-10-18T17:14:40","guid":{"rendered":"https:\/\/cidadecult.com.br\/?p=1449"},"modified":"2023-10-18T14:14:42","modified_gmt":"2023-10-18T17:14:42","slug":"arraia-chico-cesar-e-mais-na-programacao-cultural-do-fim-de-semana","status":"publish","type":"post","link":"https:\/\/cidadecult.com.br\/?p=1449","title":{"rendered":"Arrai\u00e1, Chico C\u00e9sar e mais na programa\u00e7\u00e3o cultural do fim de semana"},"content":{"rendered":"\n<p>Festival Canto a Canto traz o cantor paraibano com entrada gratuita na Casa do Cantador, em Ceil\u00e2ndia. Confira outras op\u00e7\u00f5es de lazer pelo Distrito Federal at\u00e9 domingo (24)<\/p>\n\n\n\n<p>Tha\u00eds Miranda, da Ag\u00eancia Bras\u00edlia | Edi\u00e7\u00e3o: Carolina Lobo<\/p>\n\n\n\n<p>O fim de semana est\u00e1 repleto de op\u00e7\u00f5es de lazer e cultura para o brasiliense se divertir. Al\u00e9m de exposi\u00e7\u00f5es fotogr\u00e1ficas e pe\u00e7as teatrais e cinema tradicionalmente oferecidos pelos equipamentos p\u00fablicos do Distrito Federal, o destaque vai para a terceira edi\u00e7\u00e3o do festival&nbsp;<em>Canto a Canto<\/em>, na Casa do Cantador, e para o Arrai\u00e1 Chap\u00e9u de Palha, um dos maiores festivais de quadrilhas do quadradinho.<\/p>\n\n\n\n<figure class=\"wp-block-image\"><img decoding=\"async\" src=\"http:\/\/agenciabrasilia.df.gov.br\/wp-conteudo\/uploads\/2023\/09\/Divulgacao-300x300.jpg\" alt=\"\" class=\"wp-image-546885\"\/><figcaption>Arte: Divulga\u00e7\u00e3o<\/figcaption><\/figure>\n\n\n\n<p>De sexta-feira (22) a domingo (24), o DF vai receber um dos maiores festivais de quadrilhas. O Arrai\u00e1 Chap\u00e9u de Palha vai reunir o melhor dos festivais juninos na capital federal. O evento ser\u00e1 no estacionamento do Est\u00e1dio Bezerr\u00e3o, no Gama, com entrada social mediante doa\u00e7\u00e3o de 1 kg de alimento n\u00e3o perec\u00edvel.<\/p>\n\n\n\n<p>A programa\u00e7\u00e3o do arrai\u00e1 est\u00e1 repleta de atra\u00e7\u00f5es para todos os p\u00fablicos, com bandas, cantores, exposi\u00e7\u00f5es e apresenta\u00e7\u00f5es de quadrilhas juninas do DF e de Goi\u00e1s. Para conferir o cronograma completo do evento, acesse a&nbsp;<a href=\"https:\/\/www.instagram.com\/institutoluarte\/\" target=\"_blank\" rel=\"noreferrer noopener\">p\u00e1gina oficial nas redes sociais<\/a>.<\/p>\n\n\n\n<p>O festival&nbsp;<em>Canto a Canto<\/em>&nbsp;ocorre neste s\u00e1bado (23), a partir das 16h. A atra\u00e7\u00e3o principal ser\u00e1 o paraibano Chico C\u00e9sar. O artista \u00e9 um s\u00edmbolo da m\u00fasica brasileira mundo afora e traz a Bras\u00edlia v\u00e1rias influ\u00eancias e diferentes estilos. O evento ser\u00e1 na Casa do Cantador, em Ceil\u00e2ndia, com entrada gratuita.<\/p>\n\n\n\n<figure class=\"wp-block-image\"><img decoding=\"async\" src=\"http:\/\/agenciabrasilia.df.gov.br\/wp-conteudo\/uploads\/2023\/09\/Cine-Brasilia-filme-Oldboy.-Foto-Divulgacao-Cine-Brasilia.jpg\" alt=\"\" class=\"wp-image-546888\"\/><figcaption>O filme \u2018Oldboy\u2019 est\u00e1 em cartaz no Cine Bras\u00edlia, com sess\u00f5es \u00e0s 14h30 | Foto: Divulga\u00e7\u00e3o\/Cine Bras\u00edlia<\/figcaption><\/figure>\n\n\n\n<p>Para quem quer uma alternativa mais tranquila, o Cine Bras\u00edlia \u00e9 uma excelente pedida.&nbsp;<em>Oldboy<\/em>, aclamado filme de 2003 que abriu para o mundo a riqueza da cultura sul-coreana, dirigido por Park Chan-wook, est\u00e1 de volta \u00e0s telas de cinemas em todo o Brasil e o Cine Bras\u00edlia \u00e9 uma das casas a exibir a obra em uma vers\u00e3o remasterizada em 4K para celebrar os 20 anos de seu lan\u00e7amento. O filme fica em cartaz at\u00e9 29 de setembro com sess\u00f5es \u00e0s 14h30.<\/p>\n\n\n\n<p>J\u00e1 no Espa\u00e7o Cultural Renato Russo, o brasiliense pode conferir a exposi\u00e7\u00e3o&nbsp;<em>Pele, Barro, Pedra, Grafite, Rio<\/em>, que apresenta exposi\u00e7\u00f5es individuais simult\u00e2neas de cinco artistas. As exposi\u00e7\u00f5es destacam a import\u00e2ncia da materialidade nas pesquisas das artistas, cada uma delas com abordagens po\u00e9ticas e trajet\u00f3rias distintas. A classifica\u00e7\u00e3o \u00e9 livre e a entrada, gratuita.<\/p>\n\n\n\n<figure class=\"wp-block-image\"><img decoding=\"async\" src=\"http:\/\/agenciabrasilia.df.gov.br\/wp-conteudo\/uploads\/2023\/09\/Exposicao-Pele-Barro-Pedra-Grafite-Rio-Foto-Divulgacao-1007x1024.jpg\" alt=\"\" class=\"wp-image-546890\"\/><figcaption>No Espa\u00e7o Cultural Renato Russo, a exposi\u00e7\u00e3o \u2018Pele, Barro, Pedra, Grafite, Rio\u2019 tem entrada gratuita | Foto: Divulga\u00e7\u00e3o<\/figcaption><\/figure>\n\n\n\n<p>Em nome da diversidade, a Frente Bissexual Brasileira promove o 1\u00ba Encontro Nacional do Movimento Bissexual Brasileiro. O evento tem como objetivo ampliar as articula\u00e7\u00f5es organizadas das comunidades monodissidentes e em especial da bissexual. Sobre o tema, o grupo promoveu uma exposi\u00e7\u00e3o gr\u00e1fica, at\u00e9 30 de setembro, das 10h \u00e0s 20h no mezanino da pra\u00e7a central do Espa\u00e7o Cultural Renato Russo. A entrada \u00e9 gratuita.<\/p>\n","protected":false},"excerpt":{"rendered":"<p>Festival Canto a Canto traz o cantor paraibano com entrada gratuita na Casa do Cantador, em Ceil\u00e2ndia. Confira outras op\u00e7\u00f5es de lazer pelo Distrito Federal at\u00e9 domingo (24) Tha\u00eds Miranda, da Ag\u00eancia Bras\u00edlia | Edi\u00e7\u00e3o: Carolina Lobo O fim de semana est\u00e1 repleto de op\u00e7\u00f5es de lazer e cultura para o brasiliense se divertir. Al\u00e9m [&hellip;]<\/p>\n","protected":false},"author":1,"featured_media":1451,"comment_status":"open","ping_status":"open","sticky":false,"template":"","format":"standard","meta":{"_monsterinsights_skip_tracking":false,"_monsterinsights_sitenote_active":false,"_monsterinsights_sitenote_note":"","_monsterinsights_sitenote_category":0,"footnotes":""},"categories":[41,17,39,3,6],"tags":[],"class_list":["post-1449","post","type-post","status-publish","format-standard","has-post-thumbnail","hentry","category-agenda","category-bsb","category-economics","category-entertainment","category-music"],"_links":{"self":[{"href":"https:\/\/cidadecult.com.br\/index.php?rest_route=\/wp\/v2\/posts\/1449","targetHints":{"allow":["GET"]}}],"collection":[{"href":"https:\/\/cidadecult.com.br\/index.php?rest_route=\/wp\/v2\/posts"}],"about":[{"href":"https:\/\/cidadecult.com.br\/index.php?rest_route=\/wp\/v2\/types\/post"}],"author":[{"embeddable":true,"href":"https:\/\/cidadecult.com.br\/index.php?rest_route=\/wp\/v2\/users\/1"}],"replies":[{"embeddable":true,"href":"https:\/\/cidadecult.com.br\/index.php?rest_route=%2Fwp%2Fv2%2Fcomments&post=1449"}],"version-history":[{"count":1,"href":"https:\/\/cidadecult.com.br\/index.php?rest_route=\/wp\/v2\/posts\/1449\/revisions"}],"predecessor-version":[{"id":1452,"href":"https:\/\/cidadecult.com.br\/index.php?rest_route=\/wp\/v2\/posts\/1449\/revisions\/1452"}],"wp:featuredmedia":[{"embeddable":true,"href":"https:\/\/cidadecult.com.br\/index.php?rest_route=\/wp\/v2\/media\/1451"}],"wp:attachment":[{"href":"https:\/\/cidadecult.com.br\/index.php?rest_route=%2Fwp%2Fv2%2Fmedia&parent=1449"}],"wp:term":[{"taxonomy":"category","embeddable":true,"href":"https:\/\/cidadecult.com.br\/index.php?rest_route=%2Fwp%2Fv2%2Fcategories&post=1449"},{"taxonomy":"post_tag","embeddable":true,"href":"https:\/\/cidadecult.com.br\/index.php?rest_route=%2Fwp%2Fv2%2Ftags&post=1449"}],"curies":[{"name":"wp","href":"https:\/\/api.w.org\/{rel}","templated":true}]}}