{"id":14454,"date":"2025-09-26T16:54:21","date_gmt":"2025-09-26T19:54:21","guid":{"rendered":"https:\/\/cidadecult.com.br\/?p=14454"},"modified":"2025-09-26T16:54:23","modified_gmt":"2025-09-26T19:54:23","slug":"carminho-mergulha-na-poesia-de-ana-hatherly-em-novo-single-autoral-balada-do-pais-que-doi","status":"publish","type":"post","link":"https:\/\/cidadecult.com.br\/?p=14454","title":{"rendered":"Carminho mergulha na poesia de Ana Hatherly em novo single autoral: \u201cBalada do pa\u00eds que d\u00f3i\u201d"},"content":{"rendered":"\n<p><\/p>\n\n\n\n<p>A cantora portuguesa <strong>Carminho<\/strong>, uma das vozes mais marcantes do fado contempor\u00e2neo, lan\u00e7a nesta sexta-feira (26) o single <strong>\u201cBalada do pa\u00eds que d\u00f3i\u201d<\/strong>, pela <strong>Sony Music<\/strong>, refor\u00e7ando sua veia autoral e o di\u00e1logo entre tradi\u00e7\u00e3o e experimenta\u00e7\u00e3o. A faixa chega acompanhada de um videoclipe e marca uma nova fase na carreira da artista, que tamb\u00e9m assina a produ\u00e7\u00e3o musical.<\/p>\n\n\n\n<p>Inspirada nos versos da poeta, escritora e artista pl\u00e1stica <strong>Ana Hatherly (1929\u20132015)<\/strong>, a can\u00e7\u00e3o entrela\u00e7a a densidade po\u00e9tica com uma est\u00e9tica sonora ousada, que mistura a cl\u00e1ssica <strong>guitarra portuguesa<\/strong> com <strong>guitarra el\u00e9trica<\/strong>, <strong>mellotron<\/strong>, <strong>viola de fado<\/strong>, <strong>cristal baschet<\/strong>, <strong>ondas Martenot<\/strong> e at\u00e9 <strong>vocoder<\/strong>, operado pela pr\u00f3pria Carminho.<\/p>\n\n\n\n<blockquote class=\"wp-block-quote is-layout-flow wp-block-quote-is-layout-flow\">\n<p>\u201c\u00c9 um privil\u00e9gio cantar esta poeta que trouxe tanta experimenta\u00e7\u00e3o \u00e0 poesia portuguesa\u201d, conta a cantora. \u201cNeste trabalho, fui muito inspirada pela ideia de que a mulher ocupa um lugar central como int\u00e9rprete, mas que existem muitas narrativas paralelas, mesmo amb\u00edguas, dentro da pr\u00f3pria mulher.\u201d<\/p>\n<\/blockquote>\n\n\n\n<p>A letra \u2014 \u201c<em>O pa\u00eds cai, o pa\u00eds d\u00f3i \/ O tempo vai \/ o tempo d\u00f3i<\/em>\u201d \u2014 reflete um sentimento coletivo e atemporal de melancolia e pertencimento, ressoando com as camadas pol\u00edticas e emocionais que atravessam a can\u00e7\u00e3o.<\/p>\n\n\n\n<h3 class=\"wp-block-heading\">Turn\u00ea brasileira no Festival Fado 2025<\/h3>\n\n\n\n<p>Com uma carreira internacional que j\u00e1 acumula colabora\u00e7\u00f5es com <strong>Chico Buarque<\/strong>, <strong>Caetano Veloso<\/strong>, <strong>Marisa Monte<\/strong> e <strong>Milton Nascimento<\/strong>, Carminho retorna ao Brasil em <strong>novembro<\/strong>, como atra\u00e7\u00e3o do <strong>Festival Fado 2025<\/strong>, com shows confirmados em:<\/p>\n\n\n\n<ul class=\"wp-block-list\">\n<li><strong>Rio de Janeiro (23\/11)<\/strong><\/li>\n\n\n\n<li><strong>S\u00e3o Paulo (24\/11)<\/strong><\/li>\n\n\n\n<li><strong>Bras\u00edlia (26\/11)<\/strong><\/li>\n<\/ul>\n\n\n\n<blockquote class=\"wp-block-quote is-layout-flow wp-block-quote-is-layout-flow\">\n<p>\u201cOs brasileiros perceberam e acarinharam o amor que sinto pela cultura do pa\u00eds. Tenho o privil\u00e9gio de j\u00e1 ter tocado em muitos lugares diferentes do Brasil. E sempre quero voltar\u201d, afirma.<\/p>\n<\/blockquote>\n\n\n\n<p>Com mais de 20 anos de trajet\u00f3ria, Carminho continua a expandir os horizontes do fado sem perder sua ess\u00eancia \u2014 entregando can\u00e7\u00f5es que atravessam tempo, territ\u00f3rios e sentimentos.<\/p>\n\n\n\n<hr class=\"wp-block-separator has-alpha-channel-opacity\"\/>\n\n\n\n<h3 class=\"wp-block-heading\">\ud83c\udfa7 Ou\u00e7a agora:<\/h3>\n\n\n\n<p>\ud83d\udcfa Videoclipe: <a href=\"https:\/\/www.youtube.com\/watch?v=d_OjQvbStaE\">[YouTube]<\/a><br>\ud83c\udfb5 Streaming: <a href=\"https:\/\/open.spotify.com\/intl-pt\/track\/0P15OcwdSyjq1MXbpl6UON?go=1&amp;referral=labelaffiliate&amp;utm_source=1011lBEIXJwp&amp;utm_medium=Sony_SonyMusicPortugal&amp;utm_campaign=labelaffiliate&amp;nd=1&amp;dlsi=0eba7c35ab4b4b68\">[Spotify]<\/a><\/p>\n\n\n\n<hr class=\"wp-block-separator has-alpha-channel-opacity\"\/>\n\n\n\n<h3 class=\"wp-block-heading\">\ud83d\udccc Ficha t\u00e9cnica \u2014 <em>\u201cBalada do pa\u00eds que d\u00f3i\u201d<\/em><\/h3>\n\n\n\n<p>\ud83c\udfbc Letra: Ana Hatherly<br>\ud83c\udfb6 M\u00fasica e produ\u00e7\u00e3o: Carminho<br>\ud83c\udfb8 Viola de fado: Fl\u00e1vio C\u00e9sar Cardoso<br>\ud83c\udfb8 Guitarra el\u00e9trica: Pedro Geraldes<br>\ud83c\udfb9 Mellotron, Ondas Martenot, Cristal Baschet: Jo\u00e3o Pimenta Gomes<br>\ud83c\udfa4 Vocoder: Carminho<br>\ud83c\udf9b Grava\u00e7\u00e3o: Est\u00fadios Namouche (Lisboa)<br>\ud83c\udfa7 Mix: Joaquim Monte<br>\ud83d\udd0a Master: Bob Weston<br>\ud83d\udcc0 Sony Music Portugal (2025)<\/p>\n","protected":false},"excerpt":{"rendered":"<p>A cantora portuguesa Carminho, uma das vozes mais marcantes do fado contempor\u00e2neo, lan\u00e7a nesta sexta-feira (26) o single \u201cBalada do pa\u00eds que d\u00f3i\u201d, pela Sony Music, refor\u00e7ando sua veia autoral e o di\u00e1logo entre tradi\u00e7\u00e3o e experimenta\u00e7\u00e3o. A faixa chega acompanhada de um videoclipe e marca uma nova fase na carreira da artista, que tamb\u00e9m [&hellip;]<\/p>\n","protected":false},"author":777,"featured_media":14455,"comment_status":"open","ping_status":"open","sticky":false,"template":"","format":"standard","meta":{"_monsterinsights_skip_tracking":false,"_monsterinsights_sitenote_active":false,"_monsterinsights_sitenote_note":"","_monsterinsights_sitenote_category":0,"footnotes":""},"categories":[35],"tags":[],"class_list":["post-14454","post","type-post","status-publish","format-standard","has-post-thumbnail","hentry","category-business-news365"],"_links":{"self":[{"href":"https:\/\/cidadecult.com.br\/index.php?rest_route=\/wp\/v2\/posts\/14454","targetHints":{"allow":["GET"]}}],"collection":[{"href":"https:\/\/cidadecult.com.br\/index.php?rest_route=\/wp\/v2\/posts"}],"about":[{"href":"https:\/\/cidadecult.com.br\/index.php?rest_route=\/wp\/v2\/types\/post"}],"author":[{"embeddable":true,"href":"https:\/\/cidadecult.com.br\/index.php?rest_route=\/wp\/v2\/users\/777"}],"replies":[{"embeddable":true,"href":"https:\/\/cidadecult.com.br\/index.php?rest_route=%2Fwp%2Fv2%2Fcomments&post=14454"}],"version-history":[{"count":1,"href":"https:\/\/cidadecult.com.br\/index.php?rest_route=\/wp\/v2\/posts\/14454\/revisions"}],"predecessor-version":[{"id":14456,"href":"https:\/\/cidadecult.com.br\/index.php?rest_route=\/wp\/v2\/posts\/14454\/revisions\/14456"}],"wp:featuredmedia":[{"embeddable":true,"href":"https:\/\/cidadecult.com.br\/index.php?rest_route=\/wp\/v2\/media\/14455"}],"wp:attachment":[{"href":"https:\/\/cidadecult.com.br\/index.php?rest_route=%2Fwp%2Fv2%2Fmedia&parent=14454"}],"wp:term":[{"taxonomy":"category","embeddable":true,"href":"https:\/\/cidadecult.com.br\/index.php?rest_route=%2Fwp%2Fv2%2Fcategories&post=14454"},{"taxonomy":"post_tag","embeddable":true,"href":"https:\/\/cidadecult.com.br\/index.php?rest_route=%2Fwp%2Fv2%2Ftags&post=14454"}],"curies":[{"name":"wp","href":"https:\/\/api.w.org\/{rel}","templated":true}]}}