{"id":14447,"date":"2025-09-26T16:46:59","date_gmt":"2025-09-26T19:46:59","guid":{"rendered":"https:\/\/cidadecult.com.br\/?p=14447"},"modified":"2025-09-26T16:47:06","modified_gmt":"2025-09-26T19:47:06","slug":"violao-em-alta-serie-do-sesctv-explora-o-legado-de-barrios-a-guitarra-brasileira-e-o-poder-do-sete-cordas","status":"publish","type":"post","link":"https:\/\/cidadecult.com.br\/?p=14447","title":{"rendered":"Viol\u00e3o em alta: s\u00e9rie do SescTV explora o legado de Barrios, a guitarra brasileira e o poder do sete cordas"},"content":{"rendered":"\n<p><\/p>\n\n\n\n<p>A nova temporada de <strong>Movimento Viol\u00e3o<\/strong> continua em outubro no <strong>SescTV<\/strong>, oferecendo uma imers\u00e3o musical que vai al\u00e9m da performance: une hist\u00f3ria, identidade cultural e muita sensibilidade sonora. A cada <strong>sexta-feira, \u00e0s 20h<\/strong>, o p\u00fablico \u00e9 convidado a conhecer, por meio de concertos comentados, o universo multifacetado do viol\u00e3o no Brasil e no mundo. Com dire\u00e7\u00e3o de <strong>Paulo Martelli<\/strong>, a s\u00e9rie \u00e9 apresentada por ele ao lado de <strong>Juliana Oliveira<\/strong> e traz m\u00fasicos que tamb\u00e9m s\u00e3o pesquisadores do instrumento.<\/p>\n\n\n\n<h3 class=\"wp-block-heading\">De Barrios ao choro, passando pela guitarra el\u00e9trica<\/h3>\n\n\n\n<p>No dia <strong>3\/10<\/strong>, o epis\u00f3dio \u201c<strong>A influ\u00eancia de Agust\u00edn Barrios<\/strong>\u201d mergulha na obra do compositor paraguaio que revolucionou o viol\u00e3o na Am\u00e9rica Latina. Os m\u00fasicos <strong>F\u00e1bio Zanon<\/strong> e <strong>Glauber Rocha<\/strong> interpretam pe\u00e7as marcantes como <em>Julia Florida<\/em> e refletem sobre o impacto de Barrios como artista solista em pa\u00edses sem tradi\u00e7\u00e3o erudita. O epis\u00f3dio prop\u00f5e um reencontro com a beleza l\u00edrica, a complexidade harm\u00f4nica e a ousadia do compositor.<\/p>\n\n\n\n<p>J\u00e1 no dia <strong>10\/10<\/strong>, \u201c<strong>A guitarra e o viol\u00e3o brasileiro<\/strong>\u201d coloca os dois instrumentos em di\u00e1logo. <strong>Camilo Carrara<\/strong>, <strong>Luciana Romanholi<\/strong> e <strong>Gustavo Costa<\/strong> tra\u00e7am conex\u00f5es entre a guitarra el\u00e9trica e o viol\u00e3o brasileiro, passando pelo tropicalismo, o jazz, a m\u00fasica japonesa e a m\u00fasica de concerto. \u00c9 um epis\u00f3dio que fala de mistura, inova\u00e7\u00e3o e resist\u00eancia, com destaque para o protagonismo feminino e a liberdade de cria\u00e7\u00e3o.<\/p>\n\n\n\n<p>Fechando o m\u00eas, em <strong>17\/10<\/strong>, o epis\u00f3dio \u201c<strong>O viol\u00e3o de 7 cordas<\/strong>\u201d celebra esse \u00edcone da m\u00fasica popular brasileira. Com <strong>Rafael Schimidt<\/strong> e <strong>Z\u00e9 Barbeiro<\/strong>, o sete cordas ganha voz e alma pr\u00f3pria em interpreta\u00e7\u00f5es que v\u00e3o do choro ao samba, passando por composi\u00e7\u00f5es de <strong>Jo\u00e3o Pernambuco<\/strong>, <strong>Jacob do Bandolim<\/strong> e <strong>Dilermando Reis<\/strong>. Al\u00e9m de mostrar a versatilidade do instrumento, os m\u00fasicos falam sobre a tradi\u00e7\u00e3o oral e a nova gera\u00e7\u00e3o que vem ampliando a linguagem do viol\u00e3o.<\/p>\n\n\n\n<figure class=\"wp-block-image size-full\"><img loading=\"lazy\" decoding=\"async\" width=\"849\" height=\"480\" src=\"https:\/\/cidadecult.com.br\/wp-content\/uploads\/2025\/09\/unnamed-7-1.png\" alt=\"\" class=\"wp-image-14450\" srcset=\"https:\/\/cidadecult.com.br\/wp-content\/uploads\/2025\/09\/unnamed-7-1.png 849w, https:\/\/cidadecult.com.br\/wp-content\/uploads\/2025\/09\/unnamed-7-1-300x170.png 300w, https:\/\/cidadecult.com.br\/wp-content\/uploads\/2025\/09\/unnamed-7-1-768x434.png 768w, https:\/\/cidadecult.com.br\/wp-content\/uploads\/2025\/09\/unnamed-7-1-750x424.png 750w\" sizes=\"auto, (max-width: 849px) 100vw, 849px\" \/><figcaption class=\"wp-element-caption\"><em>Luciana Romanholi no epis\u00f3dio \u201cA Guitarra e o Viol\u00e3o Brasileiro\u201d, com estreia em 10\/10. Foto: Alex Ribeiro.<\/em>\u00a0<br><\/figcaption><\/figure>\n\n\n\n<h3 class=\"wp-block-heading\">Um convite para ouvir com aten\u00e7\u00e3o<\/h3>\n\n\n\n<p>Gravada em unidades do <strong>Sesc S\u00e3o Paulo<\/strong>, a s\u00e9rie prop\u00f5e uma escuta ativa, combinando repert\u00f3rios autorais e cl\u00e1ssicos com coment\u00e1rios que revelam bastidores, t\u00e9cnicas e contextos culturais. Tudo isso com um olhar contempor\u00e2neo que aproxima o p\u00fablico jovem de um instrumento muitas vezes associado apenas \u00e0 m\u00fasica cl\u00e1ssica ou ao samba.<\/p>\n\n\n\n<p>Dispon\u00edvel <strong>gratuitamente na TV e online<\/strong>, <strong>Movimento Viol\u00e3o<\/strong> \u00e9 um projeto que traduz a miss\u00e3o do <strong>SescTV<\/strong> de difundir a cultura de forma acess\u00edvel e plural.<\/p>\n\n\n\n<hr class=\"wp-block-separator has-alpha-channel-opacity\"\/>\n\n\n\n<h3 class=\"wp-block-heading\">\ud83d\udccc Servi\u00e7o<\/h3>\n\n\n\n<p><strong>Movimento Viol\u00e3o \u2013 Temporada 2025<\/strong><br>\ud83d\udcfa Estreias: sextas-feiras, \u00e0s 20h, no SescTV<br>\ud83c\udf99 Dire\u00e7\u00e3o: Paulo Martelli<br>\ud83c\udfa4 Apresenta\u00e7\u00e3o: Juliana Oliveira e Paulo Martelli<br>\ud83d\udd1e Classifica\u00e7\u00e3o: Livre<br>\ud83d\udce1 Onde assistir: <a href=\"https:\/\/sesctv.org.br\/movimentoviolao\">sesctv.org.br\/movimentoviolao<\/a><br>\ud83d\udcf1 Redes: @sesctv<\/p>\n\n\n\n<p><strong>Epis\u00f3dios de Outubro<\/strong><br>\ud83c\udfbc 3\/10 \u2013 <em>A influ\u00eancia de Agust\u00edn Barrios<\/em><br>\ud83c\udfb8 10\/10 \u2013 <em>A guitarra e o viol\u00e3o brasileiro<\/em><br>\ud83c\udfb5 17\/10 \u2013 <em>O viol\u00e3o de 7 cordas<\/em><\/p>\n","protected":false},"excerpt":{"rendered":"<p>A nova temporada de Movimento Viol\u00e3o continua em outubro no SescTV, oferecendo uma imers\u00e3o musical que vai al\u00e9m da performance: une hist\u00f3ria, identidade cultural e muita sensibilidade sonora. A cada sexta-feira, \u00e0s 20h, o p\u00fablico \u00e9 convidado a conhecer, por meio de concertos comentados, o universo multifacetado do viol\u00e3o no Brasil e no mundo. Com [&hellip;]<\/p>\n","protected":false},"author":777,"featured_media":14451,"comment_status":"open","ping_status":"open","sticky":false,"template":"","format":"standard","meta":{"_monsterinsights_skip_tracking":false,"_monsterinsights_sitenote_active":false,"_monsterinsights_sitenote_note":"","_monsterinsights_sitenote_category":0,"footnotes":""},"categories":[35],"tags":[],"class_list":["post-14447","post","type-post","status-publish","format-standard","has-post-thumbnail","hentry","category-business-news365"],"_links":{"self":[{"href":"https:\/\/cidadecult.com.br\/index.php?rest_route=\/wp\/v2\/posts\/14447","targetHints":{"allow":["GET"]}}],"collection":[{"href":"https:\/\/cidadecult.com.br\/index.php?rest_route=\/wp\/v2\/posts"}],"about":[{"href":"https:\/\/cidadecult.com.br\/index.php?rest_route=\/wp\/v2\/types\/post"}],"author":[{"embeddable":true,"href":"https:\/\/cidadecult.com.br\/index.php?rest_route=\/wp\/v2\/users\/777"}],"replies":[{"embeddable":true,"href":"https:\/\/cidadecult.com.br\/index.php?rest_route=%2Fwp%2Fv2%2Fcomments&post=14447"}],"version-history":[{"count":1,"href":"https:\/\/cidadecult.com.br\/index.php?rest_route=\/wp\/v2\/posts\/14447\/revisions"}],"predecessor-version":[{"id":14452,"href":"https:\/\/cidadecult.com.br\/index.php?rest_route=\/wp\/v2\/posts\/14447\/revisions\/14452"}],"wp:featuredmedia":[{"embeddable":true,"href":"https:\/\/cidadecult.com.br\/index.php?rest_route=\/wp\/v2\/media\/14451"}],"wp:attachment":[{"href":"https:\/\/cidadecult.com.br\/index.php?rest_route=%2Fwp%2Fv2%2Fmedia&parent=14447"}],"wp:term":[{"taxonomy":"category","embeddable":true,"href":"https:\/\/cidadecult.com.br\/index.php?rest_route=%2Fwp%2Fv2%2Fcategories&post=14447"},{"taxonomy":"post_tag","embeddable":true,"href":"https:\/\/cidadecult.com.br\/index.php?rest_route=%2Fwp%2Fv2%2Ftags&post=14447"}],"curies":[{"name":"wp","href":"https:\/\/api.w.org\/{rel}","templated":true}]}}