{"id":14393,"date":"2025-09-24T12:36:43","date_gmt":"2025-09-24T15:36:43","guid":{"rendered":"https:\/\/cidadecult.com.br\/?p=14393"},"modified":"2025-09-24T12:36:46","modified_gmt":"2025-09-24T15:36:46","slug":"bonecos-gigantes-tomam-conta-do-parque-olhos-dagua-em-desfile-que-celebra-a-cultura-popular-brasileira","status":"publish","type":"post","link":"https:\/\/cidadecult.com.br\/?p=14393","title":{"rendered":"Bonecos gigantes tomam conta do Parque Olhos D\u2019\u00c1gua em desfile que celebra a cultura popular brasileira"},"content":{"rendered":"\n<p><\/p>\n\n\n\n<p>Na manh\u00e3 do dia 27 de setembro, o Parque Olhos D\u2019\u00c1gua, na Asa Norte, ser\u00e1 tomado por cores, m\u00fasica e personagens gigantes. O motivo? A chegada do <strong>Boneca\u00e7o<\/strong>, desfile de bonecos gigantes que percorre parques do Distrito Federal com o objetivo de democratizar o acesso \u00e0 cultura popular.<\/p>\n\n\n\n<p>Com in\u00edcio \u00e0s 8h, o evento \u00e9 gratuito e aberto a todas as idades. Entre os destaques do cortejo est\u00e3o figuras ic\u00f4nicas da cultura brasileira, como o <strong>Homem da Meia-Noite<\/strong>, o <strong>Curucucu<\/strong> (inspirado nas Cavalhadas de Piren\u00f3polis), al\u00e9m de dan\u00e7arinas de festa junina e outros personagens tradicionais. Tudo isso ao som de uma fanfarra animada, convidando o p\u00fablico a entrar no ritmo da celebra\u00e7\u00e3o.<\/p>\n\n\n\n<p>O projeto \u00e9 realizado pela empresa <strong>Criar e Animar<\/strong>, refer\u00eancia na confec\u00e7\u00e3o e anima\u00e7\u00e3o de bonecos gigantes no DF desde os anos 1980. Com apoio do <strong>Fundo de Apoio \u00e0 Cultura (FAC)<\/strong> e da <strong>Secretaria de Cultura e Economia Criativa do DF<\/strong>, a proposta \u00e9 simples, mas poderosa: levar arte e alegria para espa\u00e7os p\u00fablicos, fortalecendo o v\u00ednculo entre a comunidade e as tradi\u00e7\u00f5es populares brasileiras.<\/p>\n\n\n\n<figure class=\"wp-block-image size-large\"><img loading=\"lazy\" decoding=\"async\" width=\"1024\" height=\"707\" src=\"https:\/\/cidadecult.com.br\/wp-content\/uploads\/2025\/09\/IMG_1235-1024x707.jpg\" alt=\"\" class=\"wp-image-14395\" srcset=\"https:\/\/cidadecult.com.br\/wp-content\/uploads\/2025\/09\/IMG_1235-1024x707.jpg 1024w, https:\/\/cidadecult.com.br\/wp-content\/uploads\/2025\/09\/IMG_1235-300x207.jpg 300w, https:\/\/cidadecult.com.br\/wp-content\/uploads\/2025\/09\/IMG_1235-768x530.jpg 768w, https:\/\/cidadecult.com.br\/wp-content\/uploads\/2025\/09\/IMG_1235-1536x1060.jpg 1536w, https:\/\/cidadecult.com.br\/wp-content\/uploads\/2025\/09\/IMG_1235-2048x1414.jpg 2048w, https:\/\/cidadecult.com.br\/wp-content\/uploads\/2025\/09\/IMG_1235-750x518.jpg 750w, https:\/\/cidadecult.com.br\/wp-content\/uploads\/2025\/09\/IMG_1235-1140x787.jpg 1140w\" sizes=\"auto, (max-width: 1024px) 100vw, 1024px\" \/><\/figure>\n\n\n\n<blockquote class=\"wp-block-quote is-layout-flow wp-block-quote-is-layout-flow\">\n<p>\u201cOs bonecos gigantes t\u00eam esse poder de encantar crian\u00e7as e adultos, despertando mem\u00f3ria afetiva e senso de pertencimento. O Boneca\u00e7o \u00e9 uma festa democr\u00e1tica, feita para todo mundo se sentir parte da cultura\u201d, afirma Henrique Costa, idealizador da Criar e Animar.<\/p>\n<\/blockquote>\n\n\n\n<p>Al\u00e9m de ser um espet\u00e1culo visual, o desfile tamb\u00e9m promove o contato direto com express\u00f5es do folclore e das festas populares, contribuindo para a valoriza\u00e7\u00e3o das manifesta\u00e7\u00f5es culturais brasileiras \u2014 muitas vezes pouco acess\u00edveis em contextos urbanos.<\/p>\n\n\n\n<h3 class=\"wp-block-heading\">\ud83d\udccc <strong>Servi\u00e7o<\/strong><\/h3>\n\n\n\n<p><strong>Boneca\u00e7o \u2013 Desfile de Bonecos Gigantes<\/strong><br>\ud83d\udcc5 Data: 27 de setembro de 2025<br>\ud83d\udd57 Hor\u00e1rio: 8h<br>\ud83d\udccd Local: Parque Olhos D\u2019\u00c1gua \u2013 SQN 413\/414, Asa Norte \u2013 DF<br>\ud83c\udfad Evento gratuito e livre para todos os p\u00fablicos<br>\ud83d\udcde Contato: Criar e Animar \u2013 (61) 3556-6605<br>\ud83d\udcf1 Henrique Costa \u2013 (61) 99991-7541<\/p>\n","protected":false},"excerpt":{"rendered":"<p>Na manh\u00e3 do dia 27 de setembro, o Parque Olhos D\u2019\u00c1gua, na Asa Norte, ser\u00e1 tomado por cores, m\u00fasica e personagens gigantes. O motivo? A chegada do Boneca\u00e7o, desfile de bonecos gigantes que percorre parques do Distrito Federal com o objetivo de democratizar o acesso \u00e0 cultura popular. Com in\u00edcio \u00e0s 8h, o evento \u00e9 [&hellip;]<\/p>\n","protected":false},"author":777,"featured_media":14394,"comment_status":"open","ping_status":"open","sticky":false,"template":"","format":"standard","meta":{"_monsterinsights_skip_tracking":false,"_monsterinsights_sitenote_active":false,"_monsterinsights_sitenote_note":"","_monsterinsights_sitenote_category":0,"footnotes":""},"categories":[401],"tags":[],"class_list":["post-14393","post","type-post","status-publish","format-standard","has-post-thumbnail","hentry","category-teatro"],"_links":{"self":[{"href":"https:\/\/cidadecult.com.br\/index.php?rest_route=\/wp\/v2\/posts\/14393","targetHints":{"allow":["GET"]}}],"collection":[{"href":"https:\/\/cidadecult.com.br\/index.php?rest_route=\/wp\/v2\/posts"}],"about":[{"href":"https:\/\/cidadecult.com.br\/index.php?rest_route=\/wp\/v2\/types\/post"}],"author":[{"embeddable":true,"href":"https:\/\/cidadecult.com.br\/index.php?rest_route=\/wp\/v2\/users\/777"}],"replies":[{"embeddable":true,"href":"https:\/\/cidadecult.com.br\/index.php?rest_route=%2Fwp%2Fv2%2Fcomments&post=14393"}],"version-history":[{"count":1,"href":"https:\/\/cidadecult.com.br\/index.php?rest_route=\/wp\/v2\/posts\/14393\/revisions"}],"predecessor-version":[{"id":14396,"href":"https:\/\/cidadecult.com.br\/index.php?rest_route=\/wp\/v2\/posts\/14393\/revisions\/14396"}],"wp:featuredmedia":[{"embeddable":true,"href":"https:\/\/cidadecult.com.br\/index.php?rest_route=\/wp\/v2\/media\/14394"}],"wp:attachment":[{"href":"https:\/\/cidadecult.com.br\/index.php?rest_route=%2Fwp%2Fv2%2Fmedia&parent=14393"}],"wp:term":[{"taxonomy":"category","embeddable":true,"href":"https:\/\/cidadecult.com.br\/index.php?rest_route=%2Fwp%2Fv2%2Fcategories&post=14393"},{"taxonomy":"post_tag","embeddable":true,"href":"https:\/\/cidadecult.com.br\/index.php?rest_route=%2Fwp%2Fv2%2Ftags&post=14393"}],"curies":[{"name":"wp","href":"https:\/\/api.w.org\/{rel}","templated":true}]}}