{"id":1438,"date":"2023-10-18T13:55:38","date_gmt":"2023-10-18T16:55:38","guid":{"rendered":"https:\/\/cidadecult.com.br\/?p=1438"},"modified":"2023-10-18T13:55:40","modified_gmt":"2023-10-18T16:55:40","slug":"gdf-garante-eventos-turisticos-com-acessibilidade-e-igualdade","status":"publish","type":"post","link":"https:\/\/cidadecult.com.br\/?p=1438","title":{"rendered":"GDF garante eventos tur\u00edsticos com acessibilidade e igualdade"},"content":{"rendered":"\n<p>Portaria publicada nesta ter\u00e7a-feira (19) refor\u00e7a a necessidade de oportunidades \u00e0s pessoas com defici\u00eancia e com mobilidade reduzida em eventos celebrados entre as Organiza\u00e7\u00f5es da Sociedade Civil e a Setur<\/p>\n\n\n\n<p>Ag\u00eancia Bras\u00edlia* | Edi\u00e7\u00e3o: Igor Silveira<\/p>\n\n\n\n<p>Os eventos tur\u00edsticos desempenham um papel fundamental na promo\u00e7\u00e3o do turismo e no desenvolvimento econ\u00f4mico de uma regi\u00e3o. A Secretaria de Turismo do Distrito Federal (Setur-DF) vem implantando, cada vez mais, a\u00e7\u00f5es e projetos que tornem o turismo acess\u00edvel e igualit\u00e1rio. Neste sentido, a pasta assinou a portaria que refor\u00e7a e assegura a acessibilidade e igualdade de oportunidades \u00e0s pessoas com defici\u00eancia e com mobilidade reduzida.<\/p>\n\n\n\n<figure class=\"wp-block-image\"><img decoding=\"async\" src=\"http:\/\/agenciabrasilia.df.gov.br\/wp-conteudo\/uploads\/2023\/09\/WhatsApp-Image-2023-09-19-at-16.31.56.jpeg\" alt=\"\" class=\"wp-image-546033\"\/><figcaption>O evento Bras\u00edlia Monumental, promovido pela Setur-DF no \u00faltimo 7 de setembro, contou com toda a estrutura de acessibilidade necess\u00e1ria para mais conforto aos frequentadores | Foto: Joel Rodrigues\/Ag\u00eancia Bras\u00edlia<\/figcaption><\/figure>\n\n\n\n<p><a href=\"https:\/\/www.sinj.df.gov.br\/sinj\/Norma\/eaad0e3b06ae438fb047f933df10d290\/Portaria_5_26_01_2023.html\">A portaria de n\u00famero 26<\/a>, de 30 agosto de 2023, altera o artigo 17 da portaria n\u00ba 5, 26 de janeiro de 2023, que institui ato normativo setorial para celebra\u00e7\u00e3o, execu\u00e7\u00e3o e presta\u00e7\u00e3o de contas de parcerias com Organiza\u00e7\u00f5es da Sociedade Civil (OSC), celebradas no \u00e2mbito da Setur-DF.&nbsp; A nova reda\u00e7\u00e3o do&nbsp;<a href=\"https:\/\/www.sinj.df.gov.br\/sinj\/Norma\/e3f96190d3b94d97a7ccb9c487611c04\/setur_prt_26_2023.html#art1\">art. 17<\/a>&nbsp;fica da seguinte forma: \u201cO plano de trabalho ser\u00e1 elaborado pela OSC com base no roteiro previsto no Anexo I, e dever\u00e1 garantir acessibilidade e igualdade de oportunidades \u00e0s pessoas com defici\u00eancia e com mobilidade reduzida, mediante rampas de acesso a todas as \u00e1reas do evento, reservando espa\u00e7os livres \u00e0 frente do palco, quando houver, bem como a disponibiliza\u00e7\u00e3o de tradutor e int\u00e9rpretes da Libras, com proje\u00e7\u00e3o simult\u00e2nea quando houver tel\u00e3o.\u201d<\/p>\n\n\n\n<p>O secret\u00e1rio de Turismo, Cristiano Ara\u00fajo, afirma que \u201cessa \u00e9 uma portaria que refor\u00e7a o direito da popula\u00e7\u00e3o. Como secret\u00e1rio de Turismo do DF, venho destacando a necessidade do turismo ser acess\u00edvel para todos. Quando os eventos tur\u00edsticos s\u00e3o projetados com acessibilidade, eles se tornam mais acolhedores para todos os visitantes. Uma atra\u00e7\u00e3o tur\u00edstica com rampas de acesso n\u00e3o beneficia apenas cadeirantes, mas tamb\u00e9m pessoas com carrinhos de beb\u00ea, idosos com mobilidade reduzida e qualquer pessoa que prefira uma passagem mais pr\u00e1tica.\u201d<\/p>\n","protected":false},"excerpt":{"rendered":"<p>Portaria publicada nesta ter\u00e7a-feira (19) refor\u00e7a a necessidade de oportunidades \u00e0s pessoas com defici\u00eancia e com mobilidade reduzida em eventos celebrados entre as Organiza\u00e7\u00f5es da Sociedade Civil e a Setur Ag\u00eancia Bras\u00edlia* | Edi\u00e7\u00e3o: Igor Silveira Os eventos tur\u00edsticos desempenham um papel fundamental na promo\u00e7\u00e3o do turismo e no desenvolvimento econ\u00f4mico de uma regi\u00e3o. A [&hellip;]<\/p>\n","protected":false},"author":1,"featured_media":1439,"comment_status":"open","ping_status":"open","sticky":false,"template":"","format":"standard","meta":{"_monsterinsights_skip_tracking":false,"_monsterinsights_sitenote_active":false,"_monsterinsights_sitenote_note":"","_monsterinsights_sitenote_category":0,"footnotes":""},"categories":[17,34,3],"tags":[],"class_list":["post-1438","post","type-post","status-publish","format-standard","has-post-thumbnail","hentry","category-bsb","category-destaque","category-entertainment"],"_links":{"self":[{"href":"https:\/\/cidadecult.com.br\/index.php?rest_route=\/wp\/v2\/posts\/1438","targetHints":{"allow":["GET"]}}],"collection":[{"href":"https:\/\/cidadecult.com.br\/index.php?rest_route=\/wp\/v2\/posts"}],"about":[{"href":"https:\/\/cidadecult.com.br\/index.php?rest_route=\/wp\/v2\/types\/post"}],"author":[{"embeddable":true,"href":"https:\/\/cidadecult.com.br\/index.php?rest_route=\/wp\/v2\/users\/1"}],"replies":[{"embeddable":true,"href":"https:\/\/cidadecult.com.br\/index.php?rest_route=%2Fwp%2Fv2%2Fcomments&post=1438"}],"version-history":[{"count":1,"href":"https:\/\/cidadecult.com.br\/index.php?rest_route=\/wp\/v2\/posts\/1438\/revisions"}],"predecessor-version":[{"id":1440,"href":"https:\/\/cidadecult.com.br\/index.php?rest_route=\/wp\/v2\/posts\/1438\/revisions\/1440"}],"wp:featuredmedia":[{"embeddable":true,"href":"https:\/\/cidadecult.com.br\/index.php?rest_route=\/wp\/v2\/media\/1439"}],"wp:attachment":[{"href":"https:\/\/cidadecult.com.br\/index.php?rest_route=%2Fwp%2Fv2%2Fmedia&parent=1438"}],"wp:term":[{"taxonomy":"category","embeddable":true,"href":"https:\/\/cidadecult.com.br\/index.php?rest_route=%2Fwp%2Fv2%2Fcategories&post=1438"},{"taxonomy":"post_tag","embeddable":true,"href":"https:\/\/cidadecult.com.br\/index.php?rest_route=%2Fwp%2Fv2%2Ftags&post=1438"}],"curies":[{"name":"wp","href":"https:\/\/api.w.org\/{rel}","templated":true}]}}