{"id":14370,"date":"2025-09-23T21:15:52","date_gmt":"2025-09-24T00:15:52","guid":{"rendered":"https:\/\/cidadecult.com.br\/?p=14370"},"modified":"2025-09-23T21:15:54","modified_gmt":"2025-09-24T00:15:54","slug":"sessao-especial-da-movi-celebra-o-audiovisual-independente-brasiliense-no-df","status":"publish","type":"post","link":"https:\/\/cidadecult.com.br\/?p=14370","title":{"rendered":"Sess\u00e3o especial da MOVI celebra o audiovisual independente brasiliense no DF"},"content":{"rendered":"\n<p><\/p>\n\n\n\n<p>No pr\u00f3ximo s\u00e1bado, 27 de setembro, \u00e0s 17h, a MOVI \u2013 Mostra de V\u00eddeo Independente Brasiliense realiza uma sess\u00e3o especial na Hypnacoteca Maravalhas, trazendo um mergulho na produ\u00e7\u00e3o audiovisual independente do Distrito Federal desde os anos 80.<\/p>\n\n\n\n<p>O p\u00fablico poder\u00e1 assistir a um panorama criativo e diversificado, com trabalhos de diretores e coletivos que marcaram a cena local, como Marcelo Coelho, Rodrigo Roal, Corpos Inform\u00e1ticos, Carla Rocha, Fred Sidou, Maria Maia, Rodrigo Paglieri, Elyeser Szturm, Solymar Cunha, Oziel Ara\u00fajo, Mayra Miranda, Jo\u00e3o Angelini, Grupo Mesa de Luz, M\u00e1rcio H. Mota, Fernando Aquino, Raquel Piantino e Krshna Passos.<\/p>\n\n\n\n<p>Al\u00e9m das exibi\u00e7\u00f5es, haver\u00e1 a distribui\u00e7\u00e3o gratuita de cat\u00e1logos para o p\u00fablico presente. A entrada \u00e9 franca.<\/p>\n\n\n\n<p>\ud83d\udccd O espa\u00e7o fica no N\u00facleo Rural C\u00f3rrego do Urubu, Ch\u00e1cara 24 \u2013 logo ap\u00f3s a cerca da Academia Nacional de Pol\u00edcia, com acesso por cerca de 2 km de estrada de ch\u00e3o (placas indicativas estar\u00e3o no caminho).<\/p>\n\n\n\n<p>A sess\u00e3o promete n\u00e3o apenas revisitar a mem\u00f3ria da produ\u00e7\u00e3o audiovisual do DF, mas tamb\u00e9m refor\u00e7ar a relev\u00e2ncia da cria\u00e7\u00e3o independente na forma\u00e7\u00e3o cultural da regi\u00e3o.<\/p>\n\n\n\n<figure class=\"wp-block-image size-large\"><img loading=\"lazy\" decoding=\"async\" width=\"625\" height=\"1024\" src=\"https:\/\/cidadecult.com.br\/wp-content\/uploads\/2025\/09\/9356f258-beb5-4e08-a97b-c16e7d01552e-625x1024.jpeg\" alt=\"\" class=\"wp-image-14371\" srcset=\"https:\/\/cidadecult.com.br\/wp-content\/uploads\/2025\/09\/9356f258-beb5-4e08-a97b-c16e7d01552e-625x1024.jpeg 625w, https:\/\/cidadecult.com.br\/wp-content\/uploads\/2025\/09\/9356f258-beb5-4e08-a97b-c16e7d01552e-183x300.jpeg 183w, https:\/\/cidadecult.com.br\/wp-content\/uploads\/2025\/09\/9356f258-beb5-4e08-a97b-c16e7d01552e.jpeg 652w\" sizes=\"auto, (max-width: 625px) 100vw, 625px\" \/><\/figure>\n","protected":false},"excerpt":{"rendered":"<p>No pr\u00f3ximo s\u00e1bado, 27 de setembro, \u00e0s 17h, a MOVI \u2013 Mostra de V\u00eddeo Independente Brasiliense realiza uma sess\u00e3o especial na Hypnacoteca Maravalhas, trazendo um mergulho na produ\u00e7\u00e3o audiovisual independente do Distrito Federal desde os anos 80. O p\u00fablico poder\u00e1 assistir a um panorama criativo e diversificado, com trabalhos de diretores e coletivos que marcaram [&hellip;]<\/p>\n","protected":false},"author":1441,"featured_media":14371,"comment_status":"open","ping_status":"open","sticky":false,"template":"","format":"standard","meta":{"_monsterinsights_skip_tracking":false,"_monsterinsights_sitenote_active":false,"_monsterinsights_sitenote_note":"","_monsterinsights_sitenote_category":0,"footnotes":""},"categories":[232],"tags":[5340,5338],"class_list":["post-14370","post","type-post","status-publish","format-standard","has-post-thumbnail","hentry","category-cinema","tag-independente","tag-movi"],"_links":{"self":[{"href":"https:\/\/cidadecult.com.br\/index.php?rest_route=\/wp\/v2\/posts\/14370","targetHints":{"allow":["GET"]}}],"collection":[{"href":"https:\/\/cidadecult.com.br\/index.php?rest_route=\/wp\/v2\/posts"}],"about":[{"href":"https:\/\/cidadecult.com.br\/index.php?rest_route=\/wp\/v2\/types\/post"}],"author":[{"embeddable":true,"href":"https:\/\/cidadecult.com.br\/index.php?rest_route=\/wp\/v2\/users\/1441"}],"replies":[{"embeddable":true,"href":"https:\/\/cidadecult.com.br\/index.php?rest_route=%2Fwp%2Fv2%2Fcomments&post=14370"}],"version-history":[{"count":1,"href":"https:\/\/cidadecult.com.br\/index.php?rest_route=\/wp\/v2\/posts\/14370\/revisions"}],"predecessor-version":[{"id":14372,"href":"https:\/\/cidadecult.com.br\/index.php?rest_route=\/wp\/v2\/posts\/14370\/revisions\/14372"}],"wp:featuredmedia":[{"embeddable":true,"href":"https:\/\/cidadecult.com.br\/index.php?rest_route=\/wp\/v2\/media\/14371"}],"wp:attachment":[{"href":"https:\/\/cidadecult.com.br\/index.php?rest_route=%2Fwp%2Fv2%2Fmedia&parent=14370"}],"wp:term":[{"taxonomy":"category","embeddable":true,"href":"https:\/\/cidadecult.com.br\/index.php?rest_route=%2Fwp%2Fv2%2Fcategories&post=14370"},{"taxonomy":"post_tag","embeddable":true,"href":"https:\/\/cidadecult.com.br\/index.php?rest_route=%2Fwp%2Fv2%2Ftags&post=14370"}],"curies":[{"name":"wp","href":"https:\/\/api.w.org\/{rel}","templated":true}]}}