{"id":14361,"date":"2025-09-23T16:35:01","date_gmt":"2025-09-23T19:35:01","guid":{"rendered":"https:\/\/cidadecult.com.br\/?p=14361"},"modified":"2025-09-23T16:35:04","modified_gmt":"2025-09-23T19:35:04","slug":"paqueta-fashion-days-canoas-recebe-celebridades-e-dois-dias-de-moda-e-estilo","status":"publish","type":"post","link":"https:\/\/cidadecult.com.br\/?p=14361","title":{"rendered":"Paquet\u00e1 Fashion Days: Canoas recebe celebridades e dois dias de moda e estilo"},"content":{"rendered":"\n<p><em>Foto: Maori Filmes<\/em><\/p>\n\n\n\n<p>Nos dias <strong>25 e 26 de setembro<\/strong>, <strong>Canoas (RS)<\/strong> ser\u00e1 o palco da<strong> primeira edi\u00e7\u00e3o <\/strong>do <strong><em>&#8220;Paquet\u00e1 fashion days&#8221;,<\/em><\/strong> evento que promete unir estilo, glamour e neg\u00f3cios, movimentando a <strong>economia ga\u00facha <\/strong>e colocando o <strong>Rio Grande do Sul<\/strong> ainda mais em evid\u00eancia no cen\u00e1rio da moda nacional.<\/p>\n\n\n\n<p>Com a presen\u00e7a de <strong>27 marcas renomadas do setor cal\u00e7adista<\/strong>, os desfiles apresentam em primeira m\u00e3o as tend\u00eancias para o Ver\u00e3o, ao mesmo tempo em que fortalecem o varejo e geram oportunidades para a ind\u00fastria.<\/p>\n\n\n\n<p>Entre os famosos que j\u00e1 confirmaram presen\u00e7a est\u00e3o <strong>Giovanna Lancellotti (Dakota), Bernardo Velasco (Adidas), Sheila Mello (Beira Rio), Ricardo Tozzi (Pegada), Chico Lachowski (Ferracini), B\u00e1rbara Coelho (Diadora), Viegas (Olympikus)<\/strong>, al\u00e9m de outros artistas e influenciadores que dar\u00e3o brilho ao evento.<\/p>\n\n\n\n<h3 class=\"wp-block-heading\">Programa\u00e7\u00e3o de desfiles: <\/h3>\n\n\n\n<ul class=\"wp-block-list\">\n<li><strong>Quinta-feira, 25\/09<\/strong>&#8211;<br>\ud83d\udd57 20h \u2013 Fila, Kolosh, Mormaii, Comfortflex, Olympikus, Beira Rio e Democrata;<br>\ud83d\udd58 21h \u2013 Ramarim, Mizuno, Mississipi, Aramis, Via Marte, Diadora e Piccadilly. <\/li>\n\n\n\n<li><strong>Sexta-feira, 26\/09<\/strong>&#8211; <br>\ud83d\udd57 20h \u2013 OSC, Ferracini, Usaflex, PUMA, Dakota e Under Armour;<br>\ud83d\udd58 21h \u2013 Pegada, Bebec\u00ea, Rider, Bottero, Adidas, Vizzano e New Balance.<\/li>\n<\/ul>\n\n\n\n<p>De acordo com <strong>Renan Constantino<\/strong>, s\u00f3cio-diretor do Grupo Oscar, a expectativa \u00e9 receber cerca de <strong>5 mil convidados nos dois dias de evento<\/strong>:<\/p>\n\n\n\n<blockquote class=\"wp-block-quote is-layout-flow wp-block-quote-is-layout-flow\">\n<p>\u201cEscolhemos Canoas pela sua relev\u00e2ncia cultural e econ\u00f4mica no Estado, que \u00e9 o segundo maior polo cal\u00e7adista do Brasil.\u201d<\/p>\n<\/blockquote>\n\n\n\n<h3 class=\"wp-block-heading\">Servi\u00e7o: <\/h3>\n\n\n\n<p>\ud83d\udccd <strong>Local:<\/strong> Multiplan Hall | Park Shopping Canoas (Av. Farroupilha, 4545 \u2013 Canoas, RS);<br>\ud83d\udcc5 <strong>Datas:<\/strong> 25 e 26 de setembro;<br>\u23f0 <strong>Hor\u00e1rios:<\/strong> 20h e 21h;<br>\ud83c\udf9f\ufe0f <strong>Ingresso solid\u00e1rio:<\/strong> 1 lata de leite em p\u00f3 = 1 par de ingressos por CPF;<br>\ud83d\udcbb <strong>Transmiss\u00e3o online:<\/strong> dispon\u00edvel no site oficial.<\/p>\n\n\n\n<p>Mais do que moda, o Paquet\u00e1<em> Fashion Days <\/em>\u00e9 uma <strong>celebra\u00e7\u00e3o da criatividade, da economia e da for\u00e7a ga\u00facha<\/strong>, um encontro para ver, sentir e viver o futuro do setor cal\u00e7adista no Brasil.<\/p>\n","protected":false},"excerpt":{"rendered":"<p>Foto: Maori Filmes Nos dias 25 e 26 de setembro, Canoas (RS) ser\u00e1 o palco da primeira edi\u00e7\u00e3o do &#8220;Paquet\u00e1 fashion days&#8221;, evento que promete unir estilo, glamour e neg\u00f3cios, movimentando a economia ga\u00facha e colocando o Rio Grande do Sul ainda mais em evid\u00eancia no cen\u00e1rio da moda nacional. Com a presen\u00e7a de 27 [&hellip;]<\/p>\n","protected":false},"author":1441,"featured_media":14362,"comment_status":"open","ping_status":"open","sticky":false,"template":"","format":"standard","meta":{"_monsterinsights_skip_tracking":false,"_monsterinsights_sitenote_active":false,"_monsterinsights_sitenote_note":"","_monsterinsights_sitenote_category":0,"footnotes":""},"categories":[54],"tags":[1280],"class_list":["post-14361","post","type-post","status-publish","format-standard","has-post-thumbnail","hentry","category-brasil","tag-riograndedosul"],"_links":{"self":[{"href":"https:\/\/cidadecult.com.br\/index.php?rest_route=\/wp\/v2\/posts\/14361","targetHints":{"allow":["GET"]}}],"collection":[{"href":"https:\/\/cidadecult.com.br\/index.php?rest_route=\/wp\/v2\/posts"}],"about":[{"href":"https:\/\/cidadecult.com.br\/index.php?rest_route=\/wp\/v2\/types\/post"}],"author":[{"embeddable":true,"href":"https:\/\/cidadecult.com.br\/index.php?rest_route=\/wp\/v2\/users\/1441"}],"replies":[{"embeddable":true,"href":"https:\/\/cidadecult.com.br\/index.php?rest_route=%2Fwp%2Fv2%2Fcomments&post=14361"}],"version-history":[{"count":1,"href":"https:\/\/cidadecult.com.br\/index.php?rest_route=\/wp\/v2\/posts\/14361\/revisions"}],"predecessor-version":[{"id":14363,"href":"https:\/\/cidadecult.com.br\/index.php?rest_route=\/wp\/v2\/posts\/14361\/revisions\/14363"}],"wp:featuredmedia":[{"embeddable":true,"href":"https:\/\/cidadecult.com.br\/index.php?rest_route=\/wp\/v2\/media\/14362"}],"wp:attachment":[{"href":"https:\/\/cidadecult.com.br\/index.php?rest_route=%2Fwp%2Fv2%2Fmedia&parent=14361"}],"wp:term":[{"taxonomy":"category","embeddable":true,"href":"https:\/\/cidadecult.com.br\/index.php?rest_route=%2Fwp%2Fv2%2Fcategories&post=14361"},{"taxonomy":"post_tag","embeddable":true,"href":"https:\/\/cidadecult.com.br\/index.php?rest_route=%2Fwp%2Fv2%2Ftags&post=14361"}],"curies":[{"name":"wp","href":"https:\/\/api.w.org\/{rel}","templated":true}]}}