{"id":14348,"date":"2025-09-23T15:38:54","date_gmt":"2025-09-23T18:38:54","guid":{"rendered":"https:\/\/cidadecult.com.br\/?p=14348"},"modified":"2025-09-23T15:39:09","modified_gmt":"2025-09-23T18:39:09","slug":"liza-colon-zayas-a-forca-invisivel-que-agora-todos-conseguem-ver","status":"publish","type":"post","link":"https:\/\/cidadecult.com.br\/?p=14348","title":{"rendered":"Liza Col\u00f3n-Zayas: a for\u00e7a invis\u00edvel que agora todos conseguem ver"},"content":{"rendered":"\n<h2 class=\"wp-block-heading\"><\/h2>\n\n\n\n<p><strong>S\u00e9rie: VOZES DA AM\u00c9RICA LATINA<\/strong><\/p>\n\n\n\n<p>Por d\u00e9cadas, Liza Col\u00f3n-Zayas construiu sua carreira longe dos holofotes, dando vida a personagens que raramente ganhavam o devido destaque. Mas tudo mudou quando ela subiu ao palco do Emmy 2024, visivelmente emocionada, para receber o pr\u00eamio de Melhor Atriz Coadjuvante em S\u00e9rie de Com\u00e9dia por sua atua\u00e7\u00e3o em <em>The Bear<\/em>. Ao agradecer, deixou um recado direto: <em>&#8220;A todas as latinas que est\u00e3o olhando para mim, continuem acreditando.&#8221;<\/em><\/p>\n\n\n\n<p>Liza, nascida no Bronx e com ra\u00edzes porto-riquenhas, se tornou a <strong>primeira latina a conquistar essa categoria<\/strong>. Mas sua trajet\u00f3ria vai muito al\u00e9m do trof\u00e9u: ela \u00e9 cofundadora da companhia de teatro LAByrinth, j\u00e1 escreveu e estrelou seu pr\u00f3prio mon\u00f3logo, e durante anos foi educadora em abrigos e projetos sociais. Cada passo refor\u00e7a sua miss\u00e3o: dar visibilidade \u00e0s hist\u00f3rias que geralmente passam despercebidas.<\/p>\n\n\n\n<p>Em <em>The Bear<\/em>, ela interpreta Tina, uma cozinheira veterana que se reinventa em meio ao caos de uma cozinha de alta gastronomia. Foi no epis\u00f3dio &#8220;Napkins&#8221;, ao revisitar o passado da personagem, que Liza entregou uma performance visceral, revelando as camadas de uma mulher resiliente, marcada pelo desemprego e pela invisibilidade. &#8220;Tina representa uma multid\u00e3o de pessoas que mant\u00eam o pa\u00eds funcionando&#8221;, diz Liza. \u201cMas que raramente s\u00e3o vistas.\u201d<\/p>\n\n\n\n<p>Mais do que reconhecimento, ela busca impacto. Mesmo com novos projetos a caminho \u2013 de um filme do Homem-Aranha a um drama no Hulu \u2013 Liza se mant\u00e9m firme no prop\u00f3sito de ampliar a presen\u00e7a latina em pap\u00e9is complexos e aut\u00eanticos. \u201cEstamos em um ponto de inflex\u00e3o\u201d, afirma. \u201cE \u00e9 hora de correr riscos para contar as hist\u00f3rias que ainda faltam.\u201d<\/p>\n\n\n\n<figure class=\"wp-block-image size-full\"><img loading=\"lazy\" decoding=\"async\" width=\"667\" height=\"1000\" src=\"https:\/\/cidadecult.com.br\/wp-content\/uploads\/2025\/09\/o2t4d6qjsu2sr38rwgodz95hgjuo.jpg\" alt=\"\" class=\"wp-image-14350\" srcset=\"https:\/\/cidadecult.com.br\/wp-content\/uploads\/2025\/09\/o2t4d6qjsu2sr38rwgodz95hgjuo.jpg 667w, https:\/\/cidadecult.com.br\/wp-content\/uploads\/2025\/09\/o2t4d6qjsu2sr38rwgodz95hgjuo-200x300.jpg 200w\" sizes=\"auto, (max-width: 667px) 100vw, 667px\" \/><figcaption class=\"wp-element-caption\">Roberta Estrela D\u00b4Alva (Divulga\u00e7\u00e3o)<\/figcaption><\/figure>\n\n\n\n<h3 class=\"wp-block-heading\">\ud83c\udf1f No Brasil: Roberta Estrela D\u2019Alva, a voz da periferia que ecoa nos palcos<\/h3>\n\n\n\n<p>Assim como Liza Col\u00f3n-Zayas, a brasileira <strong>Roberta Estrela D&#8217;Alva<\/strong> tamb\u00e9m trilhou um caminho art\u00edstico pautado pela resist\u00eancia, autenticidade e desejo de dar voz a quem muitas vezes \u00e9 silenciado.<\/p>\n\n\n\n<p>Atriz, poeta, apresentadora e uma das pioneiras da cultura <strong>slam<\/strong> no Brasil, Roberta \u00e9 refer\u00eancia quando o assunto \u00e9 transformar dor em arte. Criadora do <em>Slam BR<\/em> \u2013 o primeiro campeonato nacional de poesia falada \u2013 ela abriu espa\u00e7o para centenas de jovens, principalmente negros e perif\u00e9ricos, mostrarem sua pot\u00eancia.<\/p>\n\n\n\n<p>Nos palcos, ela transita entre teatro, m\u00fasica, poesia e audiovisual, sempre com a miss\u00e3o de representar viv\u00eancias reais, sem filtros. Com trabalhos que misturam cr\u00edtica social, ancestralidade e afeto, Roberta tornou-se s\u00edmbolo de uma arte engajada e acess\u00edvel.<\/p>\n\n\n\n<p>Sua presen\u00e7a nas redes e na m\u00eddia tamb\u00e9m ajuda a reconfigurar o imagin\u00e1rio popular: mulheres negras, da periferia, com voz ativa e protagonismo. Tal como Liza, Roberta tamb\u00e9m acredita que <strong>\u201cser vista\u201d<\/strong> \u00e9 s\u00f3 o come\u00e7o. A verdadeira revolu\u00e7\u00e3o \u00e9 quando todas podem falar, criar e comandar suas pr\u00f3prias narrativas.<\/p>\n","protected":false},"excerpt":{"rendered":"<p>S\u00e9rie: VOZES DA AM\u00c9RICA LATINA Por d\u00e9cadas, Liza Col\u00f3n-Zayas construiu sua carreira longe dos holofotes, dando vida a personagens que raramente ganhavam o devido destaque. Mas tudo mudou quando ela subiu ao palco do Emmy 2024, visivelmente emocionada, para receber o pr\u00eamio de Melhor Atriz Coadjuvante em S\u00e9rie de Com\u00e9dia por sua atua\u00e7\u00e3o em The [&hellip;]<\/p>\n","protected":false},"author":777,"featured_media":14349,"comment_status":"open","ping_status":"open","sticky":false,"template":"","format":"standard","meta":{"_monsterinsights_skip_tracking":false,"_monsterinsights_sitenote_active":false,"_monsterinsights_sitenote_note":"","_monsterinsights_sitenote_category":0,"footnotes":""},"categories":[5334],"tags":[5332,5333,5331],"class_list":["post-14348","post","type-post","status-publish","format-standard","has-post-thumbnail","hentry","category-vozes-da-america-latina","tag-liza-colon-zayas","tag-roberta-estrela-dalva","tag-vozes-da-america-latina"],"_links":{"self":[{"href":"https:\/\/cidadecult.com.br\/index.php?rest_route=\/wp\/v2\/posts\/14348","targetHints":{"allow":["GET"]}}],"collection":[{"href":"https:\/\/cidadecult.com.br\/index.php?rest_route=\/wp\/v2\/posts"}],"about":[{"href":"https:\/\/cidadecult.com.br\/index.php?rest_route=\/wp\/v2\/types\/post"}],"author":[{"embeddable":true,"href":"https:\/\/cidadecult.com.br\/index.php?rest_route=\/wp\/v2\/users\/777"}],"replies":[{"embeddable":true,"href":"https:\/\/cidadecult.com.br\/index.php?rest_route=%2Fwp%2Fv2%2Fcomments&post=14348"}],"version-history":[{"count":1,"href":"https:\/\/cidadecult.com.br\/index.php?rest_route=\/wp\/v2\/posts\/14348\/revisions"}],"predecessor-version":[{"id":14360,"href":"https:\/\/cidadecult.com.br\/index.php?rest_route=\/wp\/v2\/posts\/14348\/revisions\/14360"}],"wp:featuredmedia":[{"embeddable":true,"href":"https:\/\/cidadecult.com.br\/index.php?rest_route=\/wp\/v2\/media\/14349"}],"wp:attachment":[{"href":"https:\/\/cidadecult.com.br\/index.php?rest_route=%2Fwp%2Fv2%2Fmedia&parent=14348"}],"wp:term":[{"taxonomy":"category","embeddable":true,"href":"https:\/\/cidadecult.com.br\/index.php?rest_route=%2Fwp%2Fv2%2Fcategories&post=14348"},{"taxonomy":"post_tag","embeddable":true,"href":"https:\/\/cidadecult.com.br\/index.php?rest_route=%2Fwp%2Fv2%2Ftags&post=14348"}],"curies":[{"name":"wp","href":"https:\/\/api.w.org\/{rel}","templated":true}]}}