{"id":1431,"date":"2023-10-18T13:51:39","date_gmt":"2023-10-18T16:51:39","guid":{"rendered":"https:\/\/cidadecult.com.br\/?p=1431"},"modified":"2023-10-18T13:51:41","modified_gmt":"2023-10-18T16:51:41","slug":"projeto-leva-brincadeiras-populares-a-alunos-de-escolas-publicas-do-df","status":"publish","type":"post","link":"https:\/\/cidadecult.com.br\/?p=1431","title":{"rendered":"Projeto leva brincadeiras populares a alunos de escolas p\u00fablicas do DF"},"content":{"rendered":"\n<p>\u200cCom recursos do FAC, oficinas culturais e arte-educativas ocorrem at\u00e9 novembro em unidades de Sobradinho e Planaltina<\/p>\n\n\n\n<p>Catarina Loiola, da Ag\u00eancia Bras\u00edlia | Edi\u00e7\u00e3o: Saulo Moreno<\/p>\n\n\n\n<p>Brincadeiras de rodas, cirandas, cantigas, entre outras tradi\u00e7\u00f5es populares s\u00e3o incentivadas pelo projeto Ciranda do Brincar: valorizando a primeira inf\u00e2ncia. Com o est\u00edmulo do Fundo de Apoio \u00e0 Cultura (FAC), da Secretaria de Cultura e Economia Criativa do Distrito Federal (Secec), a iniciativa leva cultura e divers\u00e3o para crian\u00e7as de 4 a 6 anos matriculadas nos centros de educa\u00e7\u00e3o infantil (CEI) 1 de Planaltina e de Sobradinho.\u200c<\/p>\n\n\n\n<blockquote class=\"wp-block-quote is-layout-flow wp-block-quote-is-layout-flow\"><p>\u201cNas grandes metr\u00f3poles, as crian\u00e7as est\u00e3o mais isoladas, mais fechadas, sem o conv\u00edvio comunit\u00e1rio, onde os saberes tradicionais s\u00e3o passados. O projeto tem o cunho de resgatar e valorizar essa cultura\u201dRayla Costa, arte-educadora<\/p><\/blockquote>\n\n\n\n<p>At\u00e9 novembro, ser\u00e3o realizadas 49 oficinas culturais e arte-educativas para 800 crian\u00e7as e oito oficinas de cunho formativo, com 24 horas-aula, para 40 professores. Duas oficinas para o p\u00fablico infantil s\u00e3o adaptadas para crian\u00e7as com algum tipo de transtorno global de desenvolvimento (TGD). Tamb\u00e9m haver\u00e1 quatro apresenta\u00e7\u00f5es art\u00edsticas direcionadas \u00e0 comunidade escolar, com espet\u00e1culos de palha\u00e7aria e mamulengo.\u200c<\/p>\n\n\n\n<p>O projeto Ciranda do Brincar: valorizando a primeira inf\u00e2ncia foi concebido pelos grupos Ciranda de Alecrim, Casa Moringa e Justa Trama Produ\u00e7\u00f5es, com o objetivo de promover brinquedos e brincadeiras de tradi\u00e7\u00e3o oral brasileira. A experi\u00eancia tem como fundamenta\u00e7\u00e3o metodol\u00f3gica a Pedagogia Gri\u00f4, criada pela coordenadora pedag\u00f3gica do projeto, L\u00edllian Pacheco.\u200c<\/p>\n\n\n\n<p>A experi\u00eancia cultural \u00e9 passada para os pequenos pelos arte-educadores Rayla Costa e Matheus Lima. Rayla acredita que o contato excessivo com telas, como televis\u00f5es e celulares, impacta na rela\u00e7\u00e3o das crian\u00e7as com brincadeiras tradicionais. \u201cNas grandes metr\u00f3poles, as crian\u00e7as est\u00e3o mais isoladas, mais fechadas, sem o conv\u00edvio comunit\u00e1rio, onde os saberes tradicionais s\u00e3o passados. O projeto tem o cunho de resgatar e valorizar essa cultura.\u201d\u200c<\/p>\n\n\n\n<figure class=\"wp-block-image\"><img decoding=\"async\" src=\"http:\/\/agenciabrasilia.df.gov.br\/wp-conteudo\/uploads\/2023\/09\/DENTRO-JRO_7531-1024x683.jpg\" alt=\"\" class=\"wp-image-545847\"\/><figcaption>Educadores refor\u00e7am que a pr\u00e1tica de brincar \u00e9 essencial para o desenvolvimento das habilidades dos pequenos e enfatiza que os momentos de divers\u00e3o e criatividade n\u00e3o devem ser negligenciados | Foto: Joel Rodrigues\/Ag\u00eancia Bras\u00edlia<\/figcaption><\/figure>\n\n\n\n<p>Por isso, al\u00e9m de incentivar as crian\u00e7as, o projeto abrange tamb\u00e9m os professores e a comunidade escolar. \u201cUm dos objetivos \u00e9 fazer com que os professores, pais e familiares alcancem a crian\u00e7a que tem guardada dentro de si, porque traz uma rela\u00e7\u00e3o mais emp\u00e1tica com os alunos no dia a dia e para que consigam brincar com eles de maneira espont\u00e2nea e inteira, n\u00e3o apenas com o olhar pedag\u00f3gico\u201d, aponta Matheus.\u200c<\/p>\n\n\n\n<p>A coordenadora do Fundo de Apoio \u00e0 Cultura, Cec\u00edlia Carvalho, ressalta a import\u00e2ncia do trabalho desenvolvido. \u201cSabemos que as brincadeiras tradicionais n\u00e3o s\u00e3o apenas divertidas, mas tamb\u00e9m fundamentais para o desenvolvimento saud\u00e1vel das crian\u00e7as. Elas estimulam a imagina\u00e7\u00e3o, a criatividade e a intera\u00e7\u00e3o social, proporcionando \u00e0s crian\u00e7as uma base s\u00f3lida para o aprendizado futuro\u201d, avalia Carvalho. \u201cAcreditamos que a cultura n\u00e3o deve ser um privil\u00e9gio, mas um direito de todos. \u00c9 crucial fomentar a riqueza art\u00edstica e educacional a todas as crian\u00e7as, independentemente de onde vivam ou de suas circunst\u00e2ncias\u201d, completa.<\/p>\n\n\n\n<p><strong>Leia tamb\u00e9m<\/strong><a href=\"https:\/\/www.agenciabrasilia.df.gov.br\/2023\/09\/16\/programa-parque-educador-e-homenageado-na-cldf\/\"><strong>Programa Parque Educador \u00e9 homenageado na CLDF<\/strong><\/a><a href=\"https:\/\/www.agenciabrasilia.df.gov.br\/2023\/09\/06\/circuito-cultura-leva-profissionalizacao-a-planaltina-e-sobradinho\/\"><strong>Circuito Cultura leva profissionaliza\u00e7\u00e3o a Planaltina e Sobradinho<\/strong><\/a><a href=\"https:\/\/www.agenciabrasilia.df.gov.br\/2023\/09\/12\/bombeiros-militares-dao-aulas-de-musica-em-escolas-de-gestao-compartilhada\/\"><strong>Bombeiros militares d\u00e3o aulas de m\u00fasica em escolas de gest\u00e3o compartilhada<\/strong><\/a><\/p>\n\n\n\n<p>As apresenta\u00e7\u00f5es come\u00e7aram no CEI 1 de Planaltina na \u00faltima semana. A institui\u00e7\u00e3o atende a 594 alunos de 4 a 6 anos nos turnos matutino e vespertino. Professora da escola h\u00e1 cinco anos, Daniele Rangel, 38 anos, afirma que a pr\u00e1tica de brincar \u00e9 essencial para o desenvolvimento das habilidades dos pequenos e enfatiza que os momentos de divers\u00e3o e criatividade n\u00e3o devem ser negligenciados.\u200c<\/p>\n\n\n\n<p>\u201cO brincar para as crian\u00e7as, principalmente na primeira inf\u00e2ncia, \u00e9 de suma import\u00e2ncia para o desenvolvimento dos sistemas motor e cognitivo. Existem brincadeiras que ativam todo o corpo, mas tamb\u00e9m brincadeiras que mexem com pontos espec\u00edficos, como a coordena\u00e7\u00e3o motora grossa, que \u00e9 o mexer das m\u00e3os, e a capacidade de racioc\u00ednio, no caso das brincadeiras que exigem que a crian\u00e7a crie estrat\u00e9gias\u201d, explica Rangel. \u201cEsse projeto nos ajuda a pensar em mais formas de auxiliar o crescimento dos alunos e ainda faz com que tenham mais contato com a nossa cultura, que \u00e9 t\u00e3o rica\u201d, completa.<\/p>\n","protected":false},"excerpt":{"rendered":"<p>\u200cCom recursos do FAC, oficinas culturais e arte-educativas ocorrem at\u00e9 novembro em unidades de Sobradinho e Planaltina Catarina Loiola, da Ag\u00eancia Bras\u00edlia | Edi\u00e7\u00e3o: Saulo Moreno Brincadeiras de rodas, cirandas, cantigas, entre outras tradi\u00e7\u00f5es populares s\u00e3o incentivadas pelo projeto Ciranda do Brincar: valorizando a primeira inf\u00e2ncia. Com o est\u00edmulo do Fundo de Apoio \u00e0 Cultura [&hellip;]<\/p>\n","protected":false},"author":1,"featured_media":1432,"comment_status":"open","ping_status":"open","sticky":false,"template":"","format":"standard","meta":{"_monsterinsights_skip_tracking":false,"_monsterinsights_sitenote_active":false,"_monsterinsights_sitenote_note":"","_monsterinsights_sitenote_category":0,"footnotes":""},"categories":[17,34],"tags":[],"class_list":["post-1431","post","type-post","status-publish","format-standard","has-post-thumbnail","hentry","category-bsb","category-destaque"],"_links":{"self":[{"href":"https:\/\/cidadecult.com.br\/index.php?rest_route=\/wp\/v2\/posts\/1431","targetHints":{"allow":["GET"]}}],"collection":[{"href":"https:\/\/cidadecult.com.br\/index.php?rest_route=\/wp\/v2\/posts"}],"about":[{"href":"https:\/\/cidadecult.com.br\/index.php?rest_route=\/wp\/v2\/types\/post"}],"author":[{"embeddable":true,"href":"https:\/\/cidadecult.com.br\/index.php?rest_route=\/wp\/v2\/users\/1"}],"replies":[{"embeddable":true,"href":"https:\/\/cidadecult.com.br\/index.php?rest_route=%2Fwp%2Fv2%2Fcomments&post=1431"}],"version-history":[{"count":1,"href":"https:\/\/cidadecult.com.br\/index.php?rest_route=\/wp\/v2\/posts\/1431\/revisions"}],"predecessor-version":[{"id":1433,"href":"https:\/\/cidadecult.com.br\/index.php?rest_route=\/wp\/v2\/posts\/1431\/revisions\/1433"}],"wp:featuredmedia":[{"embeddable":true,"href":"https:\/\/cidadecult.com.br\/index.php?rest_route=\/wp\/v2\/media\/1432"}],"wp:attachment":[{"href":"https:\/\/cidadecult.com.br\/index.php?rest_route=%2Fwp%2Fv2%2Fmedia&parent=1431"}],"wp:term":[{"taxonomy":"category","embeddable":true,"href":"https:\/\/cidadecult.com.br\/index.php?rest_route=%2Fwp%2Fv2%2Fcategories&post=1431"},{"taxonomy":"post_tag","embeddable":true,"href":"https:\/\/cidadecult.com.br\/index.php?rest_route=%2Fwp%2Fv2%2Ftags&post=1431"}],"curies":[{"name":"wp","href":"https:\/\/api.w.org\/{rel}","templated":true}]}}