{"id":14297,"date":"2025-09-22T11:04:13","date_gmt":"2025-09-22T14:04:13","guid":{"rendered":"https:\/\/cidadecult.com.br\/?p=14297"},"modified":"2025-09-22T17:55:14","modified_gmt":"2025-09-22T20:55:14","slug":"exposicao-sensibilita-transforma-o-venancio-shopping-em-espaco-de-arte-inclusiva-e-sensorial-em-outubro","status":"publish","type":"post","link":"https:\/\/cidadecult.com.br\/?p=14297","title":{"rendered":"Exposi\u00e7\u00e3o \u201cSensibilit\u00e0\u201d transforma o Ven\u00e2ncio Shopping em espa\u00e7o de arte inclusiva e sensorial em outubro"},"content":{"rendered":"\n<p><\/p>\n\n\n\n<p>De <strong>1\u00ba a 29 de outubro de 2025<\/strong>, o <strong>Ven\u00e2ncio Shopping<\/strong>, no Plano Piloto, recebe a exposi\u00e7\u00e3o <strong>\u201cSensibilit\u00e0: uma experi\u00eancia sensorial e inclusiva\u201d<\/strong>, criada pela artista visual e professora <strong>Claudia Bertolin<\/strong>. A mostra, com entrada gratuita e classifica\u00e7\u00e3o livre, convida o p\u00fablico a <strong>sentir a arte al\u00e9m do olhar<\/strong>, explorando texturas, sons e intera\u00e7\u00f5es t\u00e1teis.<\/p>\n\n\n\n<p>O destaque da exposi\u00e7\u00e3o est\u00e1 nas pe\u00e7as produzidas em <strong>Fusing<\/strong>, t\u00e9cnica que funde vidro e metais em pain\u00e9is luminosos e \u00fanicos, assinados por Bertolin. Al\u00e9m disso, a mostra apresenta obras desenvolvidas por pessoas com defici\u00eancia visual em oficinas realizadas no <strong>Centro de Ensino Especial de Deficientes Visuais (CEEDV)<\/strong> e na <strong>Biblioteca Braille Dorina Nowill<\/strong>, ampliando a proposta de inclus\u00e3o e valoriza\u00e7\u00e3o da diversidade criativa.<\/p>\n\n\n\n<figure class=\"wp-block-image size-large\"><img loading=\"lazy\" decoding=\"async\" width=\"1024\" height=\"682\" src=\"https:\/\/cidadecult.com.br\/wp-content\/uploads\/2025\/09\/Sensibilita-Credito-Rafael-Fernandes-2-1024x682.jpg\" alt=\"\" class=\"wp-image-14298\" srcset=\"https:\/\/cidadecult.com.br\/wp-content\/uploads\/2025\/09\/Sensibilita-Credito-Rafael-Fernandes-2-1024x682.jpg 1024w, https:\/\/cidadecult.com.br\/wp-content\/uploads\/2025\/09\/Sensibilita-Credito-Rafael-Fernandes-2-300x200.jpg 300w, https:\/\/cidadecult.com.br\/wp-content\/uploads\/2025\/09\/Sensibilita-Credito-Rafael-Fernandes-2-768x512.jpg 768w, https:\/\/cidadecult.com.br\/wp-content\/uploads\/2025\/09\/Sensibilita-Credito-Rafael-Fernandes-2-1536x1024.jpg 1536w, https:\/\/cidadecult.com.br\/wp-content\/uploads\/2025\/09\/Sensibilita-Credito-Rafael-Fernandes-2-750x500.jpg 750w, https:\/\/cidadecult.com.br\/wp-content\/uploads\/2025\/09\/Sensibilita-Credito-Rafael-Fernandes-2-1140x760.jpg 1140w, https:\/\/cidadecult.com.br\/wp-content\/uploads\/2025\/09\/Sensibilita-Credito-Rafael-Fernandes-2.jpg 1772w\" sizes=\"auto, (max-width: 1024px) 100vw, 1024px\" \/><figcaption class=\"wp-element-caption\">Imagens: Rafael Fernandes<\/figcaption><\/figure>\n\n\n\n<p>Com <strong>curadoria de Bisser Nai<\/strong>, a exposi\u00e7\u00e3o oferece recursos de acessibilidade como <strong>audiodescri\u00e7\u00e3o via QR Code, textos em Braille, monitores especializados e int\u00e9rpretes de Libras em visitas agendadas<\/strong>.<\/p>\n\n\n\n<blockquote class=\"wp-block-quote is-layout-flow wp-block-quote-is-layout-flow\">\n<p>\u201cSensibilidade. A intera\u00e7\u00e3o t\u00e1til com as obras permite uma experi\u00eancia \u00fanica para quem visita. O Ven\u00e2ncio se preocupa em acolher formatos acess\u00edveis e pensados para a diversidade\u201d, afirma <strong>Ilka Teodoro<\/strong>, curadora do Espa\u00e7o Ven\u00e2ncio Cultural.<\/p>\n\n\n\n<figure class=\"wp-block-image size-large\"><img loading=\"lazy\" decoding=\"async\" width=\"1024\" height=\"684\" src=\"https:\/\/cidadecult.com.br\/wp-content\/uploads\/2025\/09\/Sensibilita-Credito-Rafael-Fernandes-17-1-1024x684.jpg\" alt=\"\" class=\"wp-image-14300\" srcset=\"https:\/\/cidadecult.com.br\/wp-content\/uploads\/2025\/09\/Sensibilita-Credito-Rafael-Fernandes-17-1-1024x684.jpg 1024w, https:\/\/cidadecult.com.br\/wp-content\/uploads\/2025\/09\/Sensibilita-Credito-Rafael-Fernandes-17-1-300x200.jpg 300w, https:\/\/cidadecult.com.br\/wp-content\/uploads\/2025\/09\/Sensibilita-Credito-Rafael-Fernandes-17-1-768x513.jpg 768w, https:\/\/cidadecult.com.br\/wp-content\/uploads\/2025\/09\/Sensibilita-Credito-Rafael-Fernandes-17-1-1536x1025.jpg 1536w, https:\/\/cidadecult.com.br\/wp-content\/uploads\/2025\/09\/Sensibilita-Credito-Rafael-Fernandes-17-1-750x501.jpg 750w, https:\/\/cidadecult.com.br\/wp-content\/uploads\/2025\/09\/Sensibilita-Credito-Rafael-Fernandes-17-1-1140x761.jpg 1140w, https:\/\/cidadecult.com.br\/wp-content\/uploads\/2025\/09\/Sensibilita-Credito-Rafael-Fernandes-17-1.jpg 1772w\" sizes=\"auto, (max-width: 1024px) 100vw, 1024px\" \/><\/figure>\n<\/blockquote>\n\n\n\n<p>Al\u00e9m da temporada no shopping, a mostra ter\u00e1 edi\u00e7\u00f5es complementares em novembro no CEEDV e na Biblioteca Braille, destacando as obras criadas pelos participantes das oficinas.<\/p>\n\n\n\n<p>\ud83d\udccd <strong>Servi\u00e7o<\/strong><\/p>\n\n\n\n<ul class=\"wp-block-list\">\n<li><strong>Exposi\u00e7\u00e3o:<\/strong> Sensibilit\u00e0 \u2013 uma experi\u00eancia sensorial e inclusiva<\/li>\n\n\n\n<li><strong>Abertura:<\/strong> 30 de setembro, \u00e0s 18h<\/li>\n\n\n\n<li><strong>Visita\u00e7\u00e3o:<\/strong> 1\u00ba a 29 de outubro de 2025, diariamente das 10h \u00e0s 22h<\/li>\n\n\n\n<li><strong>Local:<\/strong> Ven\u00e2ncio Shopping (SCS, Quadra 8, Bloco B, Asa Sul, Plano Piloto)<\/li>\n\n\n\n<li><strong>Entrada:<\/strong> franca | Classifica\u00e7\u00e3o: livre<\/li>\n\n\n\n<li><strong>Mais informa\u00e7\u00f5es:<\/strong> (61) 3208-2000 | <a href=\"http:\/\/venancioshopping.com.br\">venancioshopping.com.br<\/a> | @venancioshopping<\/li>\n<\/ul>\n\n\n\n<p>Agendamento de visitas orientadas para escolas:<br>\ud83d\udcf1 (61) 98157-4141 | (61) 98123-0490 (WhatsApp) | <a>projetosensibilita@gmail.com<\/a><\/p>\n\n\n\n<figure class=\"wp-block-image size-large\"><img loading=\"lazy\" decoding=\"async\" width=\"1024\" height=\"682\" src=\"https:\/\/cidadecult.com.br\/wp-content\/uploads\/2025\/09\/Sensibilita-Credito-Rafael-Fernandes-7-1024x682.jpg\" alt=\"\" class=\"wp-image-14301\" srcset=\"https:\/\/cidadecult.com.br\/wp-content\/uploads\/2025\/09\/Sensibilita-Credito-Rafael-Fernandes-7-1024x682.jpg 1024w, https:\/\/cidadecult.com.br\/wp-content\/uploads\/2025\/09\/Sensibilita-Credito-Rafael-Fernandes-7-300x200.jpg 300w, https:\/\/cidadecult.com.br\/wp-content\/uploads\/2025\/09\/Sensibilita-Credito-Rafael-Fernandes-7-768x512.jpg 768w, https:\/\/cidadecult.com.br\/wp-content\/uploads\/2025\/09\/Sensibilita-Credito-Rafael-Fernandes-7-1536x1024.jpg 1536w, https:\/\/cidadecult.com.br\/wp-content\/uploads\/2025\/09\/Sensibilita-Credito-Rafael-Fernandes-7-750x500.jpg 750w, https:\/\/cidadecult.com.br\/wp-content\/uploads\/2025\/09\/Sensibilita-Credito-Rafael-Fernandes-7-1140x760.jpg 1140w, https:\/\/cidadecult.com.br\/wp-content\/uploads\/2025\/09\/Sensibilita-Credito-Rafael-Fernandes-7.jpg 1772w\" sizes=\"auto, (max-width: 1024px) 100vw, 1024px\" \/><\/figure>\n","protected":false},"excerpt":{"rendered":"<p>De 1\u00ba a 29 de outubro de 2025, o Ven\u00e2ncio Shopping, no Plano Piloto, recebe a exposi\u00e7\u00e3o \u201cSensibilit\u00e0: uma experi\u00eancia sensorial e inclusiva\u201d, criada pela artista visual e professora Claudia Bertolin. A mostra, com entrada gratuita e classifica\u00e7\u00e3o livre, convida o p\u00fablico a sentir a arte al\u00e9m do olhar, explorando texturas, sons e intera\u00e7\u00f5es t\u00e1teis. [&hellip;]<\/p>\n","protected":false},"author":777,"featured_media":14337,"comment_status":"open","ping_status":"open","sticky":false,"template":"","format":"standard","meta":{"_monsterinsights_skip_tracking":false,"_monsterinsights_sitenote_active":false,"_monsterinsights_sitenote_note":"","_monsterinsights_sitenote_category":0,"footnotes":""},"categories":[17],"tags":[],"class_list":["post-14297","post","type-post","status-publish","format-standard","has-post-thumbnail","hentry","category-bsb"],"_links":{"self":[{"href":"https:\/\/cidadecult.com.br\/index.php?rest_route=\/wp\/v2\/posts\/14297","targetHints":{"allow":["GET"]}}],"collection":[{"href":"https:\/\/cidadecult.com.br\/index.php?rest_route=\/wp\/v2\/posts"}],"about":[{"href":"https:\/\/cidadecult.com.br\/index.php?rest_route=\/wp\/v2\/types\/post"}],"author":[{"embeddable":true,"href":"https:\/\/cidadecult.com.br\/index.php?rest_route=\/wp\/v2\/users\/777"}],"replies":[{"embeddable":true,"href":"https:\/\/cidadecult.com.br\/index.php?rest_route=%2Fwp%2Fv2%2Fcomments&post=14297"}],"version-history":[{"count":1,"href":"https:\/\/cidadecult.com.br\/index.php?rest_route=\/wp\/v2\/posts\/14297\/revisions"}],"predecessor-version":[{"id":14302,"href":"https:\/\/cidadecult.com.br\/index.php?rest_route=\/wp\/v2\/posts\/14297\/revisions\/14302"}],"wp:featuredmedia":[{"embeddable":true,"href":"https:\/\/cidadecult.com.br\/index.php?rest_route=\/wp\/v2\/media\/14337"}],"wp:attachment":[{"href":"https:\/\/cidadecult.com.br\/index.php?rest_route=%2Fwp%2Fv2%2Fmedia&parent=14297"}],"wp:term":[{"taxonomy":"category","embeddable":true,"href":"https:\/\/cidadecult.com.br\/index.php?rest_route=%2Fwp%2Fv2%2Fcategories&post=14297"},{"taxonomy":"post_tag","embeddable":true,"href":"https:\/\/cidadecult.com.br\/index.php?rest_route=%2Fwp%2Fv2%2Ftags&post=14297"}],"curies":[{"name":"wp","href":"https:\/\/api.w.org\/{rel}","templated":true}]}}