{"id":14290,"date":"2025-09-22T10:56:40","date_gmt":"2025-09-22T13:56:40","guid":{"rendered":"https:\/\/cidadecult.com.br\/?p=14290"},"modified":"2025-09-22T10:56:42","modified_gmt":"2025-09-22T13:56:42","slug":"serie-entrenos-amplia-o-mapa-da-arte-brasileira-com-novos-episodios-no-sesctv","status":"publish","type":"post","link":"https:\/\/cidadecult.com.br\/?p=14290","title":{"rendered":"S\u00e9rie \u201cEntren\u00f3s\u201d amplia o mapa da arte brasileira com novos epis\u00f3dios no SescTV"},"content":{"rendered":"\n<figure class=\"wp-block-image size-large\"><img loading=\"lazy\" decoding=\"async\" width=\"1024\" height=\"576\" src=\"https:\/\/cidadecult.com.br\/wp-content\/uploads\/2025\/09\/Copia-de-NARCELIO03-1024x576.jpg\" alt=\"\" class=\"wp-image-14293\" srcset=\"https:\/\/cidadecult.com.br\/wp-content\/uploads\/2025\/09\/Copia-de-NARCELIO03-1024x576.jpg 1024w, https:\/\/cidadecult.com.br\/wp-content\/uploads\/2025\/09\/Copia-de-NARCELIO03-300x169.jpg 300w, https:\/\/cidadecult.com.br\/wp-content\/uploads\/2025\/09\/Copia-de-NARCELIO03-768x432.jpg 768w, https:\/\/cidadecult.com.br\/wp-content\/uploads\/2025\/09\/Copia-de-NARCELIO03-1536x864.jpg 1536w, https:\/\/cidadecult.com.br\/wp-content\/uploads\/2025\/09\/Copia-de-NARCELIO03-750x422.jpg 750w, https:\/\/cidadecult.com.br\/wp-content\/uploads\/2025\/09\/Copia-de-NARCELIO03-1140x641.jpg 1140w, https:\/\/cidadecult.com.br\/wp-content\/uploads\/2025\/09\/Copia-de-NARCELIO03.jpg 1920w\" sizes=\"auto, (max-width: 1024px) 100vw, 1024px\" \/><figcaption class=\"wp-element-caption\">Cr\u00e9dito: Ivanildo Machado<\/figcaption><\/figure>\n\n\n\n<p>O SescTV estreia em outubro cinco epis\u00f3dios in\u00e9ditos da s\u00e9rie documental <strong>Entren\u00f3s<\/strong>, que mergulha nos processos criativos de artistas brasileiros de diferentes regi\u00f5es. Sempre \u00e0s quartas, \u00e0s 19h30, os programas destacam vozes que traduzem em arte as viv\u00eancias, os territ\u00f3rios e os questionamentos do presente.<\/p>\n\n\n\n<p>Dirigida por <strong>Pablo Pollo<\/strong>, a s\u00e9rie n\u00e3o \u00e9 apenas um cat\u00e1logo de nomes, mas um verdadeiro ateli\u00ea audiovisual: um espa\u00e7o em que ideias, corpos e linguagens se entrela\u00e7am para pensar o que significa criar no Brasil de hoje.<\/p>\n\n\n\n<figure class=\"wp-block-image size-large\"><img loading=\"lazy\" decoding=\"async\" width=\"1024\" height=\"576\" src=\"https:\/\/cidadecult.com.br\/wp-content\/uploads\/2025\/09\/Copia-de-DANCURBANA02-1-1024x576.jpeg\" alt=\"\" class=\"wp-image-14292\" srcset=\"https:\/\/cidadecult.com.br\/wp-content\/uploads\/2025\/09\/Copia-de-DANCURBANA02-1-1024x576.jpeg 1024w, https:\/\/cidadecult.com.br\/wp-content\/uploads\/2025\/09\/Copia-de-DANCURBANA02-1-300x169.jpeg 300w, https:\/\/cidadecult.com.br\/wp-content\/uploads\/2025\/09\/Copia-de-DANCURBANA02-1-768x432.jpeg 768w, https:\/\/cidadecult.com.br\/wp-content\/uploads\/2025\/09\/Copia-de-DANCURBANA02-1-1536x864.jpeg 1536w, https:\/\/cidadecult.com.br\/wp-content\/uploads\/2025\/09\/Copia-de-DANCURBANA02-1-750x422.jpeg 750w, https:\/\/cidadecult.com.br\/wp-content\/uploads\/2025\/09\/Copia-de-DANCURBANA02-1-1140x641.jpeg 1140w, https:\/\/cidadecult.com.br\/wp-content\/uploads\/2025\/09\/Copia-de-DANCURBANA02-1.jpeg 1920w\" sizes=\"auto, (max-width: 1024px) 100vw, 1024px\" \/><figcaption class=\"wp-element-caption\">Cr\u00e9dito: Ivanildo Machado<\/figcaption><\/figure>\n\n\n\n<p>\ud83d\udcfa <strong>Confira a programa\u00e7\u00e3o de outubro:<\/strong><\/p>\n\n\n\n<ul class=\"wp-block-list\">\n<li><strong>1\/10<\/strong> \u2013 Narc\u00e9lio Grud (PI), artista visual e designer que transforma sucata em poesia urbana.<\/li>\n\n\n\n<li><strong>8\/10<\/strong> \u2013 Companhia Dan\u00e7urbana (MS), grupo que faz do corpo uma ferramenta de comunica\u00e7\u00e3o e improviso.<\/li>\n\n\n\n<li><strong>15\/10<\/strong> \u2013 Nat\u00e1lia Borges Polesso (RS), escritora premiada, autora de <em>Amora<\/em> e <em>Chiara<\/em>, que fala sobre literatura e diversidade.<\/li>\n\n\n\n<li><strong>22\/10<\/strong> \u2013 Leandro Gabriel (MG), escultor que reinventa materiais e espa\u00e7os abandonados em sua arte meditativa.<\/li>\n\n\n\n<li><strong>29\/10<\/strong> \u2013 Onisaj\u00e9 (BA), dramaturga e diretora, fundadora do N\u00facleo Afrobrasileiro de Teatro Alagoinha, que leva os princ\u00edpios do Candombl\u00e9 para o palco.<\/li>\n<\/ul>\n\n\n\n<blockquote class=\"wp-block-quote is-layout-flow wp-block-quote-is-layout-flow\">\n<p>\u201cEntren\u00f3s mostra uma arte que n\u00e3o se limita a formatos, mas se expande para o pensamento e para o corpo, buscando novas formas de di\u00e1logo\u201d, afirma o diretor Pablo Pollo.<\/p>\n<\/blockquote>\n\n\n\n<p>Com epis\u00f3dios de <strong>26 minutos<\/strong> e classifica\u00e7\u00e3o <strong>livre<\/strong>, a s\u00e9rie refor\u00e7a a miss\u00e3o do <strong>SescTV<\/strong>: difundir cultura, aproximar p\u00fablicos e valorizar a diversidade da cria\u00e7\u00e3o art\u00edstica brasileira.<\/p>\n\n\n\n<p>\ud83d\udccd <strong>Servi\u00e7o<\/strong><\/p>\n\n\n\n<ul class=\"wp-block-list\">\n<li><strong>Programa:<\/strong> Entren\u00f3s<\/li>\n\n\n\n<li><strong>Exibi\u00e7\u00e3o:<\/strong> quartas, \u00e0s 19h30<\/li>\n\n\n\n<li><strong>Reprises:<\/strong> quintas (16h), s\u00e1bados (18h), domingos (2h), segundas (9h), ter\u00e7as (13h)<\/li>\n\n\n\n<li><strong>Onde assistir:<\/strong> <a href=\"https:\/\/sesctv.org.br\/noar\">sesctv.org.br\/noar<\/a> ou consulte sua operadora<\/li>\n\n\n\n<li><strong>Redes sociais:<\/strong> @sesctv<\/li>\n<\/ul>\n","protected":false},"excerpt":{"rendered":"<p>O SescTV estreia em outubro cinco epis\u00f3dios in\u00e9ditos da s\u00e9rie documental Entren\u00f3s, que mergulha nos processos criativos de artistas brasileiros de diferentes regi\u00f5es. Sempre \u00e0s quartas, \u00e0s 19h30, os programas destacam vozes que traduzem em arte as viv\u00eancias, os territ\u00f3rios e os questionamentos do presente. Dirigida por Pablo Pollo, a s\u00e9rie n\u00e3o \u00e9 apenas um [&hellip;]<\/p>\n","protected":false},"author":777,"featured_media":14291,"comment_status":"open","ping_status":"open","sticky":false,"template":"","format":"standard","meta":{"_monsterinsights_skip_tracking":false,"_monsterinsights_sitenote_active":false,"_monsterinsights_sitenote_note":"","_monsterinsights_sitenote_category":0,"footnotes":""},"categories":[54],"tags":[],"class_list":["post-14290","post","type-post","status-publish","format-standard","has-post-thumbnail","hentry","category-brasil"],"_links":{"self":[{"href":"https:\/\/cidadecult.com.br\/index.php?rest_route=\/wp\/v2\/posts\/14290","targetHints":{"allow":["GET"]}}],"collection":[{"href":"https:\/\/cidadecult.com.br\/index.php?rest_route=\/wp\/v2\/posts"}],"about":[{"href":"https:\/\/cidadecult.com.br\/index.php?rest_route=\/wp\/v2\/types\/post"}],"author":[{"embeddable":true,"href":"https:\/\/cidadecult.com.br\/index.php?rest_route=\/wp\/v2\/users\/777"}],"replies":[{"embeddable":true,"href":"https:\/\/cidadecult.com.br\/index.php?rest_route=%2Fwp%2Fv2%2Fcomments&post=14290"}],"version-history":[{"count":1,"href":"https:\/\/cidadecult.com.br\/index.php?rest_route=\/wp\/v2\/posts\/14290\/revisions"}],"predecessor-version":[{"id":14294,"href":"https:\/\/cidadecult.com.br\/index.php?rest_route=\/wp\/v2\/posts\/14290\/revisions\/14294"}],"wp:featuredmedia":[{"embeddable":true,"href":"https:\/\/cidadecult.com.br\/index.php?rest_route=\/wp\/v2\/media\/14291"}],"wp:attachment":[{"href":"https:\/\/cidadecult.com.br\/index.php?rest_route=%2Fwp%2Fv2%2Fmedia&parent=14290"}],"wp:term":[{"taxonomy":"category","embeddable":true,"href":"https:\/\/cidadecult.com.br\/index.php?rest_route=%2Fwp%2Fv2%2Fcategories&post=14290"},{"taxonomy":"post_tag","embeddable":true,"href":"https:\/\/cidadecult.com.br\/index.php?rest_route=%2Fwp%2Fv2%2Ftags&post=14290"}],"curies":[{"name":"wp","href":"https:\/\/api.w.org\/{rel}","templated":true}]}}