{"id":1428,"date":"2023-10-18T13:50:12","date_gmt":"2023-10-18T16:50:12","guid":{"rendered":"https:\/\/cidadecult.com.br\/?p=1428"},"modified":"2023-10-18T13:50:14","modified_gmt":"2023-10-18T16:50:14","slug":"teatro-recebe-r-20-milhoes-do-gdf-em-quatro-anos","status":"publish","type":"post","link":"https:\/\/cidadecult.com.br\/?p=1428","title":{"rendered":"Teatro recebe R$ 20 milh\u00f5es do GDF em quatro anos"},"content":{"rendered":"\n<p>Governo fomenta projetos culturais do DF apostando na descentraliza\u00e7\u00e3o e levando espet\u00e1culos para todos os pontos da cidade<\/p>\n\n\n\n<p>Josiane Borges, da Ag\u00eancia Bras\u00edlia | Edi\u00e7\u00e3o: Vinicius Nader<\/p>\n\n\n\n<p>Nesta ter\u00e7a-feira (19) \u00e9 comemorado o Dia Nacional do Teatro, data que homenageia uma das manifesta\u00e7\u00f5es art\u00edsticas mais antigas do mundo. Nos \u00faltimos quatro anos, o Governo do Distrito Federal (GDF) investiu mais de R$ 20 milh\u00f5es em diversos espa\u00e7os p\u00fablicos que abrigam a arte.<\/p>\n\n\n\n<p>De acordo com a Secretaria de Cultura e Economia Criativa (Secec), a pasta \u00e9 respons\u00e1vel pela gest\u00e3o de 13 equipamentos p\u00fablicos (espa\u00e7os culturais) que est\u00e3o aptos para receber apresenta\u00e7\u00f5es c\u00eanicas no DF. Entre eles est\u00e3o palcos tradicionais na regi\u00e3o central como o Cine Bras\u00edlia, o Complexo Cultural Renato Russo, o Eixo Cultural Iberoamericano e locais respons\u00e1veis por descentralizar a arte, como os Complexos Culturais de Planaltina e Samambaia e a Casa do Cantador, em Ceil\u00e2ndia.<\/p>\n\n\n\n<figure class=\"wp-block-image\"><img decoding=\"async\" src=\"http:\/\/agenciabrasilia.df.gov.br\/wp-conteudo\/uploads\/2023\/09\/Foto-Arquivo-Agencia-Brasilia-scaled.jpg\" alt=\"\" class=\"wp-image-545503\"\/><figcaption>Projetos da Secretaria de Cultura levam o teatro para locais como escolas | Foto: Arquivo\/Ag\u00eancia Bras\u00edlia<\/figcaption><\/figure>\n\n\n\n<p>O subsecret\u00e1rio do Patrim\u00f4nio Cultural da Secec, Felipe Ramon, afirma que \u201cexiste a previs\u00e3o de amplia\u00e7\u00e3o da acessibilidade do p\u00fablico e da oferta de espet\u00e1culos teatrais dentro dos equipamentos da Secretaria de Cultura.\u201d<\/p>\n\n\n\n<p><strong>R$ 2 milh\u00f5es via FAC<\/strong><\/p>\n\n\n\n<figure class=\"wp-block-image\"><img decoding=\"async\" src=\"http:\/\/agenciabrasilia.df.gov.br\/wp-conteudo\/uploads\/2023\/09\/Foto-Tony-Oliveira-1-2-scaled.jpg\" alt=\"\" class=\"wp-image-545505\"\/><figcaption>Programas como o Fundo Nacional da Cultura (FAC) e a Lei de Incentivo \u00e0 Cultura (LIC) s\u00e3o importantes instrumentos de fomento ao teatro na capital federal | Foto: Tony Oliveira\/Ag\u00eancia Bras\u00edlia<\/figcaption><\/figure>\n\n\n\n<p>O fomento \u00e0 express\u00e3o art\u00edstica pelo GDF vai al\u00e9m dos espa\u00e7os p\u00fablicos e tamb\u00e9m envolve o investimento em projetos teatrais por meio de R$ 2 milh\u00f5es do Fundo de Apoio \u00e0 Cultura (FAC) do DF, que leva o teatro de forma gratuita para a popula\u00e7\u00e3o, por meio de apresenta\u00e7\u00f5es nos equipamentos p\u00fablicos, nas escolas e at\u00e9 mesmo nas ruas.<\/p>\n\n\n\n<p>\u201cA pol\u00edtica para teatro, pelo FAC, \u00e9 via editais p\u00fablicos. Lan\u00e7amos o edital com v\u00e1rias categorias e os artistas viram proponentes de propostas de todas as linguagens art\u00edsticas, muitas delas de teatro. Ent\u00e3o, existem linhas que s\u00e3o direcionadas para o teatro e projetos livres tamb\u00e9m na \u00e1rea. Tudo vai depender de como o agente cultural se inscreve. Esse ano est\u00e3o disponibilizados, at\u00e9 o momento, R$ 2 milh\u00f5es para contemplar o teatro em dois m\u00f3dulos diferentes do FAC\u201d, explica Cec\u00edlia Carvalho, coordenadora do fundo de apoio da Secec.<\/p>\n\n\n\n<p>O FAC \u00e9 o principal instrumento de fomento \u00e0s atividades art\u00edsticas e culturais da Secec, que oferece apoio financeiro para projetos selecionados por editais p\u00fablicos. A principal fonte de recursos do fundo consiste em 0,3% da receita corrente l\u00edquida do GDF.<\/p>\n\n\n\n<blockquote class=\"wp-block-quote is-layout-flow wp-block-quote-is-layout-flow\"><p>\u201cTemos v\u00e1rios mecanismos de fomento no DF que permitem que a cultura permane\u00e7a como atividade al\u00e9m do entretenimento, como economia criativa que gera emprego e renda\u201dArthur Cavalcante, ator e produtor cultural<\/p><\/blockquote>\n\n\n\n<p>Produtor e ator de teatro h\u00e1 25 anos, Arthur Cavalcante \u00e9 um apaixonado pela arte e destaca a import\u00e2ncia do fomento para a classe art\u00edstica e para a popula\u00e7\u00e3o. \u201cO FAC \u00e9 refer\u00eancia para o Brasil e precisa ser louvado, \u00e9 um grande fomento para a cultura do DF. Temos o edital de fluxo cont\u00ednuo, que permite que a cultura do DF saia para outros lugares. Al\u00e9m disso, temos a Lei de Incentivo \u00e0 Cultura (LIC), que \u00e9 muito interessante. Ent\u00e3o, temos v\u00e1rios mecanismos de fomento no DF que permitem que a cultura permane\u00e7a como atividade al\u00e9m do entretenimento, como economia criativa que gera emprego e renda\u201d, comemora Cavalcante.<\/p>\n\n\n\n<p>O Programa Conex\u00e3o Cultura DF \u00e9 voltado \u00e0 promo\u00e7\u00e3o e difus\u00e3o da arte e cultura produzida no quadradinho e tamb\u00e9m engloba o teatro. \u201cAs vagas podem abranger manuten\u00e7\u00e3o dos grupos, circula\u00e7\u00e3o externa de projetos locais para fora do DF, qualifica\u00e7\u00e3o e forma\u00e7\u00e3o daqueles que trabalham com o teatro e do p\u00fablico em geral. Tamb\u00e9m est\u00e3o inclusos montagem de espet\u00e1culos, figurinos e cenografia\u201d, diz a diretora de Implementa\u00e7\u00e3o e Fomento de Modalidades Culturais da Secec, Suzana de Bortoli.<\/p>\n\n\n\n<p><strong>Espa\u00e7o para crescer<\/strong><\/p>\n\n\n\n<p><strong>Leia tamb\u00e9m<\/strong><a href=\"https:\/\/www.agenciabrasilia.df.gov.br\/2023\/09\/01\/obras-no-teatro-nacional-avancam-em-etapas-de-acesso-e-seguranca-2\/\"><strong>Obras no Teatro Nacional avan\u00e7am em etapas de acesso e seguran\u00e7a<\/strong><\/a><a href=\"https:\/\/www.agenciabrasilia.df.gov.br\/2023\/09\/15\/acao-do-gdf-leva-idosos-para-conhecer-pontos-turisticos-da-capital\/\"><strong>A\u00e7\u00e3o do GDF leva idosos para conhecer pontos tur\u00edsticos da capital<\/strong><\/a><a href=\"https:\/\/www.agenciabrasilia.df.gov.br\/2023\/08\/19\/teatro-conscientiza-estudantes-do-gama-sobre-acessibilidade-e-inclusao\/\"><strong>Teatro conscientiza estudantes do Gama sobre acessibilidade e inclus\u00e3o<\/strong><\/a><\/p>\n\n\n\n<p>Arthur Cavalcante acredita que Bras\u00edlia \u00e9 reconhecida nacionalmente por ser um celeiro de produ\u00e7\u00e3o teatral e que a arte ainda tem um amplo espa\u00e7o para crescer na cidade. \u201cTemos uma cena efervescente, que cada vez mais est\u00e1 se consolidando com grupos e artistas. Sinto que temos a liberdade de criar e conceber formas diferentes de produ\u00e7\u00e3o e ainda muito espa\u00e7o para crescer, com um p\u00fablico que entende o valor da arte de Bras\u00edlia\u201d, acredita o ator e produtor.<\/p>\n\n\n\n<p>Para ampliar ainda mais as manifesta\u00e7\u00f5es art\u00edsticas de Bras\u00edlia, o GDF est\u00e1 reformando o Teatro Nacional Claudio Santoro (TNCS), com investimentos de R$ 60 milh\u00f5es. A primeira etapa da obra consiste na constru\u00e7\u00e3o da infraestrutura para atender \u00e0s normas vigentes, com duas novas sa\u00eddas de emerg\u00eancia e um reservat\u00f3rio de inc\u00eandio, e no restauro da Sala Martins Pena e da fachada marcante do teatro. Com a reforma, a capacidade da sala, inclusive, ser\u00e1 ampliada de 407 para 497 espectadores.<\/p>\n\n\n\n<figure class=\"wp-block-image\"><img decoding=\"async\" src=\"http:\/\/agenciabrasilia.df.gov.br\/wp-conteudo\/uploads\/2023\/09\/Foto-Renato-Alves-3-scaled.jpg\" alt=\"\" class=\"wp-image-545516\"\/><figcaption>A reforma do Teatro Nacional Claudio Santoro receber\u00e1 investimento de R$ 60 milh\u00f5es | Foto: Renato Alves\/Ag\u00eancia Bras\u00edlia<\/figcaption><\/figure>\n\n\n\n<p>O Teatro Nacional foi projetado por Oscar Niemeyer em 1958 para ser o principal equipamento cultural da nova capital do Brasil. Foi chamado inicialmente de Teatro Nacional de Bras\u00edlia, mas, a partir de 1989, mudou de nome em homenagem ao maestro e compositor que fundou a orquestra sinf\u00f4nica do Teatro.<\/p>\n","protected":false},"excerpt":{"rendered":"<p>Governo fomenta projetos culturais do DF apostando na descentraliza\u00e7\u00e3o e levando espet\u00e1culos para todos os pontos da cidade Josiane Borges, da Ag\u00eancia Bras\u00edlia | Edi\u00e7\u00e3o: Vinicius Nader Nesta ter\u00e7a-feira (19) \u00e9 comemorado o Dia Nacional do Teatro, data que homenageia uma das manifesta\u00e7\u00f5es art\u00edsticas mais antigas do mundo. Nos \u00faltimos quatro anos, o Governo do [&hellip;]<\/p>\n","protected":false},"author":1,"featured_media":1429,"comment_status":"open","ping_status":"open","sticky":false,"template":"","format":"standard","meta":{"_monsterinsights_skip_tracking":false,"_monsterinsights_sitenote_active":false,"_monsterinsights_sitenote_note":"","_monsterinsights_sitenote_category":0,"footnotes":""},"categories":[17,3],"tags":[],"class_list":["post-1428","post","type-post","status-publish","format-standard","has-post-thumbnail","hentry","category-bsb","category-entertainment"],"_links":{"self":[{"href":"https:\/\/cidadecult.com.br\/index.php?rest_route=\/wp\/v2\/posts\/1428","targetHints":{"allow":["GET"]}}],"collection":[{"href":"https:\/\/cidadecult.com.br\/index.php?rest_route=\/wp\/v2\/posts"}],"about":[{"href":"https:\/\/cidadecult.com.br\/index.php?rest_route=\/wp\/v2\/types\/post"}],"author":[{"embeddable":true,"href":"https:\/\/cidadecult.com.br\/index.php?rest_route=\/wp\/v2\/users\/1"}],"replies":[{"embeddable":true,"href":"https:\/\/cidadecult.com.br\/index.php?rest_route=%2Fwp%2Fv2%2Fcomments&post=1428"}],"version-history":[{"count":1,"href":"https:\/\/cidadecult.com.br\/index.php?rest_route=\/wp\/v2\/posts\/1428\/revisions"}],"predecessor-version":[{"id":1430,"href":"https:\/\/cidadecult.com.br\/index.php?rest_route=\/wp\/v2\/posts\/1428\/revisions\/1430"}],"wp:featuredmedia":[{"embeddable":true,"href":"https:\/\/cidadecult.com.br\/index.php?rest_route=\/wp\/v2\/media\/1429"}],"wp:attachment":[{"href":"https:\/\/cidadecult.com.br\/index.php?rest_route=%2Fwp%2Fv2%2Fmedia&parent=1428"}],"wp:term":[{"taxonomy":"category","embeddable":true,"href":"https:\/\/cidadecult.com.br\/index.php?rest_route=%2Fwp%2Fv2%2Fcategories&post=1428"},{"taxonomy":"post_tag","embeddable":true,"href":"https:\/\/cidadecult.com.br\/index.php?rest_route=%2Fwp%2Fv2%2Ftags&post=1428"}],"curies":[{"name":"wp","href":"https:\/\/api.w.org\/{rel}","templated":true}]}}