{"id":14266,"date":"2025-09-19T11:48:52","date_gmt":"2025-09-19T14:48:52","guid":{"rendered":"https:\/\/cidadecult.com.br\/?p=14266"},"modified":"2025-09-19T11:48:53","modified_gmt":"2025-09-19T14:48:53","slug":"sao-paulo-promove-mutirao-na-praca-da-republica-no-dia-mundial-da-limpeza","status":"publish","type":"post","link":"https:\/\/cidadecult.com.br\/?p=14266","title":{"rendered":"S\u00e3o Paulo promove mutir\u00e3o na Pra\u00e7a da Rep\u00fablica no Dia Mundial da Limpeza"},"content":{"rendered":"\n<p><\/p>\n\n\n\n<p>No pr\u00f3ximo <strong>s\u00e1bado (20\/09)<\/strong>, S\u00e3o Paulo ser\u00e1 palco de uma grande mobiliza\u00e7\u00e3o global: o <strong>Dia Mundial da Limpeza<\/strong>. A a\u00e7\u00e3o, que acontece em mais de 190 pa\u00edses, chega \u00e0 capital paulista com um mutir\u00e3o na <strong>Pra\u00e7a da Rep\u00fablica<\/strong>, reunindo volunt\u00e1rios para recolher res\u00edduos e chamar aten\u00e7\u00e3o para a destina\u00e7\u00e3o correta do lixo.<\/p>\n\n\n\n<p>A expectativa \u00e9 mobilizar <strong>cerca de 150 pessoas<\/strong> e retirar at\u00e9 <strong>uma tonelada de res\u00edduos s\u00f3lidos<\/strong> da regi\u00e3o. O material coletado ser\u00e1 encaminhado para descarte adequado, com apoio da <strong>Secretaria Executiva de Limpeza Urbana (Selimp)<\/strong>.<\/p>\n\n\n\n<p>Al\u00e9m da a\u00e7\u00e3o pr\u00e1tica, o evento contar\u00e1 com <strong>atividades educativas<\/strong>, oficinas para crian\u00e7as e fam\u00edlias, e at\u00e9 um <strong>concurso de fotografia<\/strong> promovido pelo Instituto Limpa Brasil. Os melhores registros poder\u00e3o integrar uma exposi\u00e7\u00e3o especial durante a <strong>COP30<\/strong>.<\/p>\n\n\n\n<figure class=\"wp-block-image size-large\"><img loading=\"lazy\" decoding=\"async\" width=\"1024\" height=\"672\" src=\"https:\/\/cidadecult.com.br\/wp-content\/uploads\/2025\/09\/sao-paulo-1024x672.jpeg\" alt=\"\" class=\"wp-image-14267\" srcset=\"https:\/\/cidadecult.com.br\/wp-content\/uploads\/2025\/09\/sao-paulo-1024x672.jpeg 1024w, https:\/\/cidadecult.com.br\/wp-content\/uploads\/2025\/09\/sao-paulo-300x197.jpeg 300w, https:\/\/cidadecult.com.br\/wp-content\/uploads\/2025\/09\/sao-paulo-768x504.jpeg 768w, https:\/\/cidadecult.com.br\/wp-content\/uploads\/2025\/09\/sao-paulo-1536x1008.jpeg 1536w, https:\/\/cidadecult.com.br\/wp-content\/uploads\/2025\/09\/sao-paulo-750x492.jpeg 750w, https:\/\/cidadecult.com.br\/wp-content\/uploads\/2025\/09\/sao-paulo-1140x748.jpeg 1140w, https:\/\/cidadecult.com.br\/wp-content\/uploads\/2025\/09\/sao-paulo.jpeg 1600w\" sizes=\"auto, (max-width: 1024px) 100vw, 1024px\" \/><figcaption class=\"wp-element-caption\">Cr\u00e9dito: portal da prefeitura de S\u00e3o Paulo<\/figcaption><\/figure>\n\n\n\n<p>Entre as presen\u00e7as confirmadas est\u00e3o <strong>Regina Nunes<\/strong>, primeira-dama de S\u00e3o Paulo e madrinha da iniciativa, <strong>Renato Naline<\/strong> (Secretaria Executiva de Mudan\u00e7as Clim\u00e1ticas \u2013 Seclima) e <strong>Osm\u00e1rio Ferreira<\/strong> (Selimp).<\/p>\n\n\n\n<blockquote class=\"wp-block-quote is-layout-flow wp-block-quote-is-layout-flow\">\n<p>\u201cCada gesto de cuidado com o meio ambiente \u00e9 um ato de carinho com a nossa casa comum\u201d, refor\u00e7a o Instituto Limpa Brasil, respons\u00e1vel pela mobiliza\u00e7\u00e3o no pa\u00eds.<\/p>\n<\/blockquote>\n\n\n\n<p>O mutir\u00e3o \u00e9 realizado em parceria com institui\u00e7\u00f5es locais e nacionais, como <strong>Prefeitura de S\u00e3o Paulo, Virada Sustent\u00e1vel, ABRALIMP, Crea-SP, Senai, Rotary Club Para\u00edso<\/strong>, entre outros, al\u00e9m do <strong>patroc\u00ednio da Philip Morris Brasil, Solar Coca-Cola e Transpetro<\/strong>.<\/p>\n\n\n\n<p>\ud83d\udccd <strong>Servi\u00e7o<\/strong><\/p>\n\n\n\n<ul class=\"wp-block-list\">\n<li><strong>Evento:<\/strong> Dia Mundial da Limpeza \u2013 Mutir\u00e3o Pra\u00e7a da Rep\u00fablica<\/li>\n\n\n\n<li><strong>Data:<\/strong> s\u00e1bado, 20 de setembro de 2025<\/li>\n\n\n\n<li><strong>Hor\u00e1rio:<\/strong> 9h \u00e0s 13h<\/li>\n\n\n\n<li><strong>Local:<\/strong> Pra\u00e7a da Rep\u00fablica, S\u00e3o Paulo \u2013 SP (ponto de encontro: coreto central)<\/li>\n\n\n\n<li><strong>Mais informa\u00e7\u00f5es:<\/strong> <a href=\"https:\/\/limpabrasil.org\">limpabrasil.org<\/a><\/li>\n<\/ul>\n\n\n\n<p>\u23f0 <strong>Cronograma resumido<\/strong><\/p>\n\n\n\n<ul class=\"wp-block-list\">\n<li>9h \u2013 Recep\u00e7\u00e3o e registro de presen\u00e7a<\/li>\n\n\n\n<li>9h30 \u2013 Abertura oficial<\/li>\n\n\n\n<li>10h \u2013 In\u00edcio do mutir\u00e3o<\/li>\n\n\n\n<li>12h15 \u2013 Concentra\u00e7\u00e3o e pesagem dos res\u00edduos<\/li>\n\n\n\n<li>13h \u2013 Encerramento<\/li>\n<\/ul>\n","protected":false},"excerpt":{"rendered":"<p>No pr\u00f3ximo s\u00e1bado (20\/09), S\u00e3o Paulo ser\u00e1 palco de uma grande mobiliza\u00e7\u00e3o global: o Dia Mundial da Limpeza. A a\u00e7\u00e3o, que acontece em mais de 190 pa\u00edses, chega \u00e0 capital paulista com um mutir\u00e3o na Pra\u00e7a da Rep\u00fablica, reunindo volunt\u00e1rios para recolher res\u00edduos e chamar aten\u00e7\u00e3o para a destina\u00e7\u00e3o correta do lixo. A expectativa \u00e9 [&hellip;]<\/p>\n","protected":false},"author":777,"featured_media":14268,"comment_status":"open","ping_status":"open","sticky":false,"template":"","format":"standard","meta":{"_monsterinsights_skip_tracking":false,"_monsterinsights_sitenote_active":false,"_monsterinsights_sitenote_note":"","_monsterinsights_sitenote_category":0,"footnotes":""},"categories":[2580],"tags":[],"class_list":["post-14266","post","type-post","status-publish","format-standard","has-post-thumbnail","hentry","category-meio-ambiente"],"_links":{"self":[{"href":"https:\/\/cidadecult.com.br\/index.php?rest_route=\/wp\/v2\/posts\/14266","targetHints":{"allow":["GET"]}}],"collection":[{"href":"https:\/\/cidadecult.com.br\/index.php?rest_route=\/wp\/v2\/posts"}],"about":[{"href":"https:\/\/cidadecult.com.br\/index.php?rest_route=\/wp\/v2\/types\/post"}],"author":[{"embeddable":true,"href":"https:\/\/cidadecult.com.br\/index.php?rest_route=\/wp\/v2\/users\/777"}],"replies":[{"embeddable":true,"href":"https:\/\/cidadecult.com.br\/index.php?rest_route=%2Fwp%2Fv2%2Fcomments&post=14266"}],"version-history":[{"count":1,"href":"https:\/\/cidadecult.com.br\/index.php?rest_route=\/wp\/v2\/posts\/14266\/revisions"}],"predecessor-version":[{"id":14269,"href":"https:\/\/cidadecult.com.br\/index.php?rest_route=\/wp\/v2\/posts\/14266\/revisions\/14269"}],"wp:featuredmedia":[{"embeddable":true,"href":"https:\/\/cidadecult.com.br\/index.php?rest_route=\/wp\/v2\/media\/14268"}],"wp:attachment":[{"href":"https:\/\/cidadecult.com.br\/index.php?rest_route=%2Fwp%2Fv2%2Fmedia&parent=14266"}],"wp:term":[{"taxonomy":"category","embeddable":true,"href":"https:\/\/cidadecult.com.br\/index.php?rest_route=%2Fwp%2Fv2%2Fcategories&post=14266"},{"taxonomy":"post_tag","embeddable":true,"href":"https:\/\/cidadecult.com.br\/index.php?rest_route=%2Fwp%2Fv2%2Ftags&post=14266"}],"curies":[{"name":"wp","href":"https:\/\/api.w.org\/{rel}","templated":true}]}}