{"id":14242,"date":"2025-09-19T11:23:22","date_gmt":"2025-09-19T14:23:22","guid":{"rendered":"https:\/\/cidadecult.com.br\/?p=14242"},"modified":"2025-09-19T11:37:40","modified_gmt":"2025-09-19T14:37:40","slug":"uma-metamorfose-no-palco-raul-fora-da-lei-emociona-e-eletriza-brasilia-com-celebracao-visceral-a-vida-e-obra-de-raul-seixas","status":"publish","type":"post","link":"https:\/\/cidadecult.com.br\/?p=14242","title":{"rendered":"Uma metamorfose no palco: Raul Fora da Lei emociona e eletriza Bras\u00edlia com celebra\u00e7\u00e3o visceral \u00e0 vida e obra de Raul Seixas"},"content":{"rendered":"\n<figure class=\"wp-block-image size-large\"><img loading=\"lazy\" decoding=\"async\" width=\"1024\" height=\"805\" src=\"https:\/\/cidadecult.com.br\/wp-content\/uploads\/2025\/09\/Raul-Fora-da-Lei-Credito-Gal-Oliveira-3-1-1-1024x805.jpg\" alt=\"\" class=\"wp-image-14244\" srcset=\"https:\/\/cidadecult.com.br\/wp-content\/uploads\/2025\/09\/Raul-Fora-da-Lei-Credito-Gal-Oliveira-3-1-1-1024x805.jpg 1024w, https:\/\/cidadecult.com.br\/wp-content\/uploads\/2025\/09\/Raul-Fora-da-Lei-Credito-Gal-Oliveira-3-1-1-300x236.jpg 300w, https:\/\/cidadecult.com.br\/wp-content\/uploads\/2025\/09\/Raul-Fora-da-Lei-Credito-Gal-Oliveira-3-1-1-768x604.jpg 768w, https:\/\/cidadecult.com.br\/wp-content\/uploads\/2025\/09\/Raul-Fora-da-Lei-Credito-Gal-Oliveira-3-1-1-1536x1207.jpg 1536w, https:\/\/cidadecult.com.br\/wp-content\/uploads\/2025\/09\/Raul-Fora-da-Lei-Credito-Gal-Oliveira-3-1-1-750x590.jpg 750w, https:\/\/cidadecult.com.br\/wp-content\/uploads\/2025\/09\/Raul-Fora-da-Lei-Credito-Gal-Oliveira-3-1-1-1140x896.jpg 1140w, https:\/\/cidadecult.com.br\/wp-content\/uploads\/2025\/09\/Raul-Fora-da-Lei-Credito-Gal-Oliveira-3-1-1.jpg 1772w\" sizes=\"auto, (max-width: 1024px) 100vw, 1024px\" \/><figcaption class=\"wp-element-caption\">O ator Roberto Bomtempo (Cr\u00e9dito: Gal Oliveira).<\/figcaption><\/figure>\n\n\n\n<p>A reportagem do CidadeCult conferiu de perto a reestreia do musical <em>Raul Fora da Lei<\/em> no Teatro da CAIXA Cultural Bras\u00edlia \u2014 e o veredito \u00e9 claro: trata-se de uma explos\u00e3o de talento, energia e rever\u00eancia \u00e0 genialidade do eterno Maluco Beleza. Com texto vibrante, performances contagiantes e uma atmosfera que mistura rock, poesia e reflex\u00e3o, o espet\u00e1culo \u00e9 uma verdadeira ode \u00e0 liberdade criativa de Raul Seixas.<br><br>O espet\u00e1culo, apresentado dias 16, 17 e 18 de setembro no teatro da Caixa em Bras\u00edlia, teve lota\u00e7\u00e3o esgotada todas as noites, e as duas horas de dura\u00e7\u00e3o foram poucas para tamanha pot\u00eancia art\u00edstica. <\/p>\n\n\n\n<figure class=\"wp-block-image size-large\"><img loading=\"lazy\" decoding=\"async\" width=\"1024\" height=\"682\" src=\"https:\/\/cidadecult.com.br\/wp-content\/uploads\/2025\/09\/Diretor-Deto-Montenegro-Credito-Alexandre-Magno-1024x682.jpg\" alt=\"\" class=\"wp-image-14245\" srcset=\"https:\/\/cidadecult.com.br\/wp-content\/uploads\/2025\/09\/Diretor-Deto-Montenegro-Credito-Alexandre-Magno-1024x682.jpg 1024w, https:\/\/cidadecult.com.br\/wp-content\/uploads\/2025\/09\/Diretor-Deto-Montenegro-Credito-Alexandre-Magno-300x200.jpg 300w, https:\/\/cidadecult.com.br\/wp-content\/uploads\/2025\/09\/Diretor-Deto-Montenegro-Credito-Alexandre-Magno-768x512.jpg 768w, https:\/\/cidadecult.com.br\/wp-content\/uploads\/2025\/09\/Diretor-Deto-Montenegro-Credito-Alexandre-Magno-1536x1024.jpg 1536w, https:\/\/cidadecult.com.br\/wp-content\/uploads\/2025\/09\/Diretor-Deto-Montenegro-Credito-Alexandre-Magno-750x500.jpg 750w, https:\/\/cidadecult.com.br\/wp-content\/uploads\/2025\/09\/Diretor-Deto-Montenegro-Credito-Alexandre-Magno-1140x760.jpg 1140w, https:\/\/cidadecult.com.br\/wp-content\/uploads\/2025\/09\/Diretor-Deto-Montenegro-Credito-Alexandre-Magno.jpg 1772w\" sizes=\"auto, (max-width: 1024px) 100vw, 1024px\" \/><figcaption class=\"wp-element-caption\">O diretor Deto Montenegro (Cr\u00e9dito: Alexandre Magno).<\/figcaption><\/figure>\n\n\n\n<p>Idealizado e protagonizado por <strong>Roberto Bomtempo<\/strong>, o espet\u00e1culo nasceu como um mon\u00f3logo nos anos 90, mas encontrou sua forma mais potente ao se transformar em musical pelas m\u00e3os da <strong>Oficina dos Menestr\u00e9is<\/strong>, com dire\u00e7\u00e3o de <strong>Deto Montenegro<\/strong>. Em cena, um elenco jovem e multifacetado \u2014 31 artistas que cantam, dan\u00e7am e atuam \u2014 conduz o p\u00fablico por uma jornada que vai al\u00e9m da biografia. \u00c9 como se Raul estivesse ali, em carne, osso e ideologia, atravessando o palco com sua lucidez insana e poesia inquieta.<\/p>\n\n\n\n<figure class=\"wp-block-image size-large\"><img loading=\"lazy\" decoding=\"async\" width=\"1024\" height=\"354\" src=\"https:\/\/cidadecult.com.br\/wp-content\/uploads\/2025\/09\/Elenco-Raul-Fora-da-Lei-Credito-Thiago-Rocha-1024x354.jpg\" alt=\"\" class=\"wp-image-14246\" srcset=\"https:\/\/cidadecult.com.br\/wp-content\/uploads\/2025\/09\/Elenco-Raul-Fora-da-Lei-Credito-Thiago-Rocha-1024x354.jpg 1024w, https:\/\/cidadecult.com.br\/wp-content\/uploads\/2025\/09\/Elenco-Raul-Fora-da-Lei-Credito-Thiago-Rocha-300x104.jpg 300w, https:\/\/cidadecult.com.br\/wp-content\/uploads\/2025\/09\/Elenco-Raul-Fora-da-Lei-Credito-Thiago-Rocha-768x266.jpg 768w, https:\/\/cidadecult.com.br\/wp-content\/uploads\/2025\/09\/Elenco-Raul-Fora-da-Lei-Credito-Thiago-Rocha-1536x531.jpg 1536w, https:\/\/cidadecult.com.br\/wp-content\/uploads\/2025\/09\/Elenco-Raul-Fora-da-Lei-Credito-Thiago-Rocha-2048x708.jpg 2048w, https:\/\/cidadecult.com.br\/wp-content\/uploads\/2025\/09\/Elenco-Raul-Fora-da-Lei-Credito-Thiago-Rocha-750x259.jpg 750w, https:\/\/cidadecult.com.br\/wp-content\/uploads\/2025\/09\/Elenco-Raul-Fora-da-Lei-Credito-Thiago-Rocha-1140x394.jpg 1140w\" sizes=\"auto, (max-width: 1024px) 100vw, 1024px\" \/><figcaption class=\"wp-element-caption\">Oficina dos Menestr\u00e9is (Cr\u00e9dito: Thiago Rocha).<\/figcaption><\/figure>\n\n\n\n<p>A encena\u00e7\u00e3o \u00e9 marcada por uma est\u00e9tica despojada e criativa. A <strong>cenografia<\/strong> \u00e9 simples, mas funcional, permitindo que a movimenta\u00e7\u00e3o flu\u00edda do elenco e os elementos visuais brilhem sem distra\u00e7\u00f5es. A <strong>ilumina\u00e7\u00e3o<\/strong> de Deto Montenegro \u00e9 quase um personagem \u00e0 parte: d\u00e1 o tom exato de cada cena, criando atmosferas densas, psicod\u00e9licas, espirituais ou explosivas, conforme o momento exige.<\/p>\n\n\n\n<p>E \u00e9 imposs\u00edvel n\u00e3o destacar a atua\u00e7\u00e3o hipn\u00f3tica de Bomtempo. Ele n\u00e3o imita Raul \u2014 ele o traduz. Com entrega emocional e dom\u00ednio absoluto de cena, o ator leva ao palco n\u00e3o um retrato caricato, mas uma encarna\u00e7\u00e3o do pensamento rebelde, contradit\u00f3rio e vision\u00e1rio do cantor. Nas palavras de Bomtempo: <em>&#8220;Fazer Raul Seixas, muito mais do que interpretar, \u00e9 levar o pensamento dele adiante.&#8221;<\/em><\/p>\n\n\n\n<figure class=\"wp-block-image size-large\"><img loading=\"lazy\" decoding=\"async\" width=\"1024\" height=\"682\" src=\"https:\/\/cidadecult.com.br\/wp-content\/uploads\/2025\/09\/Banda-SOS-Toca-RAUL-Credito-Alexandre-Magno-1024x682.jpg\" alt=\"\" class=\"wp-image-14247\" srcset=\"https:\/\/cidadecult.com.br\/wp-content\/uploads\/2025\/09\/Banda-SOS-Toca-RAUL-Credito-Alexandre-Magno-1024x682.jpg 1024w, https:\/\/cidadecult.com.br\/wp-content\/uploads\/2025\/09\/Banda-SOS-Toca-RAUL-Credito-Alexandre-Magno-300x200.jpg 300w, https:\/\/cidadecult.com.br\/wp-content\/uploads\/2025\/09\/Banda-SOS-Toca-RAUL-Credito-Alexandre-Magno-768x512.jpg 768w, https:\/\/cidadecult.com.br\/wp-content\/uploads\/2025\/09\/Banda-SOS-Toca-RAUL-Credito-Alexandre-Magno-1536x1024.jpg 1536w, https:\/\/cidadecult.com.br\/wp-content\/uploads\/2025\/09\/Banda-SOS-Toca-RAUL-Credito-Alexandre-Magno-750x500.jpg 750w, https:\/\/cidadecult.com.br\/wp-content\/uploads\/2025\/09\/Banda-SOS-Toca-RAUL-Credito-Alexandre-Magno-1140x760.jpg 1140w, https:\/\/cidadecult.com.br\/wp-content\/uploads\/2025\/09\/Banda-SOS-Toca-RAUL-Credito-Alexandre-Magno.jpg 1772w\" sizes=\"auto, (max-width: 1024px) 100vw, 1024px\" \/><figcaption class=\"wp-element-caption\">SOS Toca Raul (Cr\u00e9dito: Alexandre Magno).<\/figcaption><\/figure>\n\n\n\n<p>A trilha sonora, comandada pela banda <strong>SOS Toca Raul<\/strong>, \u00e9 um deleite \u00e0 parte. Com vers\u00f5es ao vivo de cl\u00e1ssicos como <em>Metamorfose Ambulante<\/em>, <em>Sociedade Alternativa<\/em> e <em>Ouro de Tolo<\/em>, o grupo brasiliense garante que a ess\u00eancia roqueira do espet\u00e1culo seja mantida com autenticidade e vigor. Os m\u00fasicos fazem mais que acompanhar \u2014 eles impulsionam a emo\u00e7\u00e3o do espet\u00e1culo.<\/p>\n\n\n\n<p>O resultado \u00e9 uma grande celebra\u00e7\u00e3o coletiva, em que o p\u00fablico canta junto, se emociona e reflete sobre as contradi\u00e7\u00f5es de um artista que nunca se encaixou nos padr\u00f5es \u2014 e que justamente por isso se tornou eterno. O musical n\u00e3o \u00e9 apenas para f\u00e3s, mas para todos que acreditam na for\u00e7a transformadora da arte.<\/p>\n\n\n\n<p>No final, fica claro: Raul Seixas segue vivo, desafiando conven\u00e7\u00f5es e encantando cora\u00e7\u00f5es por meio de espet\u00e1culos como esse \u2014 ousado, apaixonado e profundamente humano.<\/p>\n\n\n\n<figure class=\"wp-block-image size-large\"><img loading=\"lazy\" decoding=\"async\" width=\"1024\" height=\"650\" src=\"https:\/\/cidadecult.com.br\/wp-content\/uploads\/2025\/09\/Raul-Fora-da-Lei-Credito-Gal-Oliveira-2-1-1024x650.jpg\" alt=\"\" class=\"wp-image-14248\" srcset=\"https:\/\/cidadecult.com.br\/wp-content\/uploads\/2025\/09\/Raul-Fora-da-Lei-Credito-Gal-Oliveira-2-1-1024x650.jpg 1024w, https:\/\/cidadecult.com.br\/wp-content\/uploads\/2025\/09\/Raul-Fora-da-Lei-Credito-Gal-Oliveira-2-1-300x190.jpg 300w, https:\/\/cidadecult.com.br\/wp-content\/uploads\/2025\/09\/Raul-Fora-da-Lei-Credito-Gal-Oliveira-2-1-768x487.jpg 768w, https:\/\/cidadecult.com.br\/wp-content\/uploads\/2025\/09\/Raul-Fora-da-Lei-Credito-Gal-Oliveira-2-1-1536x974.jpg 1536w, https:\/\/cidadecult.com.br\/wp-content\/uploads\/2025\/09\/Raul-Fora-da-Lei-Credito-Gal-Oliveira-2-1-750x476.jpg 750w, https:\/\/cidadecult.com.br\/wp-content\/uploads\/2025\/09\/Raul-Fora-da-Lei-Credito-Gal-Oliveira-2-1-1140x723.jpg 1140w, https:\/\/cidadecult.com.br\/wp-content\/uploads\/2025\/09\/Raul-Fora-da-Lei-Credito-Gal-Oliveira-2-1.jpg 1772w\" sizes=\"auto, (max-width: 1024px) 100vw, 1024px\" \/><figcaption class=\"wp-element-caption\">Cr\u00e9dito: Gal Oliveira. <\/figcaption><\/figure>\n","protected":false},"excerpt":{"rendered":"<p>A reportagem do CidadeCult conferiu de perto a reestreia do musical Raul Fora da Lei no Teatro da CAIXA Cultural Bras\u00edlia \u2014 e o veredito \u00e9 claro: trata-se de uma explos\u00e3o de talento, energia e rever\u00eancia \u00e0 genialidade do eterno Maluco Beleza. Com texto vibrante, performances contagiantes e uma atmosfera que mistura rock, poesia e [&hellip;]<\/p>\n","protected":false},"author":777,"featured_media":14250,"comment_status":"open","ping_status":"open","sticky":false,"template":"","format":"standard","meta":{"_monsterinsights_skip_tracking":false,"_monsterinsights_sitenote_active":false,"_monsterinsights_sitenote_note":"","_monsterinsights_sitenote_category":0,"footnotes":""},"categories":[35,1,401],"tags":[],"class_list":["post-14242","post","type-post","status-publish","format-standard","has-post-thumbnail","hentry","category-business-news365","category-sem-categoria","category-teatro"],"_links":{"self":[{"href":"https:\/\/cidadecult.com.br\/index.php?rest_route=\/wp\/v2\/posts\/14242","targetHints":{"allow":["GET"]}}],"collection":[{"href":"https:\/\/cidadecult.com.br\/index.php?rest_route=\/wp\/v2\/posts"}],"about":[{"href":"https:\/\/cidadecult.com.br\/index.php?rest_route=\/wp\/v2\/types\/post"}],"author":[{"embeddable":true,"href":"https:\/\/cidadecult.com.br\/index.php?rest_route=\/wp\/v2\/users\/777"}],"replies":[{"embeddable":true,"href":"https:\/\/cidadecult.com.br\/index.php?rest_route=%2Fwp%2Fv2%2Fcomments&post=14242"}],"version-history":[{"count":1,"href":"https:\/\/cidadecult.com.br\/index.php?rest_route=\/wp\/v2\/posts\/14242\/revisions"}],"predecessor-version":[{"id":14251,"href":"https:\/\/cidadecult.com.br\/index.php?rest_route=\/wp\/v2\/posts\/14242\/revisions\/14251"}],"wp:featuredmedia":[{"embeddable":true,"href":"https:\/\/cidadecult.com.br\/index.php?rest_route=\/wp\/v2\/media\/14250"}],"wp:attachment":[{"href":"https:\/\/cidadecult.com.br\/index.php?rest_route=%2Fwp%2Fv2%2Fmedia&parent=14242"}],"wp:term":[{"taxonomy":"category","embeddable":true,"href":"https:\/\/cidadecult.com.br\/index.php?rest_route=%2Fwp%2Fv2%2Fcategories&post=14242"},{"taxonomy":"post_tag","embeddable":true,"href":"https:\/\/cidadecult.com.br\/index.php?rest_route=%2Fwp%2Fv2%2Ftags&post=14242"}],"curies":[{"name":"wp","href":"https:\/\/api.w.org\/{rel}","templated":true}]}}