{"id":14236,"date":"2025-09-18T14:00:12","date_gmt":"2025-09-18T17:00:12","guid":{"rendered":"https:\/\/cidadecult.com.br\/?p=14236"},"modified":"2025-09-18T14:00:15","modified_gmt":"2025-09-18T17:00:15","slug":"raul-seixas-e-celebrado-em-concerto-sinfonico-no-centro-de-convencoes-ulysses","status":"publish","type":"post","link":"https:\/\/cidadecult.com.br\/?p=14236","title":{"rendered":"Raul Seixas \u00e9 celebrado em concerto sinf\u00f4nico no Centro de Conven\u00e7\u00f5es Ulysses"},"content":{"rendered":"\n<h3 class=\"wp-block-heading\"><\/h3>\n\n\n\n<p>Bras\u00edlia vai vibrar ao som de um dos maiores \u00edcones da m\u00fasica brasileira. No <strong>dia 17 de outubro<\/strong>, o <strong>Centro de Conven\u00e7\u00f5es Ulysses<\/strong> recebe o espet\u00e1culo <strong>Raul Seixas Sinf\u00f4nico<\/strong>, que integra o projeto <strong>Bras\u00edlia em Concertos<\/strong> e homenageia a obra do eterno \u201cMaluco Beleza\u201d, que em 2025 completaria 80 anos.<\/p>\n\n\n\n<p>A apresenta\u00e7\u00e3o une a pot\u00eancia da <strong>Orquestra Filarm\u00f4nica de Bras\u00edlia<\/strong> \u00e0 performance intensa do ator <strong>Bruce Gomlevsky<\/strong>, reconhecido por sua interpreta\u00e7\u00e3o de Raul no espet\u00e1culo <em>RAUL<\/em>. Os arranjos in\u00e9ditos, sob dire\u00e7\u00e3o musical de <strong>Gabriel Gabrie<\/strong>, trazem cl\u00e1ssicos do artista em vers\u00e3o sinf\u00f4nica, costurados pela dramaturgia de <strong>Leonardo da Selva<\/strong>, inspirada nos manuscritos originais do cantor.<\/p>\n\n\n\n<blockquote class=\"wp-block-quote is-layout-flow wp-block-quote-is-layout-flow\">\n<p>\u201cRaul foi um artista \u00e0 frente do seu tempo. Trazer sua obra para o formato sinf\u00f4nico, no ano em que completaria 80 anos, \u00e9 n\u00e3o s\u00f3 a realiza\u00e7\u00e3o de um sonho, mas tamb\u00e9m um gesto de reconhecimento de sua import\u00e2ncia cultural\u201d, afirma o diretor Leonardo da Selva.<\/p>\n<\/blockquote>\n\n\n\n<figure class=\"wp-block-image size-large\"><img loading=\"lazy\" decoding=\"async\" width=\"1024\" height=\"683\" src=\"https:\/\/cidadecult.com.br\/wp-content\/uploads\/2025\/09\/IMG_2842-1-1024x683.jpg\" alt=\"\" class=\"wp-image-14238\" srcset=\"https:\/\/cidadecult.com.br\/wp-content\/uploads\/2025\/09\/IMG_2842-1-1024x683.jpg 1024w, https:\/\/cidadecult.com.br\/wp-content\/uploads\/2025\/09\/IMG_2842-1-300x200.jpg 300w, https:\/\/cidadecult.com.br\/wp-content\/uploads\/2025\/09\/IMG_2842-1-768x512.jpg 768w, https:\/\/cidadecult.com.br\/wp-content\/uploads\/2025\/09\/IMG_2842-1-1536x1024.jpg 1536w, https:\/\/cidadecult.com.br\/wp-content\/uploads\/2025\/09\/IMG_2842-1-750x500.jpg 750w, https:\/\/cidadecult.com.br\/wp-content\/uploads\/2025\/09\/IMG_2842-1-1140x760.jpg 1140w, https:\/\/cidadecult.com.br\/wp-content\/uploads\/2025\/09\/IMG_2842-1.jpg 1600w\" sizes=\"auto, (max-width: 1024px) 100vw, 1024px\" \/><\/figure>\n\n\n\n<h3 class=\"wp-block-heading\">Um legado que atravessa gera\u00e7\u00f5es<\/h3>\n\n\n\n<p>Conhecido por misturar rock, poesia e filosofia em suas composi\u00e7\u00f5es, Raul Seixas deixou um repert\u00f3rio que segue inspirando f\u00e3s de todas as idades. A vers\u00e3o sinf\u00f4nica busca ampliar esse legado, proporcionando uma experi\u00eancia emocionante para antigos seguidores e novos p\u00fablicos.<\/p>\n\n\n\n<p>O espet\u00e1culo tem patroc\u00ednio da <strong>Brasal<\/strong>, por meio da <strong>Lei de Incentivo \u00e0 Cultura<\/strong>, e ingressos a partir de <strong>R$ 25<\/strong>.<\/p>\n\n\n\n<hr class=\"wp-block-separator has-alpha-channel-opacity\"\/>\n\n\n\n<p>\ud83d\udccd <strong>Servi\u00e7o<\/strong><br><strong>Raul Seixas Sinf\u00f4nico \u2013 Bras\u00edlia em Concertos<\/strong><br>\ud83d\udcc5 17 de outubro (sexta-feira)<br>\u23f0 20h30<br>\ud83c\udfdb Centro de Conven\u00e7\u00f5es Ulysses \u2013 Bras\u00edlia\/DF<br>\ud83c\udf9f Ingressos: a partir de R$ 25, dispon\u00edveis em <a href=\"https:\/\/www.bilheteriadigital.com\/raul-sinfonico-17-de-outubro\">Bilheteria Digital<\/a><br>\ud83d\udcde Informa\u00e7\u00f5es: (61) 98141-1990 | (61) 3554-4005<br>\ud83d\udd1e Classifica\u00e7\u00e3o: 16 anos (menores acompanhados de respons\u00e1vel legal)<\/p>\n\n\n\n<p>Pontos de venda f\u00edsicos: Atuali Papelaria (EPTG), Barbearia Elvis (Taguatinga Shopping, JK Shopping e DF Plaza), Emp\u00f3rio do Cervejeiro (Jardim Bot\u00e2nico), Koni 209 Sul e Koni 101 Sudoeste.<\/p>\n","protected":false},"excerpt":{"rendered":"<p>Bras\u00edlia vai vibrar ao som de um dos maiores \u00edcones da m\u00fasica brasileira. No dia 17 de outubro, o Centro de Conven\u00e7\u00f5es Ulysses recebe o espet\u00e1culo Raul Seixas Sinf\u00f4nico, que integra o projeto Bras\u00edlia em Concertos e homenageia a obra do eterno \u201cMaluco Beleza\u201d, que em 2025 completaria 80 anos. A apresenta\u00e7\u00e3o une a pot\u00eancia [&hellip;]<\/p>\n","protected":false},"author":777,"featured_media":14237,"comment_status":"open","ping_status":"open","sticky":false,"template":"","format":"standard","meta":{"_monsterinsights_skip_tracking":false,"_monsterinsights_sitenote_active":false,"_monsterinsights_sitenote_note":"","_monsterinsights_sitenote_category":0,"footnotes":""},"categories":[35],"tags":[],"class_list":["post-14236","post","type-post","status-publish","format-standard","has-post-thumbnail","hentry","category-business-news365"],"_links":{"self":[{"href":"https:\/\/cidadecult.com.br\/index.php?rest_route=\/wp\/v2\/posts\/14236","targetHints":{"allow":["GET"]}}],"collection":[{"href":"https:\/\/cidadecult.com.br\/index.php?rest_route=\/wp\/v2\/posts"}],"about":[{"href":"https:\/\/cidadecult.com.br\/index.php?rest_route=\/wp\/v2\/types\/post"}],"author":[{"embeddable":true,"href":"https:\/\/cidadecult.com.br\/index.php?rest_route=\/wp\/v2\/users\/777"}],"replies":[{"embeddable":true,"href":"https:\/\/cidadecult.com.br\/index.php?rest_route=%2Fwp%2Fv2%2Fcomments&post=14236"}],"version-history":[{"count":1,"href":"https:\/\/cidadecult.com.br\/index.php?rest_route=\/wp\/v2\/posts\/14236\/revisions"}],"predecessor-version":[{"id":14239,"href":"https:\/\/cidadecult.com.br\/index.php?rest_route=\/wp\/v2\/posts\/14236\/revisions\/14239"}],"wp:featuredmedia":[{"embeddable":true,"href":"https:\/\/cidadecult.com.br\/index.php?rest_route=\/wp\/v2\/media\/14237"}],"wp:attachment":[{"href":"https:\/\/cidadecult.com.br\/index.php?rest_route=%2Fwp%2Fv2%2Fmedia&parent=14236"}],"wp:term":[{"taxonomy":"category","embeddable":true,"href":"https:\/\/cidadecult.com.br\/index.php?rest_route=%2Fwp%2Fv2%2Fcategories&post=14236"},{"taxonomy":"post_tag","embeddable":true,"href":"https:\/\/cidadecult.com.br\/index.php?rest_route=%2Fwp%2Fv2%2Ftags&post=14236"}],"curies":[{"name":"wp","href":"https:\/\/api.w.org\/{rel}","templated":true}]}}