{"id":14232,"date":"2025-09-17T16:13:18","date_gmt":"2025-09-17T19:13:18","guid":{"rendered":"https:\/\/cidadecult.com.br\/?p=14232"},"modified":"2025-09-17T16:13:22","modified_gmt":"2025-09-17T19:13:22","slug":"cia-novos-candangos-entra-em-circulacao-nacional-com-mostra-gratuita-em-tres-capitais","status":"publish","type":"post","link":"https:\/\/cidadecult.com.br\/?p=14232","title":{"rendered":"Cia. Novos Candangos entra em circula\u00e7\u00e3o nacional com mostra gratuita em tr\u00eas capitais"},"content":{"rendered":"\n<h3 class=\"wp-block-heading\"><\/h3>\n\n\n\n<p>A <strong>Cia. Novos Candangos<\/strong>, uma das companhias mais premiadas do DF, leva tr\u00eas de seus espet\u00e1culos de maior sucesso para uma <strong>circula\u00e7\u00e3o nacional gratuita<\/strong>. A <strong>\u201cMostra de Teatro Novos Candangos\u201d<\/strong>, realizada com recursos do <strong>Fundo de Apoio \u00e0 Cultura do DF (FAC)<\/strong>, percorre <strong>Jo\u00e3o Pessoa (PB), Belo Horizonte (MG) e Curitiba (PR)<\/strong> entre setembro e outubro de 2025, com sess\u00f5es acess\u00edveis em libras e audiodescri\u00e7\u00e3o.<\/p>\n\n\n\n<p>O repert\u00f3rio escolhido reflete a diversidade de linguagens da companhia: o drama <strong>\u201cSelva\u201d<\/strong>, o mon\u00f3logo premiado <strong>\u201cMinha Grande Pequena\u201d<\/strong> e a com\u00e9dia <strong>\u201cNovel\u00e3o\u201d<\/strong>.<\/p>\n\n\n\n<figure class=\"wp-block-image size-large\"><img loading=\"lazy\" decoding=\"async\" width=\"1024\" height=\"819\" src=\"https:\/\/cidadecult.com.br\/wp-content\/uploads\/2025\/09\/cia_novos_candangos_foto_humberto_araujo-3812-1-1024x819.jpg\" alt=\"\" class=\"wp-image-14233\" srcset=\"https:\/\/cidadecult.com.br\/wp-content\/uploads\/2025\/09\/cia_novos_candangos_foto_humberto_araujo-3812-1-1024x819.jpg 1024w, https:\/\/cidadecult.com.br\/wp-content\/uploads\/2025\/09\/cia_novos_candangos_foto_humberto_araujo-3812-1-300x240.jpg 300w, https:\/\/cidadecult.com.br\/wp-content\/uploads\/2025\/09\/cia_novos_candangos_foto_humberto_araujo-3812-1-768x614.jpg 768w, https:\/\/cidadecult.com.br\/wp-content\/uploads\/2025\/09\/cia_novos_candangos_foto_humberto_araujo-3812-1-1536x1229.jpg 1536w, https:\/\/cidadecult.com.br\/wp-content\/uploads\/2025\/09\/cia_novos_candangos_foto_humberto_araujo-3812-1-2048x1638.jpg 2048w, https:\/\/cidadecult.com.br\/wp-content\/uploads\/2025\/09\/cia_novos_candangos_foto_humberto_araujo-3812-1-750x600.jpg 750w, https:\/\/cidadecult.com.br\/wp-content\/uploads\/2025\/09\/cia_novos_candangos_foto_humberto_araujo-3812-1-1140x912.jpg 1140w\" sizes=\"auto, (max-width: 1024px) 100vw, 1024px\" \/><figcaption class=\"wp-element-caption\">Foto: Humberto Araujo<\/figcaption><\/figure>\n\n\n\n<h3 class=\"wp-block-heading\">O repert\u00f3rio<\/h3>\n\n\n\n<ul class=\"wp-block-list\">\n<li><strong>Selva<\/strong> \u2013 drama em nove cenas que retrata rela\u00e7\u00f5es humanas marcadas por afeto, brutalidade e incomunicabilidade.<\/li>\n\n\n\n<li><strong>Minha Grande Pequena<\/strong> \u2013 mon\u00f3logo inspirado em Hilda Hilst, Clarice Lispector e Ign\u00e1cio de Loyola Brand\u00e3o. Premiado em Mariana (MG) e no Pr\u00eamio Web de Teatro do DF.<\/li>\n\n\n\n<li><strong>Novel\u00e3o<\/strong> \u2013 homenagem \u00e0s novelas brasileiras, com exageros, mist\u00e9rio e romance em um enredo c\u00f4mico.<\/li>\n<\/ul>\n\n\n\n<blockquote class=\"wp-block-quote is-layout-flow wp-block-quote-is-layout-flow\">\n<p>\u201cEssa circula\u00e7\u00e3o \u00e9 especial porque faz nosso trabalho chegar a outros lugares e fortalece a companhia fora do DF. \u00c9 enriquecedor trocar com p\u00fablicos e culturas diferentes\u201d, destaca o diretor <strong>Diego de Le\u00f3n<\/strong>.<\/p>\n<\/blockquote>\n\n\n\n<h3 class=\"wp-block-heading\">Agenda da mostra<\/h3>\n\n\n\n<p>\ud83d\udccd <strong>Jo\u00e3o Pessoa (PB) \u2013 Teatro Ednaldo do Egypto<\/strong><\/p>\n\n\n\n<ul class=\"wp-block-list\">\n<li>25 e 26\/09 \u2013 <em>Selva<\/em>, \u00e0s 20h<\/li>\n\n\n\n<li>26 e 27\/09 \u2013 <em>Minha Grande Pequena<\/em>, \u00e0s 16h<\/li>\n\n\n\n<li>28\/09 \u2013 <em>Novel\u00e3o<\/em>, \u00e0s 16h e \u00e0s 19h<\/li>\n<\/ul>\n\n\n\n<p>\ud83d\udccd <strong>Belo Horizonte (MG) \u2013 Teatro de Bolso (SESIMINAS)<\/strong><\/p>\n\n\n\n<ul class=\"wp-block-list\">\n<li>9 e 10\/10 \u2013 <em>Selva<\/em>, \u00e0s 20h<\/li>\n\n\n\n<li>11 e 12\/10 \u2013 <em>Minha Grande Pequena<\/em>, \u00e0s 16h<\/li>\n\n\n\n<li>11 e 12\/10 \u2013 <em>Novel\u00e3o<\/em>, \u00e0s 19h<\/li>\n<\/ul>\n\n\n\n<p>\ud83d\udccd <strong>Curitiba (PR) \u2013 Teatro Cleon Jacques<\/strong><\/p>\n\n\n\n<ul class=\"wp-block-list\">\n<li>23 e 24\/10 \u2013 <em>Selva<\/em>, \u00e0s 20h<\/li>\n\n\n\n<li>25 e 26\/10 \u2013 <em>Minha Grande Pequena<\/em>, \u00e0s 16h<\/li>\n\n\n\n<li>25 e 26\/10 \u2013 <em>Novel\u00e3o<\/em>, \u00e0s 19h<\/li>\n<\/ul>\n\n\n\n<p>\ud83c\udf9f Entrada gratuita | N\u00e3o recomendado para menores de 14 anos<\/p>\n\n\n\n<hr class=\"wp-block-separator has-alpha-channel-opacity\"\/>\n\n\n\n<h3 class=\"wp-block-heading\">Sobre a Cia. Novos Candangos<\/h3>\n\n\n\n<p>Fundada em 2012, a companhia j\u00e1 produziu <strong>11 espet\u00e1culos e 3 curtas-metragens<\/strong>, explorando tanto adapta\u00e7\u00f5es de cl\u00e1ssicos quanto obras autorais de linguagem pop e contempor\u00e2nea. Reconhecida pelo p\u00fablico e pela cr\u00edtica, acumula pr\u00eamios em festivais pelo pa\u00eds, incluindo Melhor Espet\u00e1culo, Melhor Dire\u00e7\u00e3o e Melhor Atriz.<\/p>\n\n\n\n<p>Entre seus trabalhos recentes est\u00e3o <strong>\u201cSelva\u201d<\/strong>, <strong>\u201cNovel\u00e3o\u201d<\/strong> e <strong>\u201cMinha Grande Pequena\u201d<\/strong>, al\u00e9m de projetos sociais e educativos que refor\u00e7am a presen\u00e7a da companhia como polo criativo do DF.<\/p>\n\n\n\n<p>\ud83d\udcf2 Mais informa\u00e7\u00f5es: <a href=\"https:\/\/instagram.com\/cianovoscandangos\">@cianovoscandangos<\/a><\/p>\n","protected":false},"excerpt":{"rendered":"<p>A Cia. Novos Candangos, uma das companhias mais premiadas do DF, leva tr\u00eas de seus espet\u00e1culos de maior sucesso para uma circula\u00e7\u00e3o nacional gratuita. A \u201cMostra de Teatro Novos Candangos\u201d, realizada com recursos do Fundo de Apoio \u00e0 Cultura do DF (FAC), percorre Jo\u00e3o Pessoa (PB), Belo Horizonte (MG) e Curitiba (PR) entre setembro e [&hellip;]<\/p>\n","protected":false},"author":777,"featured_media":14234,"comment_status":"open","ping_status":"open","sticky":false,"template":"","format":"standard","meta":{"_monsterinsights_skip_tracking":false,"_monsterinsights_sitenote_active":false,"_monsterinsights_sitenote_note":"","_monsterinsights_sitenote_category":0,"footnotes":""},"categories":[401],"tags":[],"class_list":["post-14232","post","type-post","status-publish","format-standard","has-post-thumbnail","hentry","category-teatro"],"_links":{"self":[{"href":"https:\/\/cidadecult.com.br\/index.php?rest_route=\/wp\/v2\/posts\/14232","targetHints":{"allow":["GET"]}}],"collection":[{"href":"https:\/\/cidadecult.com.br\/index.php?rest_route=\/wp\/v2\/posts"}],"about":[{"href":"https:\/\/cidadecult.com.br\/index.php?rest_route=\/wp\/v2\/types\/post"}],"author":[{"embeddable":true,"href":"https:\/\/cidadecult.com.br\/index.php?rest_route=\/wp\/v2\/users\/777"}],"replies":[{"embeddable":true,"href":"https:\/\/cidadecult.com.br\/index.php?rest_route=%2Fwp%2Fv2%2Fcomments&post=14232"}],"version-history":[{"count":1,"href":"https:\/\/cidadecult.com.br\/index.php?rest_route=\/wp\/v2\/posts\/14232\/revisions"}],"predecessor-version":[{"id":14235,"href":"https:\/\/cidadecult.com.br\/index.php?rest_route=\/wp\/v2\/posts\/14232\/revisions\/14235"}],"wp:featuredmedia":[{"embeddable":true,"href":"https:\/\/cidadecult.com.br\/index.php?rest_route=\/wp\/v2\/media\/14234"}],"wp:attachment":[{"href":"https:\/\/cidadecult.com.br\/index.php?rest_route=%2Fwp%2Fv2%2Fmedia&parent=14232"}],"wp:term":[{"taxonomy":"category","embeddable":true,"href":"https:\/\/cidadecult.com.br\/index.php?rest_route=%2Fwp%2Fv2%2Fcategories&post=14232"},{"taxonomy":"post_tag","embeddable":true,"href":"https:\/\/cidadecult.com.br\/index.php?rest_route=%2Fwp%2Fv2%2Ftags&post=14232"}],"curies":[{"name":"wp","href":"https:\/\/api.w.org\/{rel}","templated":true}]}}