{"id":1417,"date":"2023-10-18T13:44:04","date_gmt":"2023-10-18T16:44:04","guid":{"rendered":"https:\/\/cidadecult.com.br\/?p=1417"},"modified":"2023-10-18T13:44:07","modified_gmt":"2023-10-18T16:44:07","slug":"df-celebra-50-anos-do-programa-nacional-de-imunizacoes-com-oferta-ampliada","status":"publish","type":"post","link":"https:\/\/cidadecult.com.br\/?p=1417","title":{"rendered":"DF celebra 50 anos do Programa Nacional de Imuniza\u00e7\u00f5es com oferta ampliada"},"content":{"rendered":"\n<h1 class=\"wp-block-heading\"><\/h1>\n\n\n\n<p>Apenas neste ano, j\u00e1 foram cerca de 2,6 milh\u00f5es de doses aplicadas. N\u00famero cresce com a\u00e7\u00f5es em escolas e espa\u00e7os p\u00fablicos de grande movimenta\u00e7\u00e3o<\/p>\n\n\n\n<p>Ag\u00eancia Bras\u00edlia* | Edi\u00e7\u00e3o: Igor Silveira<\/p>\n\n\n\n<ul class=\"wp-block-list\"><li><a href=\"https:\/\/www.agenciabrasilia.df.gov.br\/categoria\/gdf\">GDF<\/a><\/li><li><a href=\"https:\/\/www.agenciabrasilia.df.gov.br\/categoria\/saude\">SA\u00daDE<\/a><\/li><li><a href=\"https:\/\/www.agenciabrasilia.df.gov.br\/categoria\/vacinacao\">VACINA\u00c7\u00c3O<\/a><\/li><\/ul>\n\n\n\n<p><a href=\"https:\/\/www.facebook.com\/sharer.php?u=https:\/\/www.agenciabrasilia.df.gov.br\/2023\/09\/18\/df-celebra-50-anos-do-programa-nacional-de-imunizacoes-com-oferta-ampliada\/\" target=\"_blank\" rel=\"noreferrer noopener\">&nbsp;Facebook<\/a><a target=\"_blank\" href=\"https:\/\/api.whatsapp.com\/send?text=https:\/\/www.agenciabrasilia.df.gov.br\/2023\/09\/18\/df-celebra-50-anos-do-programa-nacional-de-imunizacoes-com-oferta-ampliada\/\" rel=\"noreferrer noopener\">&nbsp;Encaminhar<\/a><\/p>\n\n\n\n<p>Desafios, ganho constante de conhecimento e orgulho. \u00c9 assim que servidores da Secretaria de Sa\u00fade do Distrito Federal (SES-DF) encaram os 50 anos do Programa Nacional de Imuniza\u00e7\u00f5es (PNI), uma iniciativa nacional criada em 1973 com o objetivo inicial de reduzir a mortalidade infantil e que, atualmente, promove sa\u00fade para todas as faixas et\u00e1rias.<\/p>\n\n\n\n<p>Em 2023, o DF celebra a data com a aplica\u00e7\u00e3o de cerca de 2,6 milh\u00f5es de vacinas em oito meses e meio, sendo 38.600 em a\u00e7\u00f5es realizadas em 232 escolas, e 64.350 em outras atividades externas, como em feiras, parques, shoppings e por meio do Carro da Vacina. Foram 750 mil doses contra a covid-19, 895 mil contra a Influenza e 940 mil da denominada vacina\u00e7\u00e3o de rotina, como \u00e9 chamada a imuniza\u00e7\u00e3o por faixa et\u00e1ria prevista pelo calend\u00e1rio anual, hoje com 20 tipos diferentes de imunizantes previstos.<\/p>\n\n\n\n<figure class=\"wp-block-image\"><img decoding=\"async\" src=\"http:\/\/agenciabrasilia.df.gov.br\/wp-conteudo\/uploads\/2023\/09\/Tereza_Luiza_Pereira_de_branco_com_a_equipe_da_Rede_de_Frio_Central_da_SES-DF._Foto_Jonathan_Cantarelle_Agencia_Saude_-DF.jpg\" alt=\"Foto: Divulga\u00e7\u00e3o\/Ag\u00eancia Sa\u00fade-DF\" class=\"wp-image-545645\"\/><figcaption>Equipe da Rede de Frio Central da SES-DF | Fotos: Divulga\u00e7\u00e3o\/Ag\u00eancia Sa\u00fade-DF<\/figcaption><\/figure>\n\n\n\n<p><strong>Pioneirismo<\/strong><\/p>\n\n\n\n<p>A oferta de imunizantes nem sempre foi t\u00e3o grande. Quando as a\u00e7\u00f5es foram iniciadas em Bras\u00edlia e no restante do pa\u00eds, ainda no come\u00e7o dos anos 1970, eram apenas quatro tipos de vacinas: BCG (tuberculose), poliomielite, sarampo e a tr\u00edplice bacteriana. Tamb\u00e9m havia campanhas espec\u00edficas de grande escala, como contra a var\u00edola e a febre amarela. \u00c0 \u00e9poca, al\u00e9m da publicidade, casos de doen\u00e7as assustavam a popula\u00e7\u00e3o.<\/p>\n\n\n\n<p>\u201cA gente viveu um per\u00edodo importante em termos de imuniza\u00e7\u00e3o. Trabalhamos muito\u201d, conta a t\u00e9cnica em enfermagem Maria de F\u00e1tima da Silva, aplicadora de vacinas no DF entre 1981 e 2013. Ela lembra do temor que havia com a poliomielite, cujo \u00faltimo caso foi confirmado no Brasil em 1989, dois anos ap\u00f3s o fim da doen\u00e7a no DF. \u201cOs pais viam aquilo acometer as crian\u00e7as e queriam muito vacinar seus filhos\u201d, relata.<\/p>\n\n\n\n<p>Maria de F\u00e1tima conta que, al\u00e9m da grande ades\u00e3o, tamb\u00e9m houve um esfor\u00e7o enorme na busca ativa de quem estivesse com o cart\u00e3o de vacina em atraso. \u201cSe uma crian\u00e7a agendada n\u00e3o comparecesse, no dia seguinte um agente de sa\u00fade ia em busca da fam\u00edlia\u201d, lembra.<\/p>\n\n\n\n<figure class=\"wp-block-image\"><img decoding=\"async\" src=\"http:\/\/agenciabrasilia.df.gov.br\/wp-conteudo\/uploads\/2023\/09\/Vacinacao_contra_variola_em_Ceilandia_em_1973_Foto_Arquivo_Publico-1.jpg\" alt=\"\" class=\"wp-image-545648\"\/><figcaption>Vacina\u00e7\u00e3o contra var\u00edola em Ceil\u00e2ndia, em 1973<\/figcaption><\/figure>\n\n\n\n<p>Hoje, aos 63 anos, a servidora aposentada diz ter orgulho do seu papel nas campanhas de vacina\u00e7\u00e3o. \u201cO sentimento que eu tenho \u00e9 que fui muito importante para a sociedade\u201d, afirma.<\/p>\n\n\n\n<p>Com otimismo, ela v\u00ea com bons olhos uma mudan\u00e7a no perfil do p\u00fablico. \u201cQuem procurava a vacina\u00e7\u00e3o era sempre a m\u00e3e ou a av\u00f3 materna. Hoje, vemos av\u00f4, pai, tio. Isso \u00e9 muito positivo, temos que aproveitar isso\u201d, opina.<\/p>\n\n\n\n<p><strong>Evolu\u00e7\u00e3o de estrat\u00e9gias<\/strong><\/p>\n\n\n\n<p>Essa amplia\u00e7\u00e3o dos p\u00fablicos de interesse na vacina tamb\u00e9m \u00e9 relatada pelo enfermeiro Lucas Soares, atualmente da equipe da Unidade B\u00e1sica de Sa\u00fade (UBS) 8 de Ceil\u00e2ndia. \u201cHoje h\u00e1 grupos de adolescentes que v\u00eam sozinhos, como um passeio entre amigos\u201d, comemora.<\/p>\n\n\n\n<p>Para o servidor, apesar de ter havido dissemina\u00e7\u00e3o de fake news ap\u00f3s o in\u00edcio da campanha contra a covid-19, a procura sempre se manteve elevada \u2013 ele chegou a aplicar mais de 300 doses em um \u00fanico dia. O principal legado \u00e9: quem n\u00e3o ia a uma unidade de sa\u00fade h\u00e1 anos tamb\u00e9m percebeu a necessidade de completar todo o calend\u00e1rio vacinal. \u201cAs pessoas viram que \u00e9 necess\u00e1rio e se conscientizaram\u201d, pontua.<\/p>\n\n\n\n<p>No dia a dia, ele conta ter anima\u00e7\u00e3o especial pelas chamadas a\u00e7\u00f5es extramuros, quando as equipes da SES-DF s\u00e3o mobilizadas para atuar em espa\u00e7os como feiras, pra\u00e7as, parques e shoppings. As escolas, por\u00e9m, est\u00e3o em primeiro lugar na sua prefer\u00eancia. \u201cUm menino de 10 anos ficou t\u00e3o feliz em ser vacinado que voltou depois e me deu uma lapiseira de presente. Foi a forma dele de agradecer\u201d, lembra o enfermeiro.<\/p>\n\n\n\n<figure class=\"wp-block-image\"><img decoding=\"async\" src=\"http:\/\/agenciabrasilia.df.gov.br\/wp-conteudo\/uploads\/2023\/09\/A_vacinacao_em_escolas_e_uma_das_estrategias_da_Secretaria_de_Saude_do_DF_para_ampliar_a_cobertura_vacinal._Foto_Jonathan_Cantarelle_-_Agencia_Saude-DF.jpg\" alt=\"\" class=\"wp-image-545651\"\/><figcaption>A vacina\u00e7\u00e3o em escolas \u00e9 uma das estrat\u00e9gias da Secretaria de Sa\u00fade para ampliar a cobertura vacinal<\/figcaption><\/figure>\n\n\n\n<p>Com a experi\u00eancia de ter atuado em hospitais, Lucas diz que um dos principais orgulhos de trabalhar em prol do PNI \u00e9 poder enxergar a sa\u00fade n\u00e3o apenas como a cura de doen\u00e7as, mas como garantia do bem-estar. \u201cQuanto mais pessoas eu atendo, menos elas v\u00e3o ficar doentes ou internadas. E eu fa\u00e7o parte dessa hist\u00f3ria\u201d, celebra.<\/p>\n\n\n\n<p><strong>2,5 mil servidores envolvidos<\/strong><\/p>\n\n\n\n<p>A SES-DF conta com cerca de 2,5 mil servidores que atuam direta ou indiretamente nas a\u00e7\u00f5es de vacina\u00e7\u00e3o. S\u00e3o habilitados para a aplica\u00e7\u00e3o das doses t\u00e9cnicos em enfermagem, enfermeiros, m\u00e9dicos, odont\u00f3logos e farmac\u00eauticos com forma\u00e7\u00e3o espec\u00edfica. Por\u00e9m, o dia a dia tamb\u00e9m inclui equipes envolvidas na defini\u00e7\u00e3o de estrat\u00e9gias, di\u00e1logo com institui\u00e7\u00f5es parceiras, transporte, prepara\u00e7\u00e3o das vacinas, acolhimento do p\u00fablico, emiss\u00e3o e registro de cart\u00f5es de vacina\u00e7\u00e3o, manuten\u00e7\u00e3o de equipamentos, comunica\u00e7\u00e3o e controle de estoques, dentre outras atividades.<\/p>\n\n\n\n<p>\u201cO anivers\u00e1rio do PNI \u00e9 um marco. \u00c9 meio s\u00e9culo de exist\u00eancia do melhor e maior programa de imuniza\u00e7\u00e3o do mundo. E isso s\u00f3 \u00e9 poss\u00edvel gra\u00e7as ao trabalho dos servidores, dos vacinadores que est\u00e3o na ponta e todos os envolvidos\u201d, afirma a gerente da Rede de Frio Central da SES-DF, Tereza Luiza Pereira.<\/p>\n\n\n\n<p><strong>Avan\u00e7o na log\u00edstica<\/strong><\/p>\n\n\n\n<p>Localizada no Parque de Apoio da secretaria, no Setor de Ind\u00fastria e Abastecimento (SIA), a Rede de Frio Central conta com uma c\u00e2mara de 63 m\u00b3 que permanece 24 horas a temperaturas entre 2\u00ba C e 8\u00ba C, \u00edndices indicados para a maioria dos imunobiol\u00f3gicos. Tamb\u00e9m h\u00e1 oito c\u00e2maras cient\u00edficas de 2 mil litros e sete de 400 litros, com temperaturas ajust\u00e1veis. Completa o parque tecnol\u00f3gico tr\u00eas freezers capazes de manter o interior a -80\u00ba C e dois para -20\u00ba C. H\u00e1 ainda sistemas duplicados para garantir o funcionamento e, ao menor sinal de falha, liga\u00e7\u00f5es autom\u00e1ticas s\u00e3o feitas para celulares de t\u00e9cnicos respons\u00e1veis.<\/p>\n\n\n\n<p><strong>Leia tamb\u00e9m<\/strong><a href=\"https:\/\/www.agenciabrasilia.df.gov.br\/2023\/09\/09\/pesquisa-aponta-retomada-do-crescimento-da-vacinacao-infantil-no-df\/\"><strong>Pesquisa aponta retomada do crescimento da vacina\u00e7\u00e3o infantil no DF<\/strong><\/a><a href=\"https:\/\/www.agenciabrasilia.df.gov.br\/2023\/09\/12\/df-aplica-mais-de-11-mil-doses-de-vacinas-contra-covid-19-em-uma-semana\/\"><strong>DF aplica mais de 11 mil doses de vacinas contra covid-19 em uma semana<\/strong><\/a><a href=\"https:\/\/www.agenciabrasilia.df.gov.br\/2023\/09\/06\/novos-casos-de-covid-19-no-df-alertam-para-a-importancia-da-vacinacao\/\"><strong>Novos casos de covid-19 no DF alertam para a import\u00e2ncia da vacina\u00e7\u00e3o<\/strong><\/a><\/p>\n\n\n\n<p>A Rede de Frio Central \u00e9 capaz de armazenar, se necess\u00e1rio, at\u00e9 600 mil doses de vacinas e ampolas, tudo transferido pelo Minist\u00e9rio da Sa\u00fade (MS), por meio do PNI. Ao GDF, cabe a aquisi\u00e7\u00e3o de todos os demais insumos necess\u00e1rios \u00e0 imuniza\u00e7\u00e3o, como seringas, caixas t\u00e9rmicas, term\u00f4metros e os chamados \u201cgelox\u201d, para garantir a manuten\u00e7\u00e3o da temperatura.<\/p>\n\n\n\n<p>De segunda a quinta-feira, ve\u00edculos fazem a distribui\u00e7\u00e3o dos estoques entre UBSs e hospitais. Dependendo do porte, uma \u00fanica UBS pode ser abastecida com at\u00e9 20 mil doses. \u201cA partir de 2019, houve uma renova\u00e7\u00e3o do parque tecnol\u00f3gico de toda a SES-DF. Compramos quase 400 c\u00e2maras de vacinas, tirando as geladeiras dom\u00e9sticas. Isso permitiu que melhor\u00e1ssemos a qualidade e ampli\u00e1ssemos a capacidade de atendimento\u201d, acrescenta Tereza.<\/p>\n\n\n\n<p>Com 29 servidores, a Rede de Frio tamb\u00e9m \u00e9 respons\u00e1vel por emitir as orienta\u00e7\u00f5es gerais para a vacina\u00e7\u00e3o no DF e faz o treinamento das equipes. O foco \u00e9 assegurar o mesmo padr\u00e3o em todas as salas de vacina e promover a troca de conhecimento entre servidores de diversas regi\u00f5es, sobretudo para garantir a seguran\u00e7a de a\u00e7\u00f5es realizadas fora das unidades de sa\u00fade.<\/p>\n\n\n\n<p>\u201cO maior desafio \u00e9 tentar dar acesso sem perder vacinas. H\u00e1 aquelas que vencem muito r\u00e1pido depois que abre o frasco, e, se a popula\u00e7\u00e3o n\u00e3o aparecer, perdemos os imunizantes\u201d, explica a gerente da Rede de Frio. No caso da BCG, por exemplo, um frasco cont\u00e9m 20 doses e, ap\u00f3s aberto, \u00e9 poss\u00edvel utiliz\u00e1-lo por apenas seis horas. Por isso, a estrat\u00e9gia \u00e9 ter um n\u00famero limitado de locais, com hor\u00e1rio definido. Em UBSs de regi\u00f5es rurais tamb\u00e9m h\u00e1 atendimento em dias estabelecidos.<\/p>\n\n\n\n<p>Entre normas t\u00e9cnicas, c\u00e1lculos e di\u00e1logos constantes sobre a melhor forma de levar a vacina para a popula\u00e7\u00e3o, Tereza diz se sentir realizada como servidora por poder atuar na \u00e1rea. \u201cN\u00e3o \u00e9 mais um trabalho. Costumo falar que fa\u00e7o o que eu amo, e fa\u00e7o com amor. Desde que entrei na minha vida p\u00fablica, eu entrego aqui o que eu gostaria que meus colegas entregassem aos meus familiares\u201d, afirma.<\/p>\n\n\n\n<p><strong>Al\u00e9m das vacinas<\/strong><\/p>\n\n\n\n<p>Hoje, al\u00e9m das 20 vacinas previstas no calend\u00e1rio de vacina\u00e7\u00e3o b\u00e1sico, o PNI tamb\u00e9m inclui soros e imunoglobulinas de origem animal e humana utilizados para tratamentos espec\u00edficos, como \u00e9 o caso de picadas de animais pe\u00e7onhentos. Ao todo, s\u00e3o 49 imunobiol\u00f3gicos distribu\u00eddos pelo MS e inclu\u00eddos nas a\u00e7\u00f5es di\u00e1rias de estados, munic\u00edpios e DF.<\/p>\n\n\n\n<p><em>*Com informa\u00e7\u00f5es da SES-DF<\/em><\/p>\n","protected":false},"excerpt":{"rendered":"<p>Apenas neste ano, j\u00e1 foram cerca de 2,6 milh\u00f5es de doses aplicadas. N\u00famero cresce com a\u00e7\u00f5es em escolas e espa\u00e7os p\u00fablicos de grande movimenta\u00e7\u00e3o Ag\u00eancia Bras\u00edlia* | Edi\u00e7\u00e3o: Igor Silveira GDF SA\u00daDE VACINA\u00c7\u00c3O &nbsp;Facebook&nbsp;Encaminhar Desafios, ganho constante de conhecimento e orgulho. \u00c9 assim que servidores da Secretaria de Sa\u00fade do Distrito Federal (SES-DF) encaram os [&hellip;]<\/p>\n","protected":false},"author":1,"featured_media":1418,"comment_status":"open","ping_status":"open","sticky":false,"template":"","format":"standard","meta":{"_monsterinsights_skip_tracking":false,"_monsterinsights_sitenote_active":false,"_monsterinsights_sitenote_note":"","_monsterinsights_sitenote_category":0,"footnotes":""},"categories":[17,38],"tags":[],"class_list":["post-1417","post","type-post","status-publish","format-standard","has-post-thumbnail","hentry","category-bsb","category-health-2"],"_links":{"self":[{"href":"https:\/\/cidadecult.com.br\/index.php?rest_route=\/wp\/v2\/posts\/1417","targetHints":{"allow":["GET"]}}],"collection":[{"href":"https:\/\/cidadecult.com.br\/index.php?rest_route=\/wp\/v2\/posts"}],"about":[{"href":"https:\/\/cidadecult.com.br\/index.php?rest_route=\/wp\/v2\/types\/post"}],"author":[{"embeddable":true,"href":"https:\/\/cidadecult.com.br\/index.php?rest_route=\/wp\/v2\/users\/1"}],"replies":[{"embeddable":true,"href":"https:\/\/cidadecult.com.br\/index.php?rest_route=%2Fwp%2Fv2%2Fcomments&post=1417"}],"version-history":[{"count":1,"href":"https:\/\/cidadecult.com.br\/index.php?rest_route=\/wp\/v2\/posts\/1417\/revisions"}],"predecessor-version":[{"id":1419,"href":"https:\/\/cidadecult.com.br\/index.php?rest_route=\/wp\/v2\/posts\/1417\/revisions\/1419"}],"wp:featuredmedia":[{"embeddable":true,"href":"https:\/\/cidadecult.com.br\/index.php?rest_route=\/wp\/v2\/media\/1418"}],"wp:attachment":[{"href":"https:\/\/cidadecult.com.br\/index.php?rest_route=%2Fwp%2Fv2%2Fmedia&parent=1417"}],"wp:term":[{"taxonomy":"category","embeddable":true,"href":"https:\/\/cidadecult.com.br\/index.php?rest_route=%2Fwp%2Fv2%2Fcategories&post=1417"},{"taxonomy":"post_tag","embeddable":true,"href":"https:\/\/cidadecult.com.br\/index.php?rest_route=%2Fwp%2Fv2%2Ftags&post=1417"}],"curies":[{"name":"wp","href":"https:\/\/api.w.org\/{rel}","templated":true}]}}