{"id":1413,"date":"2023-10-18T13:40:32","date_gmt":"2023-10-18T16:40:32","guid":{"rendered":"https:\/\/cidadecult.com.br\/?p=1413"},"modified":"2023-10-18T13:40:35","modified_gmt":"2023-10-18T16:40:35","slug":"pesquisas-do-df-sobre-transplantes-serao-apresentadas-em-congressos","status":"publish","type":"post","link":"https:\/\/cidadecult.com.br\/?p=1413","title":{"rendered":"Pesquisas do DF sobre transplantes ser\u00e3o apresentadas em congressos"},"content":{"rendered":"\n<p> <br>Projetos foram desenvolvidos em curso de p\u00f3s-gradua\u00e7\u00e3o executado em parceria com a Escola Superior de Ci\u00eancias da Sa\u00fade ( SES-DF); eventos ocorrem entre os dias 27 e 30 deste m\u00eas, em Florian\u00f3polis <br><br>A primeira turma da p\u00f3s-gradua\u00e7\u00e3o em Gest\u00e3o do Sistema Brasileiro de Transplantes de \u00d3rg\u00e3os e Tecidos concluiu com sucesso suas atividades. Iniciado em 2021 com 40 alunos e finalizado neste ano, o curso conferiu o t\u00edtulo de especialista a profissionais das regi\u00f5es Centro-Oeste e Norte do pa\u00eds, incluindo servidores do Minist\u00e9rio da Sa\u00fade. A especializa\u00e7\u00e3o foi concebida pela Central de Transplantes do Distrito Federal (CET-DF) e executada em parceria com a Escola Superior de Ci\u00eancias da Sa\u00fade (ESCS), da Secretaria de Sa\u00fade (SES-DF).<\/p>\n\n\n\n<p>Como trabalhos de conclus\u00e3o do curso, foram elaborados projetos aplicativos, dos quais 13 foram selecionados para participar do XVIII Congresso Brasileiro de Transplantes e do XXI Congresso Luso Brasileiro de Transplantes. Os dois eventos v\u00e3o ocorrer conjuntamente, entre os dias 27 e 30 deste m\u00eas, em Florian\u00f3polis (SC).<\/p>\n\n\n\n<p>Os projetos abordam temas como diagn\u00f3sticos de enfermagem para a \u00e1rea de transplante de medula \u00f3ssea, elabora\u00e7\u00e3o de plano estadual de transplantes, propostas de melhoria para a gest\u00e3o de servi\u00e7os, avalia\u00e7\u00e3o do servi\u00e7o de banco de olhos pelo familiar do doador de c\u00f3rneas e ado\u00e7\u00e3o de sistema informatizado para gest\u00e3o, entre outros.<\/p>\n\n\n\n<figure class=\"wp-block-image\"><img decoding=\"async\" src=\"http:\/\/agenciabrasilia.df.gov.br\/wp-conteudo\/uploads\/2023\/09\/Foto-Divulgacao-ICTDF-1-scaled.jpg\" alt=\"\" class=\"wp-image-543918\"\/><figcaption>A segunda turma da p\u00f3s-gradua\u00e7\u00e3o ter\u00e1 20 vagas destinadas a profissionais da Cihdott-DF e a servidores da Central de Transplantes do DF | Foto: Divulga\u00e7\u00e3o\/ICTDF<\/figcaption><\/figure>\n\n\n\n<p>Pioneiro no pa\u00eds por ter como foco a gest\u00e3o do sistema, o curso est\u00e1 estruturado em seis m\u00f3dulos, que conduzem os alunos ao compreendimento do trip\u00e9 doa\u00e7\u00e3o, capta\u00e7\u00e3o e transplantes, nas esferas federal, estaduais e municipais. \u201cOs estudos tiveram como foco modelos e ferramentas de gest\u00e3o, planejamento estrat\u00e9gico, mapeamento de cen\u00e1rios, gest\u00e3o de projetos, mecanismos de controle e mais\u201d, informa o coordenador e autor do curso, Anderson Galante, que \u00e9 servidor na CET-DF.<\/p>\n\n\n\n<p>\u201cTodos esses esfor\u00e7os s\u00e3o para qualificar os profissionais no campo da gest\u00e3o em transplantes e potencializar os resultados\u201d, explica Galante, que tamb\u00e9m coordena um grupo de pesquisa focado no processo de doa\u00e7\u00e3o, capta\u00e7\u00e3o e transplantes de \u00f3rg\u00e3os e tecidos, do qual participam pesquisadores de diversas institui\u00e7\u00f5es de ensino e alunos da ESCS.<\/p>\n\n\n\n<p><strong>Pr\u00f3xima turma<\/strong><\/p>\n\n\n\n<p>A segunda turma da p\u00f3s-gradua\u00e7\u00e3o ter\u00e1 20 vagas destinadas a profissionais da Comiss\u00e3o Intra-Hospitalar de Doa\u00e7\u00e3o de \u00d3rg\u00e3os e Tecidos para Transplantes no Distrito Federal (Cihdott-DF) e a servidores da Central de Transplantes do DF. O edital ser\u00e1 disponibilizado em breve no site da&nbsp;<a href=\"http:\/\/www.fepecs.edu.br\/\" target=\"_blank\" rel=\"noreferrer noopener\">Funda\u00e7\u00e3o de Ensino e Pesquisa em Ci\u00eancias da Sa\u00fade (Fepecs)<\/a>, na aba Processo Seletivo. O curso est\u00e1 previsto para iniciar em outubro e ser\u00e1 oferecido na modalidade online s\u00edncrono \u2013 que ocorre em tempo real.<\/p>\n\n\n\n<p><strong>Feedback<\/strong><\/p>\n\n\n\n<figure class=\"wp-block-image\"><img decoding=\"async\" src=\"http:\/\/agenciabrasilia.df.gov.br\/wp-conteudo\/uploads\/2023\/09\/Foto-Davidyson-Damasceno-Iges-DF-3-scaled.jpg\" alt=\"\" class=\"wp-image-543934\"\/><figcaption>Nos \u00faltimos quatro anos, foram realizados 2.391 procedimentos no DF, considerando a rede p\u00fablica e privada de sa\u00fade | Foto: Davidyson Damasceno\/IgesDF<\/figcaption><\/figure>\n\n\n\n<p>A coordenadora da Central Estadual de Transplantes do Par\u00e1, Ierec\u00ea Miranda, apresentar\u00e1 um dos projetos selecionados. Trata-se de uma proposta de elabora\u00e7\u00e3o do plano estadual de doa\u00e7\u00e3o e transplante daquele estado. \u201cApesar de j\u00e1 termos implantado o programa de transplante h\u00e1 23 anos, ainda n\u00e3o temos esse direcionamento estadual, que \u00e9 fundamental para consolidar, assegurar e fortalecer as pol\u00edticas dentro dessa tem\u00e1tica\u201d, pontua.<\/p>\n\n\n\n<p>\u201cA p\u00f3s-gradua\u00e7\u00e3o nos ajudou a entender muitas das ferramentas de gest\u00e3o que j\u00e1 ouv\u00edamos falar, permitindo que a gente pudesse organizar melhor o sistema e entender por onde come\u00e7ar o plano estadual\u201d, acrescenta Ierec\u00ea.<\/p>\n\n\n\n<p><strong>Leia tamb\u00e9m<\/strong><a href=\"https:\/\/www.agenciabrasilia.df.gov.br\/2023\/08\/21\/defensores-publicos-do-df-ajudam-paciente-que-precisava-de-transplante\/\"><strong>Defensores p\u00fablicos do DF ajudam paciente que precisava de transplante<\/strong><\/a><a href=\"https:\/\/www.agenciabrasilia.df.gov.br\/2023\/04\/10\/programa-do-gdf-leva-atleta-transplantada-para-competir-na-australia\/\"><strong>Programa do GDF leva atleta transplantada para competir na Austr\u00e1lia<\/strong><\/a><a href=\"https:\/\/www.agenciabrasilia.df.gov.br\/2023\/01\/19\/helicoptero-do-detran-transporta-coracao-vindo-de-belo-horizonte\/\"><strong>Helic\u00f3ptero do Detran transporta cora\u00e7\u00e3o vindo de Belo Horizonte<\/strong><\/a><\/p>\n\n\n\n<p>Outra participante da p\u00f3s-gradua\u00e7\u00e3o que teve o projeto de conclus\u00e3o selecionado para os congressos foi a enfermeira cl\u00ednica Ludmyla Andrade, que trabalha na Cihdott do Hospital S\u00edrio Liban\u00eas. O trabalho analisa a inclus\u00e3o de diagn\u00f3sticos de enfermagem na sistematiza\u00e7\u00e3o de assist\u00eancia a pacientes de transplante de c\u00e9lulas-tronco hematopoi\u00e9ticas (CTH) \u2013&nbsp; que possuem a capacidade de se autorrenovar e se diferenciar em c\u00e9lulas especializadas do tecido sangu\u00edneo e do sistema imune.<\/p>\n\n\n\n<p>\u201cS\u00e3o diagn\u00f3sticos que o enfermeiro pode fazer ao atender o paciente para a melhoria da assist\u00eancia prestada, em casos como ansiedade relacionada \u00e0 morte, nutri\u00e7\u00e3o desequilibrada, diarreia, fadiga e padr\u00e3o do sono prejudicado\u201d, explica. Ludmyla tamb\u00e9m afirma que, al\u00e9m de aprimorar o setor de transplantes do DF, a especializa\u00e7\u00e3o a ajudou a alcan\u00e7ar um novo cargo profissional. Antes de ser enfermeira cl\u00ednica, ela era da assist\u00eancia direta.<\/p>\n\n\n\n<p><strong>N\u00fameros<\/strong><\/p>\n\n\n\n<p>Conforme dados do&nbsp;<a href=\"https:\/\/info.saude.df.gov.br\/transplantes\/\" target=\"_blank\" rel=\"noreferrer noopener\">portal InfoSa\u00fade-DF<\/a>, foram realizados 2.391 procedimentos no DF nos \u00faltimos quatro anos \u2013 de 2020 a 2023&nbsp;\u2013, considerando a rede p\u00fablica e privada de sa\u00fade. No per\u00edodo, houve 1.057 transplantes de c\u00f3rnea, 529 de medula \u00f3ssea, 371 de f\u00edgado, 337 de rim e 97 de cora\u00e7\u00e3o.<\/p>\n","protected":false},"excerpt":{"rendered":"<p>Projetos foram desenvolvidos em curso de p\u00f3s-gradua\u00e7\u00e3o executado em parceria com a Escola Superior de Ci\u00eancias da Sa\u00fade ( SES-DF); eventos ocorrem entre os dias 27 e 30 deste m\u00eas, em Florian\u00f3polis A primeira turma da p\u00f3s-gradua\u00e7\u00e3o em Gest\u00e3o do Sistema Brasileiro de Transplantes de \u00d3rg\u00e3os e Tecidos concluiu com sucesso suas atividades. Iniciado em [&hellip;]<\/p>\n","protected":false},"author":1,"featured_media":1414,"comment_status":"open","ping_status":"open","sticky":false,"template":"","format":"standard","meta":{"_monsterinsights_skip_tracking":false,"_monsterinsights_sitenote_active":false,"_monsterinsights_sitenote_note":"","_monsterinsights_sitenote_category":0,"footnotes":""},"categories":[17,38],"tags":[],"class_list":["post-1413","post","type-post","status-publish","format-standard","has-post-thumbnail","hentry","category-bsb","category-health-2"],"_links":{"self":[{"href":"https:\/\/cidadecult.com.br\/index.php?rest_route=\/wp\/v2\/posts\/1413","targetHints":{"allow":["GET"]}}],"collection":[{"href":"https:\/\/cidadecult.com.br\/index.php?rest_route=\/wp\/v2\/posts"}],"about":[{"href":"https:\/\/cidadecult.com.br\/index.php?rest_route=\/wp\/v2\/types\/post"}],"author":[{"embeddable":true,"href":"https:\/\/cidadecult.com.br\/index.php?rest_route=\/wp\/v2\/users\/1"}],"replies":[{"embeddable":true,"href":"https:\/\/cidadecult.com.br\/index.php?rest_route=%2Fwp%2Fv2%2Fcomments&post=1413"}],"version-history":[{"count":1,"href":"https:\/\/cidadecult.com.br\/index.php?rest_route=\/wp\/v2\/posts\/1413\/revisions"}],"predecessor-version":[{"id":1415,"href":"https:\/\/cidadecult.com.br\/index.php?rest_route=\/wp\/v2\/posts\/1413\/revisions\/1415"}],"wp:featuredmedia":[{"embeddable":true,"href":"https:\/\/cidadecult.com.br\/index.php?rest_route=\/wp\/v2\/media\/1414"}],"wp:attachment":[{"href":"https:\/\/cidadecult.com.br\/index.php?rest_route=%2Fwp%2Fv2%2Fmedia&parent=1413"}],"wp:term":[{"taxonomy":"category","embeddable":true,"href":"https:\/\/cidadecult.com.br\/index.php?rest_route=%2Fwp%2Fv2%2Fcategories&post=1413"},{"taxonomy":"post_tag","embeddable":true,"href":"https:\/\/cidadecult.com.br\/index.php?rest_route=%2Fwp%2Fv2%2Ftags&post=1413"}],"curies":[{"name":"wp","href":"https:\/\/api.w.org\/{rel}","templated":true}]}}