{"id":14128,"date":"2025-09-16T11:38:55","date_gmt":"2025-09-16T14:38:55","guid":{"rendered":"https:\/\/cidadecult.com.br\/?p=14128"},"modified":"2025-09-16T16:26:47","modified_gmt":"2025-09-16T19:26:47","slug":"inscricoes-abertas-para-o-13o-curta-brasilia-o-festival-que-celebra-o-audiovisual-no-coracao-da-capital","status":"publish","type":"post","link":"https:\/\/cidadecult.com.br\/?p=14128","title":{"rendered":"Inscri\u00e7\u00f5es abertas para o 13\u00ba Curta Bras\u00edlia, o festival que celebra o audiovisual no cora\u00e7\u00e3o da capital"},"content":{"rendered":"\n<h3 class=\"wp-block-heading\"><\/h3>\n\n\n\n<p>O Curta Bras\u00edlia chega \u00e0 sua 13\u00aa edi\u00e7\u00e3o consolidado como um dos principais festivais de curtas-metragens do pa\u00eds. Com inscri\u00e7\u00f5es abertas at\u00e9 17 de agosto, o evento promete mais uma edi\u00e7\u00e3o vibrante, reunindo cinema, tecnologia e arte no ic\u00f4nico Cine Bras\u00edlia, entre os dias 11 e 14 de dezembro de 2025.<\/p>\n\n\n\n<p>A chamada \u00e9 para curtas-metragens e videoclipes de at\u00e9 30 minutos, produzidos a partir de janeiro de 2024, em qualquer formato e g\u00eanero. As inscri\u00e7\u00f5es s\u00e3o gratuitas e podem ser feitas pelo site <a>www.curtabrasilia.com.br<\/a>.<\/p>\n\n\n\n<p>Ao longo de seus 13 anos, o Curta Bras\u00edlia construiu um legado impressionante: mais de <strong>68 mil pessoas alcan\u00e7adas<\/strong>, <strong>9.350 obras inscritas<\/strong>, <strong>130 sess\u00f5es realizadas<\/strong> e <strong>diversidade de experi\u00eancias audiovisuais<\/strong> \u2014 de mostras tradicionais a performances art\u00edsticas, oficinas, realidade virtual e f\u00f3runs de tecnologia.<\/p>\n\n\n\n<figure class=\"wp-block-image size-large\"><img loading=\"lazy\" decoding=\"async\" width=\"1024\" height=\"768\" src=\"https:\/\/cidadecult.com.br\/wp-content\/uploads\/2025\/09\/cinema-curta-divugacao-1024x768.jpg\" alt=\"\" class=\"wp-image-14129\" srcset=\"https:\/\/cidadecult.com.br\/wp-content\/uploads\/2025\/09\/cinema-curta-divugacao-1024x768.jpg 1024w, https:\/\/cidadecult.com.br\/wp-content\/uploads\/2025\/09\/cinema-curta-divugacao-300x225.jpg 300w, https:\/\/cidadecult.com.br\/wp-content\/uploads\/2025\/09\/cinema-curta-divugacao-768x576.jpg 768w, https:\/\/cidadecult.com.br\/wp-content\/uploads\/2025\/09\/cinema-curta-divugacao-750x563.jpg 750w, https:\/\/cidadecult.com.br\/wp-content\/uploads\/2025\/09\/cinema-curta-divugacao.jpg 1080w\" sizes=\"auto, (max-width: 1024px) 100vw, 1024px\" \/><figcaption class=\"wp-element-caption\">Divulga\u00e7\u00e3o<\/figcaption><\/figure>\n\n\n\n<p>Este ano, al\u00e9m das mostras competitivas nacionais e internacionais, o festival amplia seu alcance com a Mostra Calanguinho (voltada ao p\u00fablico infantil), experi\u00eancias imersivas, sess\u00f5es especiais e a\u00e7\u00f5es urbanas que transformam Bras\u00edlia em uma verdadeira cidade do cinema.<\/p>\n\n\n\n<h4 class=\"wp-block-heading\">Premia\u00e7\u00f5es<\/h4>\n\n\n\n<p>Os destaques do festival receber\u00e3o o \u201cTrof\u00e9u Curta Bras\u00edlia\u201d e pr\u00eamios em dinheiro que variam de R$ 1.500 a R$ 6.500, contemplando diferentes categorias como melhor curta, melhor videoclipe e escolha do j\u00fari popular infantil.<\/p>\n\n\n\n<p>Al\u00e9m disso, as categorias t\u00e9cnicas como dire\u00e7\u00e3o, roteiro, som e atua\u00e7\u00e3o tamb\u00e9m ser\u00e3o premiadas com trof\u00e9us, celebrando a excel\u00eancia do audiovisual independente.<\/p>\n\n\n\n<h4 class=\"wp-block-heading\">Quem pode participar?<\/h4>\n\n\n\n<p>Podem se inscrever <strong>brasileiros ou residentes no pa\u00eds<\/strong>, assim como <strong>filmes dirigidos por brasileiros no exterior ou por estrangeiros no Brasil<\/strong>. Os filmes n\u00e3o selecionados para as mostras principais ainda t\u00eam chance de compor <strong>programa\u00e7\u00f5es especiais e itiner\u00e2ncias nacionais e internacionais<\/strong> promovidas pelo festival.<\/p>\n\n\n\n<hr class=\"wp-block-separator has-alpha-channel-opacity\"\/>\n\n\n\n<p>V\u00eddeo:&nbsp;<a href=\"https:\/\/www.youtube.com\/watch?v=i1ZFHQhGl1g\" target=\"_blank\" rel=\"noreferrer noopener\">https:\/\/www.youtube.com\/watch?v=i1ZFHQhGl1g<\/a><\/p>\n\n\n\n<p><em><strong>Fonte: Matheus Dantas<\/strong><\/em><br><em><strong>Fotos:&nbsp;Dani Lobo\/Diego Campos<\/strong><\/em><\/p>\n\n\n\n<p><\/p>\n","protected":false},"excerpt":{"rendered":"<p>O Curta Bras\u00edlia chega \u00e0 sua 13\u00aa edi\u00e7\u00e3o consolidado como um dos principais festivais de curtas-metragens do pa\u00eds. Com inscri\u00e7\u00f5es abertas at\u00e9 17 de agosto, o evento promete mais uma edi\u00e7\u00e3o vibrante, reunindo cinema, tecnologia e arte no ic\u00f4nico Cine Bras\u00edlia, entre os dias 11 e 14 de dezembro de 2025. A chamada \u00e9 para [&hellip;]<\/p>\n","protected":false},"author":777,"featured_media":14130,"comment_status":"open","ping_status":"open","sticky":false,"template":"","format":"standard","meta":{"_monsterinsights_skip_tracking":false,"_monsterinsights_sitenote_active":false,"_monsterinsights_sitenote_note":"","_monsterinsights_sitenote_category":0,"footnotes":""},"categories":[1],"tags":[],"class_list":["post-14128","post","type-post","status-publish","format-standard","has-post-thumbnail","hentry","category-sem-categoria"],"_links":{"self":[{"href":"https:\/\/cidadecult.com.br\/index.php?rest_route=\/wp\/v2\/posts\/14128","targetHints":{"allow":["GET"]}}],"collection":[{"href":"https:\/\/cidadecult.com.br\/index.php?rest_route=\/wp\/v2\/posts"}],"about":[{"href":"https:\/\/cidadecult.com.br\/index.php?rest_route=\/wp\/v2\/types\/post"}],"author":[{"embeddable":true,"href":"https:\/\/cidadecult.com.br\/index.php?rest_route=\/wp\/v2\/users\/777"}],"replies":[{"embeddable":true,"href":"https:\/\/cidadecult.com.br\/index.php?rest_route=%2Fwp%2Fv2%2Fcomments&post=14128"}],"version-history":[{"count":1,"href":"https:\/\/cidadecult.com.br\/index.php?rest_route=\/wp\/v2\/posts\/14128\/revisions"}],"predecessor-version":[{"id":14131,"href":"https:\/\/cidadecult.com.br\/index.php?rest_route=\/wp\/v2\/posts\/14128\/revisions\/14131"}],"wp:featuredmedia":[{"embeddable":true,"href":"https:\/\/cidadecult.com.br\/index.php?rest_route=\/wp\/v2\/media\/14130"}],"wp:attachment":[{"href":"https:\/\/cidadecult.com.br\/index.php?rest_route=%2Fwp%2Fv2%2Fmedia&parent=14128"}],"wp:term":[{"taxonomy":"category","embeddable":true,"href":"https:\/\/cidadecult.com.br\/index.php?rest_route=%2Fwp%2Fv2%2Fcategories&post=14128"},{"taxonomy":"post_tag","embeddable":true,"href":"https:\/\/cidadecult.com.br\/index.php?rest_route=%2Fwp%2Fv2%2Ftags&post=14128"}],"curies":[{"name":"wp","href":"https:\/\/api.w.org\/{rel}","templated":true}]}}