{"id":14107,"date":"2025-09-16T16:17:35","date_gmt":"2025-09-16T19:17:35","guid":{"rendered":"https:\/\/cidadecult.com.br\/?p=14107"},"modified":"2025-09-16T16:17:27","modified_gmt":"2025-09-16T19:17:27","slug":"festival-musica-viva-e-permanente-retorna-em-ceilandia-com-diversidade-inclusao-e-grandes-shows","status":"publish","type":"post","link":"https:\/\/cidadecult.com.br\/?p=14107","title":{"rendered":"Festival M\u00fasica Viva e Permanente retorna em Ceil\u00e2ndia com diversidade, inclus\u00e3o e grandes shows!"},"content":{"rendered":"\n<p><em>Foto\/divulga\u00e7\u00e3o<\/em><\/p>\n\n\n\n<p><strong>Ceil\u00e2ndia recebe novo encontro da m\u00fasica, diversidade e inclus\u00e3o no dia 13 de setembro<\/strong><\/p>\n\n\n\n<p>A <strong>Pra\u00e7a do Ferrock<\/strong>, em Ceil\u00e2ndia, ser\u00e1 palco de uma grande celebra\u00e7\u00e3o cultural no s\u00e1bado, <strong>13 de setembro de 2025<\/strong>, com a realiza\u00e7\u00e3o da <strong>2\u00aa edi\u00e7\u00e3o do Festival M\u00fasica Viva e Permanente<\/strong>. O evento reafirma o compromisso com a valoriza\u00e7\u00e3o da produ\u00e7\u00e3o art\u00edstica do Distrito Federal e Entorno, a gera\u00e7\u00e3o de trabalho e renda para profissionais da cultura e a promo\u00e7\u00e3o da <strong>acessibilidade plena<\/strong>.<\/p>\n\n\n\n<p>A primeira edi\u00e7\u00e3o, realizada em 2022 no formato digital, alcan\u00e7ou mais de 75 mil visualiza\u00e7\u00f5es no YouTube e reuniu 36 artistas em nove transmiss\u00f5es ao vivo. Agora, em vers\u00e3o presencial, o festival amplia sua miss\u00e3o: <strong>ocupar os espa\u00e7os p\u00fablicos, fortalecer a identidade cultural das periferias e garantir que a arte seja acess\u00edvel a todos<\/strong>, com int\u00e9rpretes de Libras, audiodescri\u00e7\u00e3o e programa\u00e7\u00e3o voltada para todas as idades.<\/p>\n\n\n\n<h2 class=\"wp-block-heading\">Um festival com prop\u00f3sito<\/h2>\n\n\n\n<p>Mais do que m\u00fasica, o <strong>M\u00fasica Viva e Permanente<\/strong> \u00e9 uma a\u00e7\u00e3o de cidadania cultural. A iniciativa se fundamenta na Constitui\u00e7\u00e3o Federal, na Lei Org\u00e2nica da Cultura do DF, na Lei Brasileira de Inclus\u00e3o e no Marco Regulat\u00f3rio das OSCs, refor\u00e7ando a cultura como direito fundamental. O projeto estimula a inclus\u00e3o de <strong>mulheres, pessoas negras, jovens, idosos e pessoas com defici\u00eancia<\/strong>, al\u00e9m de dialogar com os <strong>Objetivos de Desenvolvimento Sustent\u00e1vel da ONU (ODS)<\/strong>.<\/p>\n\n\n\n<blockquote class=\"wp-block-quote is-layout-flow wp-block-quote-is-layout-flow\">\n<p>\u201c\u00c9 um festival acess\u00edvel e democr\u00e1tico. Ao garantir diversidade musical, acessibilidade plena e inclus\u00e3o social, o projeto reafirma o papel da cultura como motor de desenvolvimento humano, social e econ\u00f4mico\u201d, afirma o agente cultural e idealizador do projeto, <strong>Cac\u00e1 Silva<\/strong>.<\/p>\n<\/blockquote>\n\n\n\n<h2 class=\"wp-block-heading\">Atra\u00e7\u00f5es confirmadas<\/h2>\n\n\n\n<p>A programa\u00e7\u00e3o da noite promete mostrar a pluralidade da cena cultural com grandes artistas:<\/p>\n\n\n\n<ul class=\"wp-block-list\">\n<li><strong>DJ Dudu<\/strong> \u2013 respons\u00e1vel pela abertura, intervalos e encerramento.<\/li>\n\n\n\n<li><strong>J\u00fanior Ferreira<\/strong> (19h \u00e0s 20h) \u2013 m\u00fasico tocantinense radicado em Bras\u00edlia, trazendo o sertanejo raiz.<\/li>\n\n\n\n<li><strong>Alisson e Ariel<\/strong> (20h30 \u00e0s 21h30) \u2013 irm\u00e3os de Ceil\u00e2ndia que misturam mod\u00e3o e sucessos atuais, lan\u00e7ando o primeiro DVD produzido por <strong>Blener Maycon<\/strong>.<\/li>\n\n\n\n<li><strong>Banda Imagem<\/strong> (22h \u00e0s 23h) \u2013 Patrim\u00f4nio Cultural Simb\u00f3lico de Bras\u00edlia, refer\u00eancia nacional em Carnaval, ax\u00e9 e forr\u00f3.<\/li>\n\n\n\n<li><strong>Andr\u00e9zin Pr\u00edncipe<\/strong> (23h30 \u00e0s 0h30) \u2013 cantor mineiro radicado em Bras\u00edlia, com carreira consolidada em mais de 140 cidades.<\/li>\n<\/ul>\n\n\n\n<p>O encerramento ser\u00e1 \u00e0s 1h, em uma festa marcada pela celebra\u00e7\u00e3o da diversidade e pela for\u00e7a da m\u00fasica como elemento de uni\u00e3o.<\/p>\n\n\n\n<h2 class=\"wp-block-heading\">Servi\u00e7o<\/h2>\n\n\n\n<p><strong>Festival M\u00fasica Viva e Permanente \u2013 2\u00aa Edi\u00e7\u00e3o<\/strong><br>\ud83d\udccd Local: Pra\u00e7a do Ferrock \u2013 QNP 13, Ceil\u00e2ndia\/DF<br>\ud83d\udcc5 Data: 13 de setembro de 2025 (s\u00e1bado)<br>\ud83d\udd55 Hor\u00e1rio: das 18h \u00e0 1h<\/p>\n\n\n\n<p><strong>Atra\u00e7\u00f5es<\/strong>: DJ Dudu, J\u00fanior Ferreira, Alisson e Ariel, Banda Imagem, Andr\u00e9zin Pr\u00edncipe<br><strong>Apresenta\u00e7\u00e3o e audiodescri\u00e7\u00e3o<\/strong>: Cac\u00e1 Silva<\/p>\n\n\n\n<p><strong>Realiza\u00e7\u00e3o<\/strong>: Instituto Sociocultural Comunit\u00e1rio \u2013 ISC<br><strong>Parceria<\/strong>: Secretaria de Cultura e Economia Criativa do DF (SECEC\/DF)<br><strong>Apoio<\/strong>: ASMAP DF E \u2013 Associa\u00e7\u00e3o dos M\u00fasicos e Artistas Populares do DF e Entorno<\/p>\n","protected":false},"excerpt":{"rendered":"<p>Foto\/divulga\u00e7\u00e3o Ceil\u00e2ndia recebe novo encontro da m\u00fasica, diversidade e inclus\u00e3o no dia 13 de setembro A Pra\u00e7a do Ferrock, em Ceil\u00e2ndia, ser\u00e1 palco de uma grande celebra\u00e7\u00e3o cultural no s\u00e1bado, 13 de setembro de 2025, com a realiza\u00e7\u00e3o da 2\u00aa edi\u00e7\u00e3o do Festival M\u00fasica Viva e Permanente. O evento reafirma o compromisso com a valoriza\u00e7\u00e3o [&hellip;]<\/p>\n","protected":false},"author":1441,"featured_media":14108,"comment_status":"open","ping_status":"open","sticky":false,"template":"","format":"standard","meta":{"_monsterinsights_skip_tracking":false,"_monsterinsights_sitenote_active":false,"_monsterinsights_sitenote_note":"","_monsterinsights_sitenote_category":0,"footnotes":""},"categories":[41,2569,17,35],"tags":[403,5314],"class_list":["post-14107","post","type-post","status-publish","format-standard","has-post-thumbnail","hentry","category-agenda","category-arte","category-bsb","category-business-news365","tag-cidadecult-2","tag-festivalmusicavivaepermanente"],"_links":{"self":[{"href":"https:\/\/cidadecult.com.br\/index.php?rest_route=\/wp\/v2\/posts\/14107","targetHints":{"allow":["GET"]}}],"collection":[{"href":"https:\/\/cidadecult.com.br\/index.php?rest_route=\/wp\/v2\/posts"}],"about":[{"href":"https:\/\/cidadecult.com.br\/index.php?rest_route=\/wp\/v2\/types\/post"}],"author":[{"embeddable":true,"href":"https:\/\/cidadecult.com.br\/index.php?rest_route=\/wp\/v2\/users\/1441"}],"replies":[{"embeddable":true,"href":"https:\/\/cidadecult.com.br\/index.php?rest_route=%2Fwp%2Fv2%2Fcomments&post=14107"}],"version-history":[{"count":1,"href":"https:\/\/cidadecult.com.br\/index.php?rest_route=\/wp\/v2\/posts\/14107\/revisions"}],"predecessor-version":[{"id":14109,"href":"https:\/\/cidadecult.com.br\/index.php?rest_route=\/wp\/v2\/posts\/14107\/revisions\/14109"}],"wp:featuredmedia":[{"embeddable":true,"href":"https:\/\/cidadecult.com.br\/index.php?rest_route=\/wp\/v2\/media\/14108"}],"wp:attachment":[{"href":"https:\/\/cidadecult.com.br\/index.php?rest_route=%2Fwp%2Fv2%2Fmedia&parent=14107"}],"wp:term":[{"taxonomy":"category","embeddable":true,"href":"https:\/\/cidadecult.com.br\/index.php?rest_route=%2Fwp%2Fv2%2Fcategories&post=14107"},{"taxonomy":"post_tag","embeddable":true,"href":"https:\/\/cidadecult.com.br\/index.php?rest_route=%2Fwp%2Fv2%2Ftags&post=14107"}],"curies":[{"name":"wp","href":"https:\/\/api.w.org\/{rel}","templated":true}]}}