{"id":14103,"date":"2025-09-16T16:17:46","date_gmt":"2025-09-16T19:17:46","guid":{"rendered":"https:\/\/cidadecult.com.br\/?p=14103"},"modified":"2025-09-16T16:17:49","modified_gmt":"2025-09-16T19:17:49","slug":"arte-kadaga-2025-celebra-a-forca-das-culturas-populares-e-do-cerrado-no-paranoa","status":"publish","type":"post","link":"https:\/\/cidadecult.com.br\/?p=14103","title":{"rendered":"Arte K\u00e3d\u00e3ga 2025 celebra a for\u00e7a das culturas populares e do Cerrado no Parano\u00e1"},"content":{"rendered":"\n<p><em>Foto\/divulga\u00e7\u00e3o<\/em><\/p>\n\n\n\n<p>No dia <strong>13 de setembro<\/strong>, a <strong>Pra\u00e7a Central do Parano\u00e1 <\/strong>ser\u00e1 tomada por <strong>arte, m\u00fasica e tradi\u00e7\u00e3o popular<\/strong> com a realiza\u00e7\u00e3o da <strong><em>&#8220;<\/em>3\u00aa edi\u00e7\u00e3o do Arte K\u00e3d\u00e3ga<em>&#8220;,<\/em> a primeira em formato presencial<\/strong>. O projeto, que nasceu para <strong>valorizar e difundir as culturas populares do Distrito Federa<\/strong>l, <strong>oferece uma programa\u00e7\u00e3o gratuita, diversa e acolhedora, aberta a toda a comunidade.<\/strong><\/p>\n\n\n\n<p>Com cenografia inspirada nas festas do interior, feirinha de produtos locais, tendas e ilumina\u00e7\u00e3o especial, o espa\u00e7o se transforma em um grande encontro cultural e comunit\u00e1rio. Entre as atra\u00e7\u00f5es est\u00e3o <strong>Mariana Camelo<\/strong>, <strong>Mamulengo Fuzu\u00ea<\/strong>, <strong>Grupo Conta Cerrado<\/strong>, <strong>Merceditas<\/strong>, <strong>Forr\u00f3 Brasilidades<\/strong>, <strong>\u00c0nna Moura<\/strong> e o concerto de encerramento com o <strong>Duo Accordi<\/strong>, idealizador do projeto.<\/p>\n\n\n\n<h3 class=\"wp-block-heading\">Cerrado em foco: <\/h3>\n\n\n\n<p>O tema desta edi\u00e7\u00e3o \u00e9 o <strong>Cerrado<\/strong>, bioma essencial para o abastecimento h\u00eddrico brasileiro e considerado uma das savanas mais biodiversas do mundo. Realizado logo ap\u00f3s o <strong>Dia Nacional do Cerrado (11\/09)<\/strong>, o evento busca despertar no p\u00fablico a consci\u00eancia sobre a import\u00e2ncia ambiental, social e cultural desse patrim\u00f4nio, que enfrenta amea\u00e7as crescentes da expans\u00e3o agr\u00edcola e da crise clim\u00e1tica.<\/p>\n\n\n\n<h3 class=\"wp-block-heading\">Cultura, comunidade e acessibilidade: <\/h3>\n\n\n\n<p>Al\u00e9m de democratizar o acesso \u00e0 cultura em uma regi\u00e3o de alta vulnerabilidade social, o Arte K\u00e3d\u00e3ga contar\u00e1 com int\u00e9rprete de LIBRAS, audiodescri\u00e7\u00e3o e informa\u00e7\u00f5es em Braille, garantindo a participa\u00e7\u00e3o inclusiva do p\u00fablico. Para quem n\u00e3o puder comparecer, haver\u00e1 transmiss\u00e3o ao vivo pelo YouTube, ampliando o alcance do projeto e fortalecendo a mem\u00f3ria cultural do DF.<\/p>\n\n\n\n<h3 class=\"wp-block-heading\">Programa\u00e7\u00e3o: <\/h3>\n\n\n\n<ul class=\"wp-block-list\">\n<li><strong>14h \u00e0s 15h<\/strong> \u2013 Oficinas de brinquedos populares, pintura de rosto e dan\u00e7as de roda com Mamulengo Fuzu\u00ea;<\/li>\n\n\n\n<li><strong>15h \u00e0s 15h30<\/strong> \u2013 Conta\u00e7\u00e3o de hist\u00f3rias com Miriam Rocha e Lucas Bara\u00fana;<\/li>\n\n\n\n<li><strong>15h30 \u00e0s 15h45<\/strong> \u2013 Poesia com Meimei, S\u00f3ter, Joge Amancio e Bic Prado;<\/li>\n\n\n\n<li><strong>15h45 \u00e0s 16h15<\/strong> \u2013 Teatro com Mamulengo Fuzu\u00ea;<\/li>\n\n\n\n<li><strong>16h30 \u00e0s 17h15<\/strong> \u2013 Pocket show com Anna Moura;<\/li>\n\n\n\n<li><strong>17h30 \u00e0s 18h15<\/strong> \u2013 M\u00fasica com Merceditas;<\/li>\n\n\n\n<li><strong>18h30 \u00e0s 19h15<\/strong> \u2013 Forr\u00f3 Brasilidades com Thal Matos e Marcos Ramalho;<\/li>\n\n\n\n<li><strong>19h30 \u00e0s 20h15<\/strong> \u2013 Pocket show com Mariana Camelo;<\/li>\n\n\n\n<li><strong>20h30 \u00e0s 22h<\/strong> \u2013 Show de encerramento com Duo Accordi.<\/li>\n<\/ul>\n\n\n\n<h3 class=\"wp-block-heading\">Servi\u00e7o: <\/h3>\n\n\n\n<p>\ud83d\udccd<strong> Pra\u00e7a Central do Parano\u00e1 \u2013 DF<\/strong>;<br>\ud83d\udcc5 <strong>HOJE- 13\/09!<\/strong>;<br>\u23f0<strong> A partir das 14h<\/strong>;<br>\ud83c\udf9f <strong>Entrada gratuita!<\/strong>.<\/p>\n","protected":false},"excerpt":{"rendered":"<p>Foto\/divulga\u00e7\u00e3o No dia 13 de setembro, a Pra\u00e7a Central do Parano\u00e1 ser\u00e1 tomada por arte, m\u00fasica e tradi\u00e7\u00e3o popular com a realiza\u00e7\u00e3o da &#8220;3\u00aa edi\u00e7\u00e3o do Arte K\u00e3d\u00e3ga&#8220;, a primeira em formato presencial. O projeto, que nasceu para valorizar e difundir as culturas populares do Distrito Federal, oferece uma programa\u00e7\u00e3o gratuita, diversa e acolhedora, aberta [&hellip;]<\/p>\n","protected":false},"author":1441,"featured_media":14104,"comment_status":"open","ping_status":"open","sticky":false,"template":"","format":"standard","meta":{"_monsterinsights_skip_tracking":false,"_monsterinsights_sitenote_active":false,"_monsterinsights_sitenote_note":"","_monsterinsights_sitenote_category":0,"footnotes":""},"categories":[41,2569,17,34],"tags":[5308,1290,5313,1518],"class_list":["post-14103","post","type-post","status-publish","format-standard","has-post-thumbnail","hentry","category-agenda","category-arte","category-bsb","category-destaque","tag-artekadaga25","tag-cerrado","tag-culturaspopulares","tag-paranoa-2"],"_links":{"self":[{"href":"https:\/\/cidadecult.com.br\/index.php?rest_route=\/wp\/v2\/posts\/14103","targetHints":{"allow":["GET"]}}],"collection":[{"href":"https:\/\/cidadecult.com.br\/index.php?rest_route=\/wp\/v2\/posts"}],"about":[{"href":"https:\/\/cidadecult.com.br\/index.php?rest_route=\/wp\/v2\/types\/post"}],"author":[{"embeddable":true,"href":"https:\/\/cidadecult.com.br\/index.php?rest_route=\/wp\/v2\/users\/1441"}],"replies":[{"embeddable":true,"href":"https:\/\/cidadecult.com.br\/index.php?rest_route=%2Fwp%2Fv2%2Fcomments&post=14103"}],"version-history":[{"count":1,"href":"https:\/\/cidadecult.com.br\/index.php?rest_route=\/wp\/v2\/posts\/14103\/revisions"}],"predecessor-version":[{"id":14105,"href":"https:\/\/cidadecult.com.br\/index.php?rest_route=\/wp\/v2\/posts\/14103\/revisions\/14105"}],"wp:featuredmedia":[{"embeddable":true,"href":"https:\/\/cidadecult.com.br\/index.php?rest_route=\/wp\/v2\/media\/14104"}],"wp:attachment":[{"href":"https:\/\/cidadecult.com.br\/index.php?rest_route=%2Fwp%2Fv2%2Fmedia&parent=14103"}],"wp:term":[{"taxonomy":"category","embeddable":true,"href":"https:\/\/cidadecult.com.br\/index.php?rest_route=%2Fwp%2Fv2%2Fcategories&post=14103"},{"taxonomy":"post_tag","embeddable":true,"href":"https:\/\/cidadecult.com.br\/index.php?rest_route=%2Fwp%2Fv2%2Ftags&post=14103"}],"curies":[{"name":"wp","href":"https:\/\/api.w.org\/{rel}","templated":true}]}}