{"id":1408,"date":"2023-10-18T13:38:17","date_gmt":"2023-10-18T16:38:17","guid":{"rendered":"https:\/\/cidadecult.com.br\/?p=1408"},"modified":"2023-10-18T13:38:17","modified_gmt":"2023-10-18T16:38:17","slug":"semana-nacional-de-transito-2023-comeca-nesta-segunda","status":"publish","type":"post","link":"https:\/\/cidadecult.com.br\/?p=1408","title":{"rendered":"Semana Nacional de Tr\u00e2nsito 2023 come\u00e7a nesta segunda"},"content":{"rendered":"\n<p> <br>Cerim\u00f4nia de abertura acontece \u00e0s 14h30, na sede do Detran; tema da campanha deste ano \u00e9 \u201cNo tr\u00e2nsito, escolha a vida\u201d <br><br>Nesta segunda-feira (18), o Departamento de Tr\u00e2nsito do Distrito Federal (Detran-DF) far\u00e1 a cerim\u00f4nia de abertura da Semana Nacional de Tr\u00e2nsito (SNT), no audit\u00f3rio da sede do departamento, atr\u00e1s do Pal\u00e1cio do Buriti, \u00e0s 14h30.<\/p>\n\n\n\n<p>A Semana Nacional de Tr\u00e2nsito ocorre entre 18 e 25 de setembro e o tema definido pelo Conselho Nacional do Tr\u00e2nsito (Contran) para este ano \u00e9 \u201cNo tr\u00e2nsito, escolha a vida\u201d.<\/p>\n\n\n\n<p><strong>Leia tamb\u00e9m<\/strong><a href=\"https:\/\/www.agenciabrasilia.df.gov.br\/2023\/09\/15\/para-obras-interdicao-de-cruzamento-na-helio-prates-comeca-na-segunda18\/\"><strong>Para obras, interdi\u00e7\u00e3o de cruzamento na H\u00e9lio Prates come\u00e7a na segunda (18)<\/strong><\/a><a href=\"https:\/\/www.agenciabrasilia.df.gov.br\/2023\/09\/11\/feriadao-teve-18-mil-flagrantes-de-irregularidades-no-transito\/\"><strong>Feriad\u00e3o teve 1,8 mil flagrantes de irregularidades no tr\u00e2nsito<\/strong><\/a><\/p>\n\n\n\n<p>No evento de abertura, a Diretoria de Educa\u00e7\u00e3o de Tr\u00e2nsito apresentar\u00e1 a programa\u00e7\u00e3o da SNT no \u00e2mbito do Distrito Federal; e a Diretoria de Fiscaliza\u00e7\u00e3o tamb\u00e9m apresentar\u00e1 o planejamento de a\u00e7\u00f5es de seguran\u00e7a e fiscaliza\u00e7\u00e3o de tr\u00e2nsito, que tamb\u00e9m acontecer\u00e3o durante a semana.<\/p>\n\n\n\n<p>Haver\u00e1, ainda, apresenta\u00e7\u00e3o do teatro do Detran-DF, m\u00edmicos que ir\u00e3o interagir com os convidados e repentistas com o repert\u00f3rio voltado para a conscientiza\u00e7\u00e3o de tr\u00e2nsito.<\/p>\n\n\n\n<p><strong>Servi\u00e7o<br><\/strong>Cerim\u00f4nia de abertura da Semana Nacional de Tr\u00e2nsito<br>Local: Audit\u00f3rio do Detran Sede<br>Hora: 14h30.<\/p>\n\n\n\n<p><em>*Com informa\u00e7\u00f5es do Detran-DF<\/em><\/p>\n","protected":false},"excerpt":{"rendered":"<p>Cerim\u00f4nia de abertura acontece \u00e0s 14h30, na sede do Detran; tema da campanha deste ano \u00e9 \u201cNo tr\u00e2nsito, escolha a vida\u201d Nesta segunda-feira (18), o Departamento de Tr\u00e2nsito do Distrito Federal (Detran-DF) far\u00e1 a cerim\u00f4nia de abertura da Semana Nacional de Tr\u00e2nsito (SNT), no audit\u00f3rio da sede do departamento, atr\u00e1s do Pal\u00e1cio do Buriti, \u00e0s [&hellip;]<\/p>\n","protected":false},"author":1,"featured_media":1409,"comment_status":"open","ping_status":"open","sticky":false,"template":"","format":"standard","meta":{"_monsterinsights_skip_tracking":false,"_monsterinsights_sitenote_active":false,"_monsterinsights_sitenote_note":"","_monsterinsights_sitenote_category":0,"footnotes":""},"categories":[17],"tags":[],"class_list":["post-1408","post","type-post","status-publish","format-standard","has-post-thumbnail","hentry","category-bsb"],"_links":{"self":[{"href":"https:\/\/cidadecult.com.br\/index.php?rest_route=\/wp\/v2\/posts\/1408","targetHints":{"allow":["GET"]}}],"collection":[{"href":"https:\/\/cidadecult.com.br\/index.php?rest_route=\/wp\/v2\/posts"}],"about":[{"href":"https:\/\/cidadecult.com.br\/index.php?rest_route=\/wp\/v2\/types\/post"}],"author":[{"embeddable":true,"href":"https:\/\/cidadecult.com.br\/index.php?rest_route=\/wp\/v2\/users\/1"}],"replies":[{"embeddable":true,"href":"https:\/\/cidadecult.com.br\/index.php?rest_route=%2Fwp%2Fv2%2Fcomments&post=1408"}],"version-history":[{"count":1,"href":"https:\/\/cidadecult.com.br\/index.php?rest_route=\/wp\/v2\/posts\/1408\/revisions"}],"predecessor-version":[{"id":1411,"href":"https:\/\/cidadecult.com.br\/index.php?rest_route=\/wp\/v2\/posts\/1408\/revisions\/1411"}],"wp:featuredmedia":[{"embeddable":true,"href":"https:\/\/cidadecult.com.br\/index.php?rest_route=\/wp\/v2\/media\/1409"}],"wp:attachment":[{"href":"https:\/\/cidadecult.com.br\/index.php?rest_route=%2Fwp%2Fv2%2Fmedia&parent=1408"}],"wp:term":[{"taxonomy":"category","embeddable":true,"href":"https:\/\/cidadecult.com.br\/index.php?rest_route=%2Fwp%2Fv2%2Fcategories&post=1408"},{"taxonomy":"post_tag","embeddable":true,"href":"https:\/\/cidadecult.com.br\/index.php?rest_route=%2Fwp%2Fv2%2Ftags&post=1408"}],"curies":[{"name":"wp","href":"https:\/\/api.w.org\/{rel}","templated":true}]}}