{"id":14078,"date":"2025-09-10T16:07:49","date_gmt":"2025-09-10T19:07:49","guid":{"rendered":"https:\/\/cidadecult.com.br\/?p=14078"},"modified":"2025-09-10T16:07:51","modified_gmt":"2025-09-10T19:07:51","slug":"raul-fora-da-lei-celebra-o-legado-de-raul-seixas-com-curta-temporada-em-brasilia","status":"publish","type":"post","link":"https:\/\/cidadecult.com.br\/?p=14078","title":{"rendered":"&#8220;Raul Fora da Lei&#8221; celebra o legado de Raul Seixas com curta temporada em Bras\u00edlia"},"content":{"rendered":"\n<h2 class=\"wp-block-heading\"><\/h2>\n\n\n\n<h3 class=\"wp-block-heading\">Espet\u00e1culo que j\u00e1 emocionou mais de 300 mil pessoas chega \u00e0 CAIXA Cultural com toda a irrever\u00eancia e genialidade do Maluco Beleza<\/h3>\n\n\n\n<p>O Teatro da CAIXA Cultural Bras\u00edlia recebe, nos dias 16, 17 e 18 de setembro, o musical <strong>\u201cRaul Fora da Lei \u2013 A hist\u00f3ria de Raul Seixas\u201d<\/strong>, um espet\u00e1culo vibrante que h\u00e1 25 anos percorre os palcos do Brasil com uma homenagem calorosa \u00e0 vida e \u00e0 obra de um dos nomes mais revolucion\u00e1rios da m\u00fasica nacional. Com dire\u00e7\u00e3o de <strong>Deto Montenegro<\/strong> e texto e atua\u00e7\u00e3o de <strong>Roberto Bomtempo<\/strong>, a montagem promete mexer com a mem\u00f3ria afetiva de f\u00e3s e conquistar quem ainda est\u00e1 descobrindo o universo do eterno Maluco Beleza.<\/p>\n\n\n\n<figure class=\"wp-block-image size-large\"><img loading=\"lazy\" decoding=\"async\" width=\"1024\" height=\"767\" src=\"https:\/\/cidadecult.com.br\/wp-content\/uploads\/2025\/09\/Raul-Fora-da-Lei-Credito-Gal-Oliveira-4-1024x767.jpg\" alt=\"\" class=\"wp-image-14082\" srcset=\"https:\/\/cidadecult.com.br\/wp-content\/uploads\/2025\/09\/Raul-Fora-da-Lei-Credito-Gal-Oliveira-4-1024x767.jpg 1024w, https:\/\/cidadecult.com.br\/wp-content\/uploads\/2025\/09\/Raul-Fora-da-Lei-Credito-Gal-Oliveira-4-300x225.jpg 300w, https:\/\/cidadecult.com.br\/wp-content\/uploads\/2025\/09\/Raul-Fora-da-Lei-Credito-Gal-Oliveira-4-768x576.jpg 768w, https:\/\/cidadecult.com.br\/wp-content\/uploads\/2025\/09\/Raul-Fora-da-Lei-Credito-Gal-Oliveira-4-1536x1151.jpg 1536w, https:\/\/cidadecult.com.br\/wp-content\/uploads\/2025\/09\/Raul-Fora-da-Lei-Credito-Gal-Oliveira-4-750x562.jpg 750w, https:\/\/cidadecult.com.br\/wp-content\/uploads\/2025\/09\/Raul-Fora-da-Lei-Credito-Gal-Oliveira-4-1140x854.jpg 1140w, https:\/\/cidadecult.com.br\/wp-content\/uploads\/2025\/09\/Raul-Fora-da-Lei-Credito-Gal-Oliveira-4.jpg 1772w\" sizes=\"auto, (max-width: 1024px) 100vw, 1024px\" \/><figcaption class=\"wp-element-caption\">Cr\u00e9dito: Gal Oliveira<\/figcaption><\/figure>\n\n\n\n<p>O espet\u00e1culo come\u00e7ou como um mon\u00f3logo em 1999, criado por Bomtempo e Jos\u00e9 Joffily, mas ganhou nova vida quando foi adaptado pela <strong>Oficina dos Menestr\u00e9is<\/strong> em formato musical. Desde ent\u00e3o, j\u00e1 encantou mais de <strong>300 mil espectadores<\/strong> com cl\u00e1ssicos como <em>Metamorfose ambulante<\/em>, <em>Ouro de tolo<\/em> e <em>Sociedade alternativa<\/em>, celebrando Raul com intensidade, humor e emo\u00e7\u00e3o.<\/p>\n\n\n\n<h3 class=\"wp-block-heading\">Um musical feito de alma, rebeldia e amor \u00e0 arte<\/h3>\n\n\n\n<p>Mais do que contar a trajet\u00f3ria de Raul Seixas, o espet\u00e1culo mergulha em seu pensamento, seus conflitos e suas contradi\u00e7\u00f5es. Em cena, Raul se afirma e se nega, ri de si mesmo e se emociona com suas dores, enquanto uma trupe de <strong>31 jovens atores<\/strong> canta, dan\u00e7a e interpreta ao som da banda brasiliense <strong>SOS Toca Raul<\/strong>.<\/p>\n\n\n\n<p>A montagem \u00e9 costurada com textos originais escritos pelo pr\u00f3prio Raulzito, abordando sua espiritualidade, suas mulheres, a fama, os sonhos e as frustra\u00e7\u00f5es que viveu ao longo da vida. Tudo isso em um formato descontra\u00eddo, en\u00e9rgico e profundamente humano.<\/p>\n\n\n\n<p>\u201cTransformar o mon\u00f3logo em musical foi um grande prazer. Criamos uma grande festa da m\u00fasica brasileira, com cora\u00e7\u00e3o e entrega\u201d, comenta Deto Montenegro. J\u00e1 Roberto Bomtempo destaca que interpretar Raul \u00e9 mais do que fazer um personagem: \u201cQuis levar ao palco o que Raul pensava. N\u00e3o imito, n\u00e3o interpreto como ele. Eu vivo a ideia dele.\u201d<\/p>\n\n\n\n<figure class=\"wp-block-image size-large\"><img loading=\"lazy\" decoding=\"async\" width=\"1024\" height=\"779\" src=\"https:\/\/cidadecult.com.br\/wp-content\/uploads\/2025\/09\/Raul-Fora-da-Lei-Credito-Gal-Oliveira-1-1024x779.jpg\" alt=\"\" class=\"wp-image-14079\" srcset=\"https:\/\/cidadecult.com.br\/wp-content\/uploads\/2025\/09\/Raul-Fora-da-Lei-Credito-Gal-Oliveira-1-1024x779.jpg 1024w, https:\/\/cidadecult.com.br\/wp-content\/uploads\/2025\/09\/Raul-Fora-da-Lei-Credito-Gal-Oliveira-1-300x228.jpg 300w, https:\/\/cidadecult.com.br\/wp-content\/uploads\/2025\/09\/Raul-Fora-da-Lei-Credito-Gal-Oliveira-1-768x584.jpg 768w, https:\/\/cidadecult.com.br\/wp-content\/uploads\/2025\/09\/Raul-Fora-da-Lei-Credito-Gal-Oliveira-1-1536x1168.jpg 1536w, https:\/\/cidadecult.com.br\/wp-content\/uploads\/2025\/09\/Raul-Fora-da-Lei-Credito-Gal-Oliveira-1-750x571.jpg 750w, https:\/\/cidadecult.com.br\/wp-content\/uploads\/2025\/09\/Raul-Fora-da-Lei-Credito-Gal-Oliveira-1-1140x867.jpg 1140w, https:\/\/cidadecult.com.br\/wp-content\/uploads\/2025\/09\/Raul-Fora-da-Lei-Credito-Gal-Oliveira-1.jpg 1772w\" sizes=\"auto, (max-width: 1024px) 100vw, 1024px\" \/><\/figure>\n\n\n\n<h3 class=\"wp-block-heading\">Um \u00edcone que atravessa gera\u00e7\u00f5es<\/h3>\n\n\n\n<p>Raul Seixas (1945\u20131989) \u00e9 considerado o pai do rock brasileiro. Nascido em Salvador, ganhou proje\u00e7\u00e3o nos anos 1970 ao unir o rock internacional com elementos da m\u00fasica nordestina e letras cheias de filosofia, cr\u00edtica social e misticismo. Ao lado de Paulo Coelho, fundou a Sociedade Alternativa, movimento que chocou a ditadura e virou hino da contracultura no pa\u00eds.<\/p>\n\n\n\n<p>Seus discos marcaram \u00e9poca \u2014 <em>Krig-ha, Bandolo!<\/em>, <em>Gita<\/em>, <em>Novo Aeon<\/em>, <em>O dia em que a Terra parou<\/em> \u2014 e suas ideias seguem influenciando m\u00fasicos, escritores e f\u00e3s at\u00e9 hoje. Mesmo mais de 30 anos ap\u00f3s sua morte, Raul ainda \u00e9 refer\u00eancia cultural e presen\u00e7a constante nas trilhas sonoras da vida brasileira.<\/p>\n\n\n\n<h3 class=\"wp-block-heading\">Bras\u00edlia em festa: servi\u00e7o completo<\/h3>\n\n\n\n<p>O espet\u00e1culo na CAIXA Cultural faz parte do programa <strong>Gente Arteira<\/strong>, que fomenta a\u00e7\u00f5es culturais e formativas. Alunos do curso de introdu\u00e7\u00e3o ao teatro musical tamb\u00e9m integram o elenco, mostrando a for\u00e7a da arte como ferramenta de transforma\u00e7\u00e3o.<\/p>\n\n\n\n<p><strong>Servi\u00e7o<\/strong><br><strong>Espet\u00e1culo:<\/strong> Raul Fora da Lei \u2013 A hist\u00f3ria de Raul Seixas<br><strong>Local:<\/strong> CAIXA Cultural Bras\u00edlia (SBS \u2013 Quadra 4 \u2013 Lotes 3\/4)<br><strong>Datas:<\/strong> 16, 17 e 18 de setembro<br><strong>Hor\u00e1rio:<\/strong> sempre \u00e0s 20h<br><strong>Ingressos:<\/strong> R$ 30 (inteira) | R$ 15 (meia para clientes CAIXA e benef\u00edcios previstos em lei)<br><strong>Vendas:<\/strong> a partir de s\u00e1bado, 13 de setembro \u2013 \u00e0s 9h na bilheteria e \u00e0s 13h no site Bilheteria Cultural<br><strong>Dura\u00e7\u00e3o:<\/strong> 80 minutos<br><strong>Classifica\u00e7\u00e3o:<\/strong> 14 anos<br><strong>Lota\u00e7\u00e3o:<\/strong> 406 lugares<br><strong>Acessibilidade:<\/strong> Sess\u00e3o de quarta-feira (17) com int\u00e9rprete de Libras<br><strong>Estacionamento:<\/strong> Gratuito aos finais de semana e feriados, e de ter\u00e7a a sexta a partir das 18h<\/p>\n","protected":false},"excerpt":{"rendered":"<p>Espet\u00e1culo que j\u00e1 emocionou mais de 300 mil pessoas chega \u00e0 CAIXA Cultural com toda a irrever\u00eancia e genialidade do Maluco Beleza O Teatro da CAIXA Cultural Bras\u00edlia recebe, nos dias 16, 17 e 18 de setembro, o musical \u201cRaul Fora da Lei \u2013 A hist\u00f3ria de Raul Seixas\u201d, um espet\u00e1culo vibrante que h\u00e1 25 [&hellip;]<\/p>\n","protected":false},"author":777,"featured_media":14081,"comment_status":"open","ping_status":"open","sticky":false,"template":"","format":"standard","meta":{"_monsterinsights_skip_tracking":false,"_monsterinsights_sitenote_active":false,"_monsterinsights_sitenote_note":"","_monsterinsights_sitenote_category":0,"footnotes":""},"categories":[35],"tags":[],"class_list":["post-14078","post","type-post","status-publish","format-standard","has-post-thumbnail","hentry","category-business-news365"],"_links":{"self":[{"href":"https:\/\/cidadecult.com.br\/index.php?rest_route=\/wp\/v2\/posts\/14078","targetHints":{"allow":["GET"]}}],"collection":[{"href":"https:\/\/cidadecult.com.br\/index.php?rest_route=\/wp\/v2\/posts"}],"about":[{"href":"https:\/\/cidadecult.com.br\/index.php?rest_route=\/wp\/v2\/types\/post"}],"author":[{"embeddable":true,"href":"https:\/\/cidadecult.com.br\/index.php?rest_route=\/wp\/v2\/users\/777"}],"replies":[{"embeddable":true,"href":"https:\/\/cidadecult.com.br\/index.php?rest_route=%2Fwp%2Fv2%2Fcomments&post=14078"}],"version-history":[{"count":1,"href":"https:\/\/cidadecult.com.br\/index.php?rest_route=\/wp\/v2\/posts\/14078\/revisions"}],"predecessor-version":[{"id":14083,"href":"https:\/\/cidadecult.com.br\/index.php?rest_route=\/wp\/v2\/posts\/14078\/revisions\/14083"}],"wp:featuredmedia":[{"embeddable":true,"href":"https:\/\/cidadecult.com.br\/index.php?rest_route=\/wp\/v2\/media\/14081"}],"wp:attachment":[{"href":"https:\/\/cidadecult.com.br\/index.php?rest_route=%2Fwp%2Fv2%2Fmedia&parent=14078"}],"wp:term":[{"taxonomy":"category","embeddable":true,"href":"https:\/\/cidadecult.com.br\/index.php?rest_route=%2Fwp%2Fv2%2Fcategories&post=14078"},{"taxonomy":"post_tag","embeddable":true,"href":"https:\/\/cidadecult.com.br\/index.php?rest_route=%2Fwp%2Fv2%2Ftags&post=14078"}],"curies":[{"name":"wp","href":"https:\/\/api.w.org\/{rel}","templated":true}]}}