{"id":14074,"date":"2025-09-10T16:00:41","date_gmt":"2025-09-10T19:00:41","guid":{"rendered":"https:\/\/cidadecult.com.br\/?p=14074"},"modified":"2025-09-10T16:00:43","modified_gmt":"2025-09-10T19:00:43","slug":"roni-sousa-transforma-infancia-e-periferia-em-cinema-com-fogo-abismo","status":"publish","type":"post","link":"https:\/\/cidadecult.com.br\/?p=14074","title":{"rendered":"Roni Sousa transforma inf\u00e2ncia e periferia em cinema com \u201cFogo abismo\u201d"},"content":{"rendered":"\n<p><em>Foto\/divulga\u00e7\u00e3o<\/em><\/p>\n\n\n\n<p>O curta-metragem <strong>\u201cFogo abismo\u201d<\/strong>, do cineasta brasiliense <strong>Roni Sousa<\/strong>, ser\u00e1 exibido no <strong>Cine Bras\u00edlia<\/strong> em <strong>19 de setembro, \u00e0s 21h<\/strong>, como parte da <strong>Mostra Competitiva Nacional<\/strong> do <strong>58\u00ba Festival de Bras\u00edlia do Cinema Brasileiro<\/strong>. \u00c9 o \u00fanico filme do Distrito Federal na competi\u00e7\u00e3o este ano.<\/p>\n\n\n\n<p>Entre <strong>cinzas, mem\u00f3rias e pequenos gestos da inf\u00e2ncia<\/strong>, o curta revisita a vida na <strong>Vila Rabelo<\/strong>, em Sobradinho II. Mesclando <strong>arquivos familiares, relatos de moradores e momentos de fic\u00e7\u00e3o<\/strong>, o filme aborda temas como <strong>resist\u00eancia, desigualdade e racismo ambiental<\/strong>, transformando experi\u00eancias perif\u00e9ricas em poesia cinematogr\u00e1fica.<\/p>\n\n\n\n<blockquote class=\"wp-block-quote is-layout-flow wp-block-quote-is-layout-flow\">\n<p>\u201cFoi um processo \u00edntimo revisitar mem\u00f3rias e arquivos da inf\u00e2ncia. Algumas lembran\u00e7as eram dif\u00edceis, mas aceitar esse desafio deu forma ao filme\u201d, conta Roni Sousa, que tamb\u00e9m divide seu tempo entre <strong>Sobradinho e Lisboa<\/strong>, onde cursa doutorado.<\/p>\n<\/blockquote>\n\n\n\n<p>O diretor art\u00edstico do Festival, <strong>Eduardo Valente<\/strong>, destaca:<\/p>\n\n\n\n<blockquote class=\"wp-block-quote is-layout-flow wp-block-quote-is-layout-flow\">\n<p>\u201c<em>Fogo Abismo<\/em> \u00e9 um filme potente, que revela quest\u00f5es sociais e ambientais de Bras\u00edlia com sensibilidade e for\u00e7a narrativa. \u00c9 um exemplo de cinema perif\u00e9rico que merece ser visto.\u201d<\/p>\n<\/blockquote>\n\n\n\n<p>Com <strong>11 minutos e 45 segundos<\/strong>, o curta combina <strong>document\u00e1rio e filme-ensaio<\/strong>, entre realidade e fabula\u00e7\u00e3o, e marca a estreia de Roni no cinema como diretor, roteirista e respons\u00e1vel por toda a produ\u00e7\u00e3o \u2014 dire\u00e7\u00e3o de arte, trilha sonora, edi\u00e7\u00e3o de som e montagem.<\/p>\n\n\n\n<p><strong>Servi\u00e7o:<\/strong><\/p>\n\n\n\n<ul class=\"wp-block-list\">\n<li><strong>Evento:<\/strong> 58\u00ba Festival de Bras\u00edlia do Cinema Brasileiro \u2013 Mostra Competitiva Nacional;<\/li>\n\n\n\n<li><strong>Filme:<\/strong> Fogo Abismo;<\/li>\n\n\n\n<li><strong>Data:<\/strong> 19 de setembro;<\/li>\n\n\n\n<li><strong>Hor\u00e1rio:<\/strong> 21h;<\/li>\n\n\n\n<li><strong>Local:<\/strong> Cine Bras\u00edlia;<\/li>\n\n\n\n<li><strong>Dura\u00e7\u00e3o:<\/strong> 11min45s | Livre.<\/li>\n<\/ul>\n\n\n\n<p><strong>Sinopse:<\/strong><br>Fotografias, arquivos e imagens fabulares d\u00e3o forma \u00e0 inf\u00e2ncia na Vila Rabelo. Entre quintais, inc\u00eandios e fugas interrompidas, o curta revela <strong>afeto, aus\u00eancia e desejo de pertencimento<\/strong>, mostrando a vida de uma crian\u00e7a \u00e0 margem da capital.<\/p>\n\n\n\n<p><strong>Ficha t\u00e9cnica:<\/strong><\/p>\n\n\n\n<ul class=\"wp-block-list\">\n<li>Dire\u00e7\u00e3o, roteiro, dire\u00e7\u00e3o de arte, trilha sonora, edi\u00e7\u00e3o de som e montagem: <strong>Roni Sousa<\/strong>;<\/li>\n\n\n\n<li>Dire\u00e7\u00e3o de fotografia: <strong>Rodrigo Resende Coutinho e Roni Sousa<\/strong>;<\/li>\n\n\n\n<li>Elenco: <strong>Jos\u00e9 Luiz, Jorge Sousa, Luzia Lopes e Roni Sousa<\/strong>.<\/li>\n<\/ul>\n\n\n\n<p><strong>Sobre Roni Sousa:<\/strong><br>Cineasta e pesquisador com forma\u00e7\u00e3o em teatro e cinema, Roni estudou em Bras\u00edlia, Lisboa e Bordeaux. Mestre em Artes C\u00eanicas pela Universidade Nova de Lisboa, atualmente cursa doutorado em Ci\u00eancias da Comunica\u00e7\u00e3o, explorando <strong>narrativas perif\u00e9ricas no audiovisual<\/strong>.<\/p>\n","protected":false},"excerpt":{"rendered":"<p>Foto\/divulga\u00e7\u00e3o O curta-metragem \u201cFogo abismo\u201d, do cineasta brasiliense Roni Sousa, ser\u00e1 exibido no Cine Bras\u00edlia em 19 de setembro, \u00e0s 21h, como parte da Mostra Competitiva Nacional do 58\u00ba Festival de Bras\u00edlia do Cinema Brasileiro. \u00c9 o \u00fanico filme do Distrito Federal na competi\u00e7\u00e3o este ano. Entre cinzas, mem\u00f3rias e pequenos gestos da inf\u00e2ncia, o [&hellip;]<\/p>\n","protected":false},"author":1441,"featured_media":14076,"comment_status":"open","ping_status":"open","sticky":false,"template":"","format":"standard","meta":{"_monsterinsights_skip_tracking":false,"_monsterinsights_sitenote_active":false,"_monsterinsights_sitenote_note":"","_monsterinsights_sitenote_category":0,"footnotes":""},"categories":[1],"tags":[],"class_list":["post-14074","post","type-post","status-publish","format-standard","has-post-thumbnail","hentry","category-sem-categoria"],"_links":{"self":[{"href":"https:\/\/cidadecult.com.br\/index.php?rest_route=\/wp\/v2\/posts\/14074","targetHints":{"allow":["GET"]}}],"collection":[{"href":"https:\/\/cidadecult.com.br\/index.php?rest_route=\/wp\/v2\/posts"}],"about":[{"href":"https:\/\/cidadecult.com.br\/index.php?rest_route=\/wp\/v2\/types\/post"}],"author":[{"embeddable":true,"href":"https:\/\/cidadecult.com.br\/index.php?rest_route=\/wp\/v2\/users\/1441"}],"replies":[{"embeddable":true,"href":"https:\/\/cidadecult.com.br\/index.php?rest_route=%2Fwp%2Fv2%2Fcomments&post=14074"}],"version-history":[{"count":1,"href":"https:\/\/cidadecult.com.br\/index.php?rest_route=\/wp\/v2\/posts\/14074\/revisions"}],"predecessor-version":[{"id":14077,"href":"https:\/\/cidadecult.com.br\/index.php?rest_route=\/wp\/v2\/posts\/14074\/revisions\/14077"}],"wp:featuredmedia":[{"embeddable":true,"href":"https:\/\/cidadecult.com.br\/index.php?rest_route=\/wp\/v2\/media\/14076"}],"wp:attachment":[{"href":"https:\/\/cidadecult.com.br\/index.php?rest_route=%2Fwp%2Fv2%2Fmedia&parent=14074"}],"wp:term":[{"taxonomy":"category","embeddable":true,"href":"https:\/\/cidadecult.com.br\/index.php?rest_route=%2Fwp%2Fv2%2Fcategories&post=14074"},{"taxonomy":"post_tag","embeddable":true,"href":"https:\/\/cidadecult.com.br\/index.php?rest_route=%2Fwp%2Fv2%2Ftags&post=14074"}],"curies":[{"name":"wp","href":"https:\/\/api.w.org\/{rel}","templated":true}]}}