{"id":14067,"date":"2025-09-10T15:29:57","date_gmt":"2025-09-10T18:29:57","guid":{"rendered":"https:\/\/cidadecult.com.br\/?p=14067"},"modified":"2025-09-10T15:30:00","modified_gmt":"2025-09-10T18:30:00","slug":"selo-acessibilidade-2025-inscricoes-abertas-para-reconhecer-ouvidorias-inclusivas","status":"publish","type":"post","link":"https:\/\/cidadecult.com.br\/?p=14067","title":{"rendered":"Selo Acessibilidade 2025: inscri\u00e7\u00f5es abertas para reconhecer ouvidorias inclusivas"},"content":{"rendered":"\n<p><em>Foto: Divulga\u00e7\u00e3o\/CGDF<\/em><\/p>\n\n\n\n<p>O<strong> Distrito Federal <\/strong>deu <strong>in\u00edcio \u00e0s inscri\u00e7\u00f5es<\/strong> para <strong>a 2\u00aa edi\u00e7\u00e3o <\/strong>do<strong> &#8220;Selo acessibilidade&#8221;,<\/strong> promovido pela <strong>Controladoria-Geral do DF (CGDF)<\/strong>. <strong>A premia\u00e7\u00e3o valoriza ouvidorias que se destacam pela cria\u00e7\u00e3o de canais mais inclusivos e acess\u00edveis, garantindo que a escuta da popula\u00e7\u00e3o seja, de fato, para todos.<\/strong><\/p>\n\n\n\n<p>Mais do que um reconhecimento,<strong> o selo simboliza um compromisso p\u00fablico com a cidadania e a igualdade de direitos. <\/strong>Ouvidorias premiadas poder\u00e3o utilizar a marca como prova de que <strong>acessibilidade n\u00e3o \u00e9 apenas um requisito,<\/strong> mas parte essencial da rotina de atendimento.<\/p>\n\n\n\n<h3 class=\"wp-block-heading\">Inclus\u00e3o em pr\u00e1tica!<\/h3>\n\n\n\n<p>A iniciativa avalia a\u00e7\u00f5es concretas, como:<\/p>\n\n\n\n<ul class=\"wp-block-list\">\n<li><strong>Atendimento em Libras;<\/strong><\/li>\n\n\n\n<li><strong>Capacita\u00e7\u00e3o de servidores em acessibilidade;<\/strong><\/li>\n\n\n\n<li><strong>Estruturas f\u00edsicas adaptadas para diferentes necessidades.<\/strong><\/li>\n<\/ul>\n\n\n\n<p>A soma dos pontos definir\u00e1 as ouvidorias contempladas<strong>. Em caso de empate, ser\u00e3o priorizadas as que oferecem atendimento em Libras e maior acessibilidade f\u00edsica.<\/strong><\/p>\n\n\n\n<h3 class=\"wp-block-heading\">Etapas do concurso: <\/h3>\n\n\n\n<ul class=\"wp-block-list\">\n<li><strong>Inscri\u00e7\u00f5es<\/strong>: at\u00e9 30 de setembro;<\/li>\n\n\n\n<li><strong>Avalia\u00e7\u00e3o<\/strong>: de 1\u00ba a 20 de outubro;<\/li>\n\n\n\n<li><strong>Premia\u00e7\u00e3o<\/strong>: em novembro, durante a Semana de Combate \u00e0 Corrup\u00e7\u00e3o.<\/li>\n<\/ul>\n\n\n\n<p>At\u00e9 <strong>50 ouvidorias<\/strong> poder\u00e3o ser reconhecidas este ano, n\u00famero que pode aumentar conforme decis\u00e3o da comiss\u00e3o organizadora.<\/p>\n\n\n\n<p>Mais detalhes est\u00e3o dispon\u00edveis no edital publicado pela<a href=\"https:\/\/cg.df.gov.br\/\"> <strong>CGDF.<\/strong><\/a><\/p>\n","protected":false},"excerpt":{"rendered":"<p>Foto: Divulga\u00e7\u00e3o\/CGDF O Distrito Federal deu in\u00edcio \u00e0s inscri\u00e7\u00f5es para a 2\u00aa edi\u00e7\u00e3o do &#8220;Selo acessibilidade&#8221;, promovido pela Controladoria-Geral do DF (CGDF). A premia\u00e7\u00e3o valoriza ouvidorias que se destacam pela cria\u00e7\u00e3o de canais mais inclusivos e acess\u00edveis, garantindo que a escuta da popula\u00e7\u00e3o seja, de fato, para todos. Mais do que um reconhecimento, o selo [&hellip;]<\/p>\n","protected":false},"author":1441,"featured_media":14068,"comment_status":"open","ping_status":"open","sticky":false,"template":"","format":"standard","meta":{"_monsterinsights_skip_tracking":false,"_monsterinsights_sitenote_active":false,"_monsterinsights_sitenote_note":"","_monsterinsights_sitenote_category":0,"footnotes":""},"categories":[41,17,34,43],"tags":[],"class_list":["post-14067","post","type-post","status-publish","format-standard","has-post-thumbnail","hentry","category-agenda","category-bsb","category-destaque","category-releases"],"_links":{"self":[{"href":"https:\/\/cidadecult.com.br\/index.php?rest_route=\/wp\/v2\/posts\/14067","targetHints":{"allow":["GET"]}}],"collection":[{"href":"https:\/\/cidadecult.com.br\/index.php?rest_route=\/wp\/v2\/posts"}],"about":[{"href":"https:\/\/cidadecult.com.br\/index.php?rest_route=\/wp\/v2\/types\/post"}],"author":[{"embeddable":true,"href":"https:\/\/cidadecult.com.br\/index.php?rest_route=\/wp\/v2\/users\/1441"}],"replies":[{"embeddable":true,"href":"https:\/\/cidadecult.com.br\/index.php?rest_route=%2Fwp%2Fv2%2Fcomments&post=14067"}],"version-history":[{"count":1,"href":"https:\/\/cidadecult.com.br\/index.php?rest_route=\/wp\/v2\/posts\/14067\/revisions"}],"predecessor-version":[{"id":14069,"href":"https:\/\/cidadecult.com.br\/index.php?rest_route=\/wp\/v2\/posts\/14067\/revisions\/14069"}],"wp:featuredmedia":[{"embeddable":true,"href":"https:\/\/cidadecult.com.br\/index.php?rest_route=\/wp\/v2\/media\/14068"}],"wp:attachment":[{"href":"https:\/\/cidadecult.com.br\/index.php?rest_route=%2Fwp%2Fv2%2Fmedia&parent=14067"}],"wp:term":[{"taxonomy":"category","embeddable":true,"href":"https:\/\/cidadecult.com.br\/index.php?rest_route=%2Fwp%2Fv2%2Fcategories&post=14067"},{"taxonomy":"post_tag","embeddable":true,"href":"https:\/\/cidadecult.com.br\/index.php?rest_route=%2Fwp%2Fv2%2Ftags&post=14067"}],"curies":[{"name":"wp","href":"https:\/\/api.w.org\/{rel}","templated":true}]}}