{"id":1402,"date":"2023-10-18T13:28:48","date_gmt":"2023-10-18T16:28:48","guid":{"rendered":"https:\/\/cidadecult.com.br\/?p=1402"},"modified":"2023-10-18T13:28:51","modified_gmt":"2023-10-18T16:28:51","slug":"chuvas-no-periodo-de-seca-reforcam-cuidado-com-focos-do-aedes-aegypti","status":"publish","type":"post","link":"https:\/\/cidadecult.com.br\/?p=1402","title":{"rendered":"Chuvas no per\u00edodo de seca refor\u00e7am cuidado com focos do Aedes aegypti"},"content":{"rendered":"\n<p>Por meio de armadilhas contra os mosquitos e de visitas dos agentes ambientais, Secretaria de Sa\u00fade previne e orienta a popula\u00e7\u00e3o sobre os perigos da prolifera\u00e7\u00e3o do transmissor da dengue e outras doen\u00e7as<\/p>\n\n\n\n<p>Com as chuvas at\u00edpicas que, vez ou outra, refrescam a seca, a Secretaria de Sa\u00fade do DF (SES) chama a aten\u00e7\u00e3o dos brasilienses para o combate ao\u00a0<em>Aedes aegypti.<\/em>\u00a0Isso porque um ovo do mosquito transmissor da\u00a0<a href=\"https:\/\/www.saude.df.gov.br\/informes-dengue-chikungunya-zika-febre-amarela\">dengue, chikungunya, zika e febre amarela<\/a>\u00a0consegue ficar at\u00e9 400 dias sem contato com a \u00e1gua, s\u00f3 aguardando as primeiras gotas para eclodir.<\/p>\n\n\n\n<figure class=\"wp-block-image\"><img decoding=\"async\" src=\"http:\/\/agenciabrasilia.df.gov.br\/wp-conteudo\/uploads\/2023\/09\/12.9.-Acao-contra-dengue.-_Acao_Dengue_Cruzeiro_DF._Fotos_Sandro_Araujo_1_5.jpg\" alt=\"\" class=\"wp-image-543308\"\/><figcaption>Chamadas de ovitrampas, as armadilhas s\u00e3o deixadas nas casas de moradores que est\u00e3o no referenciamento geogr\u00e1fico da SES-DF e simulam um ambiente perfeito para a procria\u00e7\u00e3o do mosquito| Foto: Sandro Ara\u00fajo\/Ag\u00eancia Sa\u00fade<\/figcaption><\/figure>\n\n\n\n<p>&nbsp;\u201cAo primeiro contato com a \u00e1gua, em at\u00e9 tr\u00eas horas, acontece o nascimento da larva\u201d, explica o gerente de Vigil\u00e2ncia de Vetores e Animais Pe\u00e7onhentos e A\u00e7\u00f5es de Campo da SES, Edi Xavier de Faria. \u201cDa\u00ed, de sete a dez dias, dependendo da temperatura, j\u00e1 sai um mosquito pronto para picar as pessoas.\u201d<\/p>\n\n\n\n<p>Levantamento elaborado pela SES aponta que o n\u00famero de casos prov\u00e1veis de dengue&nbsp;<a href=\"https:\/\/www.saude.df.gov.br\/w\/casos-prov%C3%A1veis-de-dengue-despencam-59-4-no-distrito-federal\">diminuiu 59,4%&nbsp;<\/a>no Distrito Federal e que o \u00edndice de infesta\u00e7\u00e3o do mosquito&nbsp;<em>Aedes aegypti<\/em>&nbsp;est\u00e1 em patamar considerado satisfat\u00f3rio, de acordo com um&nbsp;em 26.029 im\u00f3veis nas 35 regi\u00f5es administrativas do DF durante agosto. Mas a secret\u00e1ria de Sa\u00fade, Lucilene Flor\u00eancio, alerta: \u201cO per\u00edodo com maior intensidade de chuvas est\u00e1 prestes a come\u00e7ar, e o engajamento de toda a sociedade \u00e9 fundamental para garantirmos esses n\u00fameros seguros. \u00c9 preciso come\u00e7ar a agir agora\u201d.<\/p>\n\n\n\n<p><strong>A\u00e7\u00f5es da Sa\u00fade<\/strong><\/p>\n\n\n\n<p>Para auxiliar no combate, servidores da pasta buscam espalhar armadilhas de captura de ovos, sem o uso de inseticidas qu\u00edmicos. Conhecida como ovitrampa, a ferramenta \u00e9 uma mistura de \u00e1gua limpa, larvicida e levedo de cerveja que, colocada em pontos estrat\u00e9gicos, reduz efetivamente a prolifera\u00e7\u00e3o do mosquito e re\u00fane informa\u00e7\u00f5es sobre a distribui\u00e7\u00e3o e a densidade dos focos.<\/p>\n\n\n\n<blockquote class=\"wp-block-quote is-layout-flow wp-block-quote-is-layout-flow\"><p>\u201cMuitas vezes, as pessoas se descuidam por n\u00e3o estarem potencialmente criando um dep\u00f3sito, s\u00f3 que o ovo do mosquito \u00e9 muito resistente: pode ficar mais de um ano ali sem ter contato com \u00e1gua at\u00e9 ter uma chuva\u201dJadir Costa Filho, diretor da Vigil\u00e2ncia Ambiental da SES-DF<\/p><\/blockquote>\n\n\n\n<p>Instaladas nas casas de moradores que est\u00e3o no referenciamento geogr\u00e1fico da SES-DF, as armadilhas simulam um ambiente perfeito para a procria\u00e7\u00e3o do mosquito. Um recipiente \u00e9 preenchido com \u00e1gua, que fica parada, atraindo o inseto. Nele, os pesquisadores inserem uma palheta de madeira para facilitar o dep\u00f3sito de ovos pela f\u00eamea.<\/p>\n\n\n\n<p>Cada ovitrampa atinge um raio de 200 metros e em m\u00e9dia cont\u00e9m at\u00e9 300 ovos. \u201c\u00c9 uma tecnologia de sucesso, pois s\u00e3o v\u00e1rios mosquitos a menos circulando em nosso territ\u00f3rio, uma vez que [o equipamento] impede que os ovos eclodam\u201d, explica o agente de Vigil\u00e2ncia Ambiental da SES-DF Jo\u00e3o Bosco de Carvalho.<\/p>\n\n\n\n<p><strong>A dengue escondida na seca<\/strong><\/p>\n\n\n\n<p>Apesar de o&nbsp;<a href=\"https:\/\/www.saude.df.gov.br\/documents\/37101\/0\/14_BOLETIM_SEMANAL_DENGUE_SE_01+a+15+DF+2023.pdf\/d86a7786-b29e-ecf7-a454-4e88a3a59f18?t=1681760312502#:~:text=Situa%C3%A7%C3%A3o%20Epidemiol%C3%B3gica%20no%20Distrito%20Federal&amp;text=Observa%2Dse%20neste%20per%C3%ADodo%2C%20uma,na%20Tabela%201%20abaixo%20registrada.\">DF indicar redu\u00e7\u00e3o de casos e um cen\u00e1rio contr\u00e1rio ao resto do pa\u00eds<\/a>&nbsp;\u2013 que, segundo dados do Minist\u00e9rio de Sa\u00fade, j\u00e1 ultrapassou a marca de 1 milh\u00e3o de casos prov\u00e1veis de dengue e 635 \u00f3bitos confirmados -, os cuidados devem ser constantes e ir al\u00e9m das armadilhas e da \u00e9poca chuvosa.<\/p>\n\n\n\n<p><strong>Leia tamb\u00e9m<\/strong><a href=\"https:\/\/www.agenciabrasilia.df.gov.br\/2023\/07\/27\/lei-institui-novo-metodo-para-combate-ao-aedes-aegypti-no-df\/\"><strong>Lei institui novo m\u00e9todo para combate ao Aedes aegypti no DF<\/strong><\/a><a href=\"https:\/\/www.agenciabrasilia.df.gov.br\/2023\/07\/10\/vigilancia-ajuda-a-manter-baixos-indices-de-criadouros-de-aedes-aegypti\/\"><strong>Vigil\u00e2ncia ajuda a manter baixos \u00edndices de criadouros de Aedes aegypti<\/strong><\/a><\/p>\n\n\n\n<p>A recomenda\u00e7\u00e3o \u00e9 que, ainda que na seca, cada morador retire das \u00e1reas externas objetos que podem acumular \u00e1gua \u2013 latas, garrafas, pneus, potes e brinquedos, por exemplo. A aten\u00e7\u00e3o tamb\u00e9m precisa ser redobrada nos vasos de plantas, onde deve ser colocada areia at\u00e9 a borda; com as calhas, que devem ser mantidas desobstru\u00eddas, e com as caixas-d\u2019\u00e1gua, que precisam estar tampadas. O objetivo \u00e9 evitar que os recipientes sejam usados como dep\u00f3sitos pelo mosquito f\u00eamea.<\/p>\n\n\n\n<p>\u201cA chuva at\u00edpica chamou a nossa aten\u00e7\u00e3o para uma s\u00e9rie de cuidados que precisam ser mantidos no per\u00edodo seco\u201d, avalia o diretor da Vigil\u00e2ncia Ambiental (Dival) da SES-DF, Jadir Costa Filho. \u201cMuitas vezes, as pessoas se descuidam por n\u00e3o estarem potencialmente criando um dep\u00f3sito, s\u00f3 que o ovo do mosquito \u00e9 muito resistente: pode ficar mais de um ano ali sem ter contato com \u00e1gua at\u00e9 ter uma chuva.\u201d&nbsp;<\/p>\n\n\n\n<p>Todas as faixas et\u00e1rias s\u00e3o igualmente suscet\u00edveis \u00e0 doen\u00e7a. Por\u00e9m, idosos e portadores de enfermidades cr\u00f4nicas, como diabetes e hipertens\u00e3o arterial, t\u00eam maior risco de evoluir para casos graves e outras complica\u00e7\u00f5es fatais.<\/p>\n\n\n\n<p><strong>Olho vivo nas plantas<\/strong><\/p>\n\n\n\n<p>Outro ponto fundamental para a popula\u00e7\u00e3o ficar atenta \u00e9 com os recipientes utilizados para plantas em varandas, jardins ou mesmo em espa\u00e7os fechados. O Lago Norte \u00e9 a regi\u00e3o administrativa que melhor demonstra essa situa\u00e7\u00e3o: mesmo com o per\u00edodo da seca, a situa\u00e7\u00e3o de infesta\u00e7\u00e3o pelo&nbsp;<em>Aedes aegypti<\/em>&nbsp;foi classificada como de alerta, com larvas do mosquito tendo sido encontradas em cerca de 2,08% das resid\u00eancias visitadas.<\/p>\n\n\n\n<p>A maioria desses focos estava em vasos e frascos com \u00e1gua, pratos, pingadeiras e pequenas fontes ornamentais, al\u00e9m de bebedouros e recipientes de degelo de refrigeradores. \u201cEstamos na seca, mas esses pontos t\u00eam ac\u00famulo de \u00e1gua por conta da a\u00e7\u00e3o humana\u201d, refor\u00e7a Edi Faria.<\/p>\n\n\n\n<p>Outra regi\u00e3o administrativa classificada como em situa\u00e7\u00e3o de alerta foi Arapoanga, com 1,15% das resid\u00eancias tendo apresentado larvas do mosquito. O mesmo tipo de recipiente foi registrado na hora de localizar as larvas.<\/p>\n\n\n\n<figure class=\"wp-block-image\"><img decoding=\"async\" src=\"http:\/\/agenciabrasilia.df.gov.br\/wp-conteudo\/uploads\/2023\/09\/15.9.-Arte.-Combata-o-Mosquito.-Arte_Agencia-Saude-2.jpeg\" alt=\"\" class=\"wp-image-544985\"\/><figcaption>Arte: Ag\u00eancia Sa\u00fade<\/figcaption><\/figure>\n\n\n\n<p>Veja, abaixo, os principais sintomas da dengue.<\/p>\n\n\n\n<p>\u2192 Febre alta, maior do que 38\u00b0C<br>\u2192 Dor no corpo e articula\u00e7\u00f5es<br>\u2192 Dor atr\u00e1s dos olhos<br>\u2192 Mal-estar<br>\u2192 Falta de apetite<br>\u2192 Dor de cabe\u00e7a<br>\u2192 Manchas vermelhas pelo corpo.<\/p>\n\n\n\n<p>*<em>Com informa\u00e7\u00f5es da Secretaria de Sa\u00fade do DF<\/em><\/p>\n","protected":false},"excerpt":{"rendered":"<p>Por meio de armadilhas contra os mosquitos e de visitas dos agentes ambientais, Secretaria de Sa\u00fade previne e orienta a popula\u00e7\u00e3o sobre os perigos da prolifera\u00e7\u00e3o do transmissor da dengue e outras doen\u00e7as Com as chuvas at\u00edpicas que, vez ou outra, refrescam a seca, a Secretaria de Sa\u00fade do DF (SES) chama a aten\u00e7\u00e3o dos [&hellip;]<\/p>\n","protected":false},"author":1,"featured_media":1403,"comment_status":"open","ping_status":"open","sticky":false,"template":"","format":"standard","meta":{"_monsterinsights_skip_tracking":false,"_monsterinsights_sitenote_active":false,"_monsterinsights_sitenote_note":"","_monsterinsights_sitenote_category":0,"footnotes":""},"categories":[17,38],"tags":[],"class_list":["post-1402","post","type-post","status-publish","format-standard","has-post-thumbnail","hentry","category-bsb","category-health-2"],"_links":{"self":[{"href":"https:\/\/cidadecult.com.br\/index.php?rest_route=\/wp\/v2\/posts\/1402","targetHints":{"allow":["GET"]}}],"collection":[{"href":"https:\/\/cidadecult.com.br\/index.php?rest_route=\/wp\/v2\/posts"}],"about":[{"href":"https:\/\/cidadecult.com.br\/index.php?rest_route=\/wp\/v2\/types\/post"}],"author":[{"embeddable":true,"href":"https:\/\/cidadecult.com.br\/index.php?rest_route=\/wp\/v2\/users\/1"}],"replies":[{"embeddable":true,"href":"https:\/\/cidadecult.com.br\/index.php?rest_route=%2Fwp%2Fv2%2Fcomments&post=1402"}],"version-history":[{"count":1,"href":"https:\/\/cidadecult.com.br\/index.php?rest_route=\/wp\/v2\/posts\/1402\/revisions"}],"predecessor-version":[{"id":1404,"href":"https:\/\/cidadecult.com.br\/index.php?rest_route=\/wp\/v2\/posts\/1402\/revisions\/1404"}],"wp:featuredmedia":[{"embeddable":true,"href":"https:\/\/cidadecult.com.br\/index.php?rest_route=\/wp\/v2\/media\/1403"}],"wp:attachment":[{"href":"https:\/\/cidadecult.com.br\/index.php?rest_route=%2Fwp%2Fv2%2Fmedia&parent=1402"}],"wp:term":[{"taxonomy":"category","embeddable":true,"href":"https:\/\/cidadecult.com.br\/index.php?rest_route=%2Fwp%2Fv2%2Fcategories&post=1402"},{"taxonomy":"post_tag","embeddable":true,"href":"https:\/\/cidadecult.com.br\/index.php?rest_route=%2Fwp%2Fv2%2Ftags&post=1402"}],"curies":[{"name":"wp","href":"https:\/\/api.w.org\/{rel}","templated":true}]}}