{"id":14001,"date":"2025-09-05T13:45:30","date_gmt":"2025-09-05T16:45:30","guid":{"rendered":"https:\/\/cidadecult.com.br\/?p=14001"},"modified":"2025-09-05T13:49:30","modified_gmt":"2025-09-05T16:49:30","slug":"exposicao-minhas-visagens-nos-assombram-estreia-em-brasilia","status":"publish","type":"post","link":"https:\/\/cidadecult.com.br\/?p=14001","title":{"rendered":"Exposi\u00e7\u00e3o \u201cMinhas viagens nos assombram\u201d estreia em Bras\u00edlia"},"content":{"rendered":"\n<p><em>Foto\/divulga\u00e7\u00e3o<\/em><\/p>\n\n\n\n<p>Na pr\u00f3xima sexta-feira, 5 de setembro, Bras\u00edlia recebe a abertura da exposi\u00e7\u00e3o <strong>\u201cMinhas visagens nos assombram\u201d<\/strong>, do artista <strong>Taiom<\/strong>. A mostra acontece no <strong>Est\u00fadio Vespa (205 Norte)<\/strong>, a partir das 19h, com entrada gratuita e livre para todos os p\u00fablicos.<\/p>\n\n\n\n<p>O projeto integra a iniciativa <strong>\u201cTATUAGEM: arte, cultura e media\u00e7\u00e3o de mundos\u201d<\/strong>, realizada com recursos do <strong>Fundo de Apoio \u00e0 Cultura do Distrito Federal (FAC-DF)<\/strong>. Antes da exposi\u00e7\u00e3o, a proposta promoveu <strong>oficinas culturais para adolescentes em cumprimento de medidas socioeducativas<\/strong>, em parceria com a Secretaria de Justi\u00e7a do DF. Foram cerca de 30 jovens atendidos, divididos em tr\u00eas turmas, em atividades que uniram teoria, pr\u00e1tica e express\u00e3o art\u00edstica.<\/p>\n\n\n\n<h3 class=\"wp-block-heading\">Arte e mist\u00e9rio: <\/h3>\n\n\n\n<p>\u201cMinhas visagens nos assombram\u201d faz parte da s\u00e9rie <strong>\u201cVisagens\u201d<\/strong>, onde Taiom explora o inconsciente, os sentimentos e o oculto. Inspirado na cultura amaz\u00f4nica, o termo \u201cvisagens\u201d remete ao sobrenatural, a vultos e seres m\u00edsticos. O artista transita entre <strong>desenho, pintura, gravura e tatuagem<\/strong>, criando obras que refletem mem\u00f3rias e percep\u00e7\u00f5es que, ao mesmo tempo, parecem \u00edntimas e coletivas.<\/p>\n\n\n\n<p>Brasiliense criado em Bel\u00e9m, Taiom desenvolve sua produ\u00e7\u00e3o de maneira <strong>intuitiva e intensa<\/strong>. Seus tra\u00e7os, muitas vezes originados em rascunhos, ganham nova vida quando transformados em tatuagens, estabelecendo conex\u00f5es singulares entre a obra e a hist\u00f3ria de cada pessoa que a carrega na pele.<\/p>\n\n\n\n<h3 class=\"wp-block-heading\">Oficinas e impacto social: <\/h3>\n\n\n\n<p>As oficinas do projeto reuniram <strong>socioeducadores, psic\u00f3logas e assistentes sociais<\/strong>, al\u00e9m de convidados como o rapper <strong>GOG<\/strong>, de Bras\u00edlia, e o poeta marginal <strong>Jardz<\/strong>, de Fortaleza. Os jovens puderam experimentar t\u00e9cnicas de desenho e manusear equipamentos profissionais de tatuagem em pele sint\u00e9tica, apresentando, ao final, uma mostra interna com suas cria\u00e7\u00f5es.<\/p>\n\n\n\n<p>Um <strong>mini document\u00e1rio<\/strong> sobre o processo est\u00e1 em fase de finaliza\u00e7\u00e3o e ser\u00e1 lan\u00e7ado em outubro.<\/p>\n\n\n\n<h3 class=\"wp-block-heading\">Servi\u00e7o: <\/h3>\n\n\n\n<p>\ud83d\udccd <strong>Exposi\u00e7\u00e3o \u201cMinhas visagens nos assombram\u201d<\/strong>: <br>\ud83d\udcc5 Sexta-feira, 5 de setembro;<br>\u23f0 A partir das 19h;<br>\ud83d\udccc Est\u00fadio Vespa \u2013 205 Norte;<br>\ud83c\udf9f\ufe0f Entrada gratuita;<br>\ud83d\udc65 Classifica\u00e7\u00e3o: livre;<br>\ud83d\udcf2 Mais informa\u00e7\u00f5es: <a href=\"https:\/\/www.instagram.com\/vct.tattoo?utm_source=chatgpt.com\">@vct.tattoo<\/a> | <a href=\"https:\/\/www.instagram.com\/taiomvct?utm_source=chatgpt.com\">@taiomvct<\/a>!. <\/p>\n","protected":false},"excerpt":{"rendered":"<p>Foto\/divulga\u00e7\u00e3o Na pr\u00f3xima sexta-feira, 5 de setembro, Bras\u00edlia recebe a abertura da exposi\u00e7\u00e3o \u201cMinhas visagens nos assombram\u201d, do artista Taiom. A mostra acontece no Est\u00fadio Vespa (205 Norte), a partir das 19h, com entrada gratuita e livre para todos os p\u00fablicos. O projeto integra a iniciativa \u201cTATUAGEM: arte, cultura e media\u00e7\u00e3o de mundos\u201d, realizada com [&hellip;]<\/p>\n","protected":false},"author":1441,"featured_media":14002,"comment_status":"open","ping_status":"open","sticky":false,"template":"","format":"standard","meta":{"_monsterinsights_skip_tracking":false,"_monsterinsights_sitenote_active":false,"_monsterinsights_sitenote_note":"","_monsterinsights_sitenote_category":0,"footnotes":""},"categories":[41,17,34,281],"tags":[429,423,587],"class_list":["post-14001","post","type-post","status-publish","format-standard","has-post-thumbnail","hentry","category-agenda","category-bsb","category-destaque","category-exposicao","tag-brasilia-3","tag-cidadecultpordentro-2","tag-exposicao-2"],"_links":{"self":[{"href":"https:\/\/cidadecult.com.br\/index.php?rest_route=\/wp\/v2\/posts\/14001","targetHints":{"allow":["GET"]}}],"collection":[{"href":"https:\/\/cidadecult.com.br\/index.php?rest_route=\/wp\/v2\/posts"}],"about":[{"href":"https:\/\/cidadecult.com.br\/index.php?rest_route=\/wp\/v2\/types\/post"}],"author":[{"embeddable":true,"href":"https:\/\/cidadecult.com.br\/index.php?rest_route=\/wp\/v2\/users\/1441"}],"replies":[{"embeddable":true,"href":"https:\/\/cidadecult.com.br\/index.php?rest_route=%2Fwp%2Fv2%2Fcomments&post=14001"}],"version-history":[{"count":2,"href":"https:\/\/cidadecult.com.br\/index.php?rest_route=\/wp\/v2\/posts\/14001\/revisions"}],"predecessor-version":[{"id":14004,"href":"https:\/\/cidadecult.com.br\/index.php?rest_route=\/wp\/v2\/posts\/14001\/revisions\/14004"}],"wp:featuredmedia":[{"embeddable":true,"href":"https:\/\/cidadecult.com.br\/index.php?rest_route=\/wp\/v2\/media\/14002"}],"wp:attachment":[{"href":"https:\/\/cidadecult.com.br\/index.php?rest_route=%2Fwp%2Fv2%2Fmedia&parent=14001"}],"wp:term":[{"taxonomy":"category","embeddable":true,"href":"https:\/\/cidadecult.com.br\/index.php?rest_route=%2Fwp%2Fv2%2Fcategories&post=14001"},{"taxonomy":"post_tag","embeddable":true,"href":"https:\/\/cidadecult.com.br\/index.php?rest_route=%2Fwp%2Fv2%2Ftags&post=14001"}],"curies":[{"name":"wp","href":"https:\/\/api.w.org\/{rel}","templated":true}]}}