{"id":13979,"date":"2025-09-03T11:51:49","date_gmt":"2025-09-03T14:51:49","guid":{"rendered":"https:\/\/cidadecult.com.br\/?p=13979"},"modified":"2025-09-03T11:51:54","modified_gmt":"2025-09-03T14:51:54","slug":"ballet-classico-de-sao-petersburgo-apresenta-o-quebra-nozes-em-brasilia","status":"publish","type":"post","link":"https:\/\/cidadecult.com.br\/?p=13979","title":{"rendered":"Ballet Cl\u00e1ssico de S\u00e3o Petersburgo apresenta O Quebra-Nozes em Bras\u00edlia"},"content":{"rendered":"\n<p><em>Foto\/divulga\u00e7\u00e3o<\/em><\/p>\n\n\n\n<p>No dia <strong>28 de novembro<\/strong>, Bras\u00edlia receber\u00e1 um dos espet\u00e1culos mais aclamados do repert\u00f3rio cl\u00e1ssico mundial. O <strong>Ballet Cl\u00e1ssico de S\u00e3o Petersburgo<\/strong> traz ao <strong>Centro de Conven\u00e7\u00f5es Ulysses Guimar\u00e3es<\/strong> sua montagem de &#8220;O quebra-nozes&#8221;, em dois atos, com a participa\u00e7\u00e3o especial do renomado bailarino <strong>Alexander Volchkov<\/strong>.<\/p>\n\n\n\n<p>Fiel \u00e0 tradi\u00e7\u00e3o russa, a produ\u00e7\u00e3o recria com riqueza de detalhes a magia natalina de <strong>Piotr I. Tchaikovsky<\/strong>, encantando o p\u00fablico com cen\u00e1rios e figurinos luxuosos, corpo de baile numeroso e t\u00e9cnica impec\u00e1vel. A presen\u00e7a de Volchkov, estrela internacional convidada, promete momentos de brilho especial nos grandes pas de deux.<\/p>\n\n\n\n<h3 class=\"wp-block-heading\">O cl\u00e1ssico de Natal: <\/h3>\n\n\n\n<p>Inspirado no conto de E.T.A. Hoffmann, o espet\u00e1culo narra a jornada de Clara, que ganha de presente um quebra-nozes m\u00e1gico na noite de Natal. \u00c0 meia-noite, o brinquedo ganha vida e a conduz a um mundo encantado, onde enfrenta o Rei dos Ratos e descobre o Reino dos Doces, embalado pela trilha inesquec\u00edvel de Tchaikovsky.<\/p>\n\n\n\n<p>Mais do que um espet\u00e1culo natalino, <em>O Quebra-Nozes<\/em> \u00e9 um mergulho em sonhos, coragem e fantasia, transmitido por meio da m\u00fasica sublime e da dan\u00e7a refinada.<\/p>\n\n\n\n<h3 class=\"wp-block-heading\">Servi\u00e7o:<\/h3>\n\n\n\n<p>\ud83d\udcc5 <strong>Data:<\/strong> 28 de novembro (sexta-feira);<br>\u23f0 <strong>Hor\u00e1rio:<\/strong> 20h;<br>\ud83d\udccd <strong>Local:<\/strong> Centro de Conven\u00e7\u00f5es Ulysses Guimar\u00e3es \u2013 Audit\u00f3rio Master;<br>\ud83c\udf9f\ufe0f <strong>Ingressos:<\/strong> <a href=\"https:\/\/www.bilheteriadigital.com\/ballet-classico-de-sao-petersburgo-traz-ao-brasil-o-quebra-nozes-em-dois-atos-28-de-novembro?utm_source=chatgpt.com\">Bilheteria Digital<\/a>. <\/p>\n\n\n\n<p>Valores variam de <strong>R$ 100,00 a R$ 400,00<\/strong>, com op\u00e7\u00f5es como camarotes all inclusive e lounges exclusivos.<\/p>\n\n\n\n<p>Uma experi\u00eancia rara de assistir a um dos maiores cl\u00e1ssicos do bal\u00e9 mundial, interpretado por uma das companhias mais prestigiadas do g\u00eanero, agora no cora\u00e7\u00e3o da capital.<\/p>\n","protected":false},"excerpt":{"rendered":"<p>Foto\/divulga\u00e7\u00e3o No dia 28 de novembro, Bras\u00edlia receber\u00e1 um dos espet\u00e1culos mais aclamados do repert\u00f3rio cl\u00e1ssico mundial. O Ballet Cl\u00e1ssico de S\u00e3o Petersburgo traz ao Centro de Conven\u00e7\u00f5es Ulysses Guimar\u00e3es sua montagem de &#8220;O quebra-nozes&#8221;, em dois atos, com a participa\u00e7\u00e3o especial do renomado bailarino Alexander Volchkov. Fiel \u00e0 tradi\u00e7\u00e3o russa, a produ\u00e7\u00e3o recria com [&hellip;]<\/p>\n","protected":false},"author":1441,"featured_media":13980,"comment_status":"open","ping_status":"open","sticky":false,"template":"","format":"standard","meta":{"_monsterinsights_skip_tracking":false,"_monsterinsights_sitenote_active":false,"_monsterinsights_sitenote_note":"","_monsterinsights_sitenote_category":0,"footnotes":""},"categories":[41,2569,17,34],"tags":[1053,5292,429],"class_list":["post-13979","post","type-post","status-publish","format-standard","has-post-thumbnail","hentry","category-agenda","category-arte","category-bsb","category-destaque","tag-balletclassico","tag-bellet","tag-brasilia-3"],"_links":{"self":[{"href":"https:\/\/cidadecult.com.br\/index.php?rest_route=\/wp\/v2\/posts\/13979","targetHints":{"allow":["GET"]}}],"collection":[{"href":"https:\/\/cidadecult.com.br\/index.php?rest_route=\/wp\/v2\/posts"}],"about":[{"href":"https:\/\/cidadecult.com.br\/index.php?rest_route=\/wp\/v2\/types\/post"}],"author":[{"embeddable":true,"href":"https:\/\/cidadecult.com.br\/index.php?rest_route=\/wp\/v2\/users\/1441"}],"replies":[{"embeddable":true,"href":"https:\/\/cidadecult.com.br\/index.php?rest_route=%2Fwp%2Fv2%2Fcomments&post=13979"}],"version-history":[{"count":1,"href":"https:\/\/cidadecult.com.br\/index.php?rest_route=\/wp\/v2\/posts\/13979\/revisions"}],"predecessor-version":[{"id":13981,"href":"https:\/\/cidadecult.com.br\/index.php?rest_route=\/wp\/v2\/posts\/13979\/revisions\/13981"}],"wp:featuredmedia":[{"embeddable":true,"href":"https:\/\/cidadecult.com.br\/index.php?rest_route=\/wp\/v2\/media\/13980"}],"wp:attachment":[{"href":"https:\/\/cidadecult.com.br\/index.php?rest_route=%2Fwp%2Fv2%2Fmedia&parent=13979"}],"wp:term":[{"taxonomy":"category","embeddable":true,"href":"https:\/\/cidadecult.com.br\/index.php?rest_route=%2Fwp%2Fv2%2Fcategories&post=13979"},{"taxonomy":"post_tag","embeddable":true,"href":"https:\/\/cidadecult.com.br\/index.php?rest_route=%2Fwp%2Fv2%2Ftags&post=13979"}],"curies":[{"name":"wp","href":"https:\/\/api.w.org\/{rel}","templated":true}]}}