{"id":13953,"date":"2025-08-31T21:59:43","date_gmt":"2025-09-01T00:59:43","guid":{"rendered":"https:\/\/cidadecult.com.br\/?p=13953"},"modified":"2025-08-31T21:59:45","modified_gmt":"2025-09-01T00:59:45","slug":"ultima-chance-exposicao-ancestral-afro-americas-encerra-amanha-no-ccbb-rj","status":"publish","type":"post","link":"https:\/\/cidadecult.com.br\/?p=13953","title":{"rendered":"\u00daltima chance! Exposi\u00e7\u00e3o \u201cAncestral: Afro-Am\u00e9ricas\u201d encerra amanh\u00e3 no CCBB RJ"},"content":{"rendered":"\n<p><em>Foto\/divulga\u00e7\u00e3o<\/em><\/p>\n\n\n\n<p>Amanh\u00e3, <strong>1\u00b0 de setembro<\/strong>, \u00e9 o \u00faltimo dia para visitar a exposi\u00e7\u00e3o <strong>\u201cAncestral: Afro-Am\u00e9ricas\u201d<\/strong>, no <strong>CCBB Rio de Janeiro<\/strong>. A mostra re\u00fane cerca de 160 obras de renomados artistas negros do Brasil e dos Estados Unidos, celebrando a ancestralidade afrodescendente e promovendo reflex\u00f5es sobre identidade, cultura e di\u00e1spora africana.<\/p>\n\n\n\n<p>Com dire\u00e7\u00e3o art\u00edstica de <strong>Marcello Dantas<\/strong> e curadoria de <strong>Ana Beatriz Almeida<\/strong>, a exposi\u00e7\u00e3o ocupa oito salas do primeiro andar do CCBB RJ e traz obras de nomes como Abdias Nascimento, Simone Leigh, Sonia Gomes, Kara Walker, Arthur Bispo do Ros\u00e1rio, Carrie Mae Weems e Julie Mehretu, al\u00e9m de trabalhos in\u00e9ditos de Gabriella Marinho, G\u00ea Viana e Nari Ward.<\/p>\n\n\n\n<p>Dividida em tr\u00eas n\u00facleos tem\u00e1ticos \u2014 <strong>corpo, sonho e espa\u00e7o<\/strong> \u2014 a mostra tamb\u00e9m inclui um n\u00facleo especial de <strong>Arte Africana Tradicional<\/strong>, com curadoria de <strong>Renato Ara\u00fajo da Silva<\/strong>, destacando obras de povos de Nig\u00e9ria, Benim, Guin\u00e9, Guin\u00e9-Bissau, Angola e Rep\u00fablica Democr\u00e1tica do Congo.<\/p>\n\n\n\n<p>O patroc\u00ednio \u00e9 da <strong>BB Asset<\/strong> e do <strong>Google<\/strong>, com realiza\u00e7\u00e3o do <strong>Minist\u00e9rio da Cultura<\/strong> e do <strong>CCBB<\/strong>, refor\u00e7ando a import\u00e2ncia da arte e cultura como instrumentos de transforma\u00e7\u00e3o social.<\/p>\n\n\n\n<p><strong>Servi\u00e7o:<\/strong><\/p>\n\n\n\n<ul class=\"wp-block-list\">\n<li>Exposi\u00e7\u00e3o: <strong>Ancestral: Afro-Am\u00e9ricas<\/strong><\/li>\n\n\n\n<li>\u00daltimo dia: <strong>1\u00b0 de setembro de 2025<\/strong><\/li>\n\n\n\n<li>Local: 1\u00ba andar do CCBB RJ<\/li>\n\n\n\n<li>Entrada gratuita<\/li>\n\n\n\n<li>Classifica\u00e7\u00e3o indicativa: livre<\/li>\n<\/ul>\n\n\n\n<p><strong>Endere\u00e7o:<\/strong> Rua Primeiro de Mar\u00e7o, 66 \u2013 Centro, Rio de Janeiro \u2013 RJ<br>Mais informa\u00e7\u00f5es: (21) 3808.2020 | <a>ccbbrio@bb.com.br<\/a><\/p>\n\n\n\n<p>Siga o CCBB RJ: <a href=\"https:\/\/instagram.com\/ccbbrj?utm_source=chatgpt.com\">Instagram<\/a> | <a href=\"https:\/\/facebook.com\/ccbb.rj?utm_source=chatgpt.com\">Facebook<\/a> | <a href=\"https:\/\/tiktok.com\/@ccbbcultura?utm_source=chatgpt.com\">TikTok<\/a><\/p>\n","protected":false},"excerpt":{"rendered":"<p>Foto\/divulga\u00e7\u00e3o Amanh\u00e3, 1\u00b0 de setembro, \u00e9 o \u00faltimo dia para visitar a exposi\u00e7\u00e3o \u201cAncestral: Afro-Am\u00e9ricas\u201d, no CCBB Rio de Janeiro. A mostra re\u00fane cerca de 160 obras de renomados artistas negros do Brasil e dos Estados Unidos, celebrando a ancestralidade afrodescendente e promovendo reflex\u00f5es sobre identidade, cultura e di\u00e1spora africana. Com dire\u00e7\u00e3o art\u00edstica de Marcello [&hellip;]<\/p>\n","protected":false},"author":1441,"featured_media":13954,"comment_status":"open","ping_status":"open","sticky":false,"template":"","format":"standard","meta":{"_monsterinsights_skip_tracking":false,"_monsterinsights_sitenote_active":false,"_monsterinsights_sitenote_note":"","_monsterinsights_sitenote_category":0,"footnotes":""},"categories":[54],"tags":[],"class_list":["post-13953","post","type-post","status-publish","format-standard","has-post-thumbnail","hentry","category-brasil"],"_links":{"self":[{"href":"https:\/\/cidadecult.com.br\/index.php?rest_route=\/wp\/v2\/posts\/13953","targetHints":{"allow":["GET"]}}],"collection":[{"href":"https:\/\/cidadecult.com.br\/index.php?rest_route=\/wp\/v2\/posts"}],"about":[{"href":"https:\/\/cidadecult.com.br\/index.php?rest_route=\/wp\/v2\/types\/post"}],"author":[{"embeddable":true,"href":"https:\/\/cidadecult.com.br\/index.php?rest_route=\/wp\/v2\/users\/1441"}],"replies":[{"embeddable":true,"href":"https:\/\/cidadecult.com.br\/index.php?rest_route=%2Fwp%2Fv2%2Fcomments&post=13953"}],"version-history":[{"count":1,"href":"https:\/\/cidadecult.com.br\/index.php?rest_route=\/wp\/v2\/posts\/13953\/revisions"}],"predecessor-version":[{"id":13955,"href":"https:\/\/cidadecult.com.br\/index.php?rest_route=\/wp\/v2\/posts\/13953\/revisions\/13955"}],"wp:featuredmedia":[{"embeddable":true,"href":"https:\/\/cidadecult.com.br\/index.php?rest_route=\/wp\/v2\/media\/13954"}],"wp:attachment":[{"href":"https:\/\/cidadecult.com.br\/index.php?rest_route=%2Fwp%2Fv2%2Fmedia&parent=13953"}],"wp:term":[{"taxonomy":"category","embeddable":true,"href":"https:\/\/cidadecult.com.br\/index.php?rest_route=%2Fwp%2Fv2%2Fcategories&post=13953"},{"taxonomy":"post_tag","embeddable":true,"href":"https:\/\/cidadecult.com.br\/index.php?rest_route=%2Fwp%2Fv2%2Ftags&post=13953"}],"curies":[{"name":"wp","href":"https:\/\/api.w.org\/{rel}","templated":true}]}}