{"id":13744,"date":"2025-08-26T15:57:12","date_gmt":"2025-08-26T18:57:12","guid":{"rendered":"https:\/\/cidadecult.com.br\/?p=13744"},"modified":"2025-08-26T15:59:13","modified_gmt":"2025-08-26T18:59:13","slug":"quando-as-ruas-chamam-9o-festival-nacional-de-breaking-transforma-ceilandia-em-palco-da-cultura-urbana","status":"publish","type":"post","link":"https:\/\/cidadecult.com.br\/?p=13744","title":{"rendered":"Quando as ruas chamam: 9\u00ba Festival Nacional de Breaking transforma Ceil\u00e2ndia em palco da cultura urbana!"},"content":{"rendered":"\n<p><em>Foto\/divulga\u00e7\u00e3o<\/em><\/p>\n\n\n\n<p><strong>De 26 a 28 de setembro, o Sesc Ceil\u00e2ndia ser\u00e1 tomado pelo ritmo e pela energia do hip hop com a 9\u00aa edi\u00e7\u00e3o do Festival Nacional de Breaking \u201cQuando as ruas chamam\u201d. Reconhecido como um dos maiores encontros do g\u00eanero no Brasil, o evento re\u00fane batalhas, m\u00fasica, graffiti e cultura urbana em uma programa\u00e7\u00e3o gratuita e aberta ao p\u00fablico.<\/strong><\/p>\n\n\n\n<p>Apresentado pelo <strong>Fundo de Apoio \u00e0 Cultura do Distrito Federal (FAC-DF)<\/strong> e com apoio do <strong>Sesc + Cultura 2025<\/strong>, o festival destaca-se por seu car\u00e1ter inclusivo, oferecendo espa\u00e7o para diferentes vozes e estilos dentro do breaking. Este ano, as finais nacionais contam com B-boys e B-girls de todas as regi\u00f5es do pa\u00eds, ap\u00f3s seletivas realizadas em estados como Rio Grande do Sul, Rio de Janeiro, Par\u00e1 e Mato Grosso, al\u00e9m do Distrito Federal.<\/p>\n\n\n\n<p>Para ampliar ainda mais o acesso, o evento tamb\u00e9m abriu uma sele\u00e7\u00e3o virtual por v\u00eddeos, garantindo a participa\u00e7\u00e3o de dan\u00e7arinos(as) que n\u00e3o puderam estar presentes nas eliminat\u00f3rias presenciais. Outra novidade \u00e9 o <strong>Concurso Virtual de Graffiti<\/strong>, que definiu a identidade visual da edi\u00e7\u00e3o de 2025. O vencedor foi o artista <strong>Dan, de S\u00e3o Paulo<\/strong>, cuja arte estampa todo o material gr\u00e1fico e digital do festival.<\/p>\n\n\n\n<p>A competi\u00e7\u00e3o contar\u00e1 com cinco modalidades: <strong>Crew Battle (grupos), 1&#215;1 Battle, B-Girl Battle (feminino), Especial Battle (PcD)<\/strong> e a tradicional <strong>Cypher Kings\/Queens<\/strong>, que abre espa\u00e7o para improvisos e liberdade de express\u00e3o, mesmo para quem n\u00e3o \u00e9 competidor profissional.<\/p>\n\n\n\n<p>Al\u00e9m das batalhas, a programa\u00e7\u00e3o traz a exibi\u00e7\u00e3o do document\u00e1rio <em>\u201cHip Hop na Maturidade\u201d<\/em>, palestra com <strong>Pedrinho Festa (RS)<\/strong> sobre protagonismo de idosos no hip hop, shows da <strong>Banda Groove Attak (DF)<\/strong>, performances livres nas cyphers e apresenta\u00e7\u00f5es de DJs e jurados convidados, entre eles <strong>Porte\u00f1o (Argentina)<\/strong>, <strong>Fanny (GO)<\/strong> e <strong>Pedrinho (RS)<\/strong>.<\/p>\n\n\n\n<p>Idealizador do projeto, o <strong>B-boy Papel<\/strong>, nascido e criado na Ceil\u00e2ndia, celebra a realiza\u00e7\u00e3o da edi\u00e7\u00e3o em sua cidade:<\/p>\n\n\n\n<blockquote class=\"wp-block-quote is-layout-flow wp-block-quote-is-layout-flow\">\n<p>\u201cO Breaking mudou a minha vida e a de muita gente. Poder realizar essa nona edi\u00e7\u00e3o onde tudo come\u00e7ou para mim \u00e9 um ato de resist\u00eancia e celebra\u00e7\u00e3o\u201d.<\/p>\n<\/blockquote>\n\n\n\n<h2 class=\"wp-block-heading\">Servi\u00e7o<\/h2>\n\n\n\n<p>\ud83d\udccd <strong>Sesc Ceil\u00e2ndia<\/strong> \u2013 QNN 27, \u00c1rea Especial, Lote B \u2013 Ceil\u00e2ndia Norte<br>\ud83d\udcc5 <strong>26 a 28 de setembro de 2025<\/strong><br>\ud83c\udf9f Entrada gratuita | Classifica\u00e7\u00e3o livre<\/p>\n\n\n\n<p>\ud83d\udc49 Mais informa\u00e7\u00f5es: (61) 9114-7094<br>\ud83c\udf10 <a class=\"\" href=\"http:\/\/www.quandoasruaschamam.com.br\">quandoasruaschamam.com.br<\/a><br>\ud83d\udcf2 <a class=\"\" href=\"https:\/\/www.instagram.com\/quandoasruaschamam\/\">@quandoasruaschamam<\/a><\/p>\n","protected":false},"excerpt":{"rendered":"<p>Foto\/divulga\u00e7\u00e3o De 26 a 28 de setembro, o Sesc Ceil\u00e2ndia ser\u00e1 tomado pelo ritmo e pela energia do hip hop com a 9\u00aa edi\u00e7\u00e3o do Festival Nacional de Breaking \u201cQuando as ruas chamam\u201d. Reconhecido como um dos maiores encontros do g\u00eanero no Brasil, o evento re\u00fane batalhas, m\u00fasica, graffiti e cultura urbana em uma programa\u00e7\u00e3o [&hellip;]<\/p>\n","protected":false},"author":1441,"featured_media":13745,"comment_status":"open","ping_status":"open","sticky":false,"template":"","format":"standard","meta":{"_monsterinsights_skip_tracking":false,"_monsterinsights_sitenote_active":false,"_monsterinsights_sitenote_note":"","_monsterinsights_sitenote_category":0,"footnotes":""},"categories":[41,2569,17,34,3,6],"tags":[643,491],"class_list":["post-13744","post","type-post","status-publish","format-standard","has-post-thumbnail","hentry","category-agenda","category-arte","category-bsb","category-destaque","category-entertainment","category-music","tag-ceilandia","tag-df-2"],"_links":{"self":[{"href":"https:\/\/cidadecult.com.br\/index.php?rest_route=\/wp\/v2\/posts\/13744","targetHints":{"allow":["GET"]}}],"collection":[{"href":"https:\/\/cidadecult.com.br\/index.php?rest_route=\/wp\/v2\/posts"}],"about":[{"href":"https:\/\/cidadecult.com.br\/index.php?rest_route=\/wp\/v2\/types\/post"}],"author":[{"embeddable":true,"href":"https:\/\/cidadecult.com.br\/index.php?rest_route=\/wp\/v2\/users\/1441"}],"replies":[{"embeddable":true,"href":"https:\/\/cidadecult.com.br\/index.php?rest_route=%2Fwp%2Fv2%2Fcomments&post=13744"}],"version-history":[{"count":1,"href":"https:\/\/cidadecult.com.br\/index.php?rest_route=\/wp\/v2\/posts\/13744\/revisions"}],"predecessor-version":[{"id":13746,"href":"https:\/\/cidadecult.com.br\/index.php?rest_route=\/wp\/v2\/posts\/13744\/revisions\/13746"}],"wp:featuredmedia":[{"embeddable":true,"href":"https:\/\/cidadecult.com.br\/index.php?rest_route=\/wp\/v2\/media\/13745"}],"wp:attachment":[{"href":"https:\/\/cidadecult.com.br\/index.php?rest_route=%2Fwp%2Fv2%2Fmedia&parent=13744"}],"wp:term":[{"taxonomy":"category","embeddable":true,"href":"https:\/\/cidadecult.com.br\/index.php?rest_route=%2Fwp%2Fv2%2Fcategories&post=13744"},{"taxonomy":"post_tag","embeddable":true,"href":"https:\/\/cidadecult.com.br\/index.php?rest_route=%2Fwp%2Fv2%2Ftags&post=13744"}],"curies":[{"name":"wp","href":"https:\/\/api.w.org\/{rel}","templated":true}]}}