{"id":13700,"date":"2025-08-12T17:35:25","date_gmt":"2025-08-12T20:35:25","guid":{"rendered":"https:\/\/cidadecult.com.br\/?p=13700"},"modified":"2025-08-12T17:42:05","modified_gmt":"2025-08-12T20:42:05","slug":"reta-final-do-projeto-cartola-leva-dhi-ribeiro-e-muito-samba-para-o-eixao-norte","status":"publish","type":"post","link":"https:\/\/cidadecult.com.br\/?p=13700","title":{"rendered":"Reta final do Projeto Cartola leva Dhi Ribeiro e muito samba para o Eix\u00e3o Norte"},"content":{"rendered":"\n<h2 class=\"wp-block-heading\"><\/h2>\n\n\n\n<p>O asfalto mais ic\u00f4nico de Bras\u00edlia vai virar palco para um encontro de peso entre o samba e o choro. No domingo, 17 de agosto, o <strong>Projeto Cartola<\/strong> deixa o gramado do CCBB Bras\u00edlia e ocupa o <strong>Eix\u00e3o Norte<\/strong> para uma tarde gratuita de m\u00fasica brasileira de primeira, gastronomia e lazer ao ar livre.<\/p>\n\n\n\n<p>A programa\u00e7\u00e3o come\u00e7a \u00e0s 12h, com o <strong>Regional Choro Livre<\/strong>, liderado pelo bandolinista Reco do Bandolim. Reconhecido por sua leitura contempor\u00e2nea do choro sem abrir m\u00e3o da tradi\u00e7\u00e3o, o grupo j\u00e1 tocou ao lado de lendas como Paulinho da Viola, Dona Ivone Lara, Hermeto Pascoal e Sivuca. Logo depois, o microfone passa para <strong>Dhi Ribeiro<\/strong> \u2014 uma das vozes mais marcantes do samba contempor\u00e2neo \u2014 que traz sua presen\u00e7a de palco arrebatadora para homenagear Cartola, poeta do cotidiano e mestre do lirismo musical.<\/p>\n\n\n\n<figure class=\"wp-block-image size-large\"><img loading=\"lazy\" decoding=\"async\" width=\"1024\" height=\"941\" src=\"https:\/\/cidadecult.com.br\/wp-content\/uploads\/2025\/08\/Dhi-Ribeiro-por-Patricia-Regina-2-1024x941.jpg\" alt=\"\" class=\"wp-image-13702\" srcset=\"https:\/\/cidadecult.com.br\/wp-content\/uploads\/2025\/08\/Dhi-Ribeiro-por-Patricia-Regina-2-1024x941.jpg 1024w, https:\/\/cidadecult.com.br\/wp-content\/uploads\/2025\/08\/Dhi-Ribeiro-por-Patricia-Regina-2-300x276.jpg 300w, https:\/\/cidadecult.com.br\/wp-content\/uploads\/2025\/08\/Dhi-Ribeiro-por-Patricia-Regina-2-768x706.jpg 768w, https:\/\/cidadecult.com.br\/wp-content\/uploads\/2025\/08\/Dhi-Ribeiro-por-Patricia-Regina-2-750x689.jpg 750w, https:\/\/cidadecult.com.br\/wp-content\/uploads\/2025\/08\/Dhi-Ribeiro-por-Patricia-Regina-2.jpg 1084w\" sizes=\"auto, (max-width: 1024px) 100vw, 1024px\" \/><figcaption class=\"wp-element-caption\">Cr\u00e9dito: Patr\u00edcia Regina<\/figcaption><\/figure>\n\n\n\n<h3 class=\"wp-block-heading\">Um projeto que celebra um \u00edcone da m\u00fasica brasileira<\/h3>\n\n\n\n<p>Desde abril, o Projeto Cartola tem lotado os jardins do CCBB Bras\u00edlia, reunindo centenas de fam\u00edlias para celebrar a obra de Angenor de Oliveira, o Cartola \u2014 autor de cl\u00e1ssicos como <em>O Mundo \u00e9 um Moinho<\/em>, <em>As Rosas N\u00e3o Falam<\/em> e <em>Preciso Me Encontrar<\/em>. Mais do que um m\u00fasico, Cartola \u00e9 s\u00edmbolo de resist\u00eancia e eleg\u00e2ncia art\u00edstica. Sua trajet\u00f3ria inclui desaparecimento da cena musical nos anos 50, redescoberta como lavador de carros, retorno triunfante com o Zicartola e grava\u00e7\u00e3o de seu primeiro disco aos 65 anos.<\/p>\n\n\n\n<p>Com a mudan\u00e7a para o Eix\u00e3o Norte, o projeto entra na reta final com duas apresenta\u00e7\u00f5es: dia 17, com Dhi Ribeiro, e o encerramento em 31 de agosto, com <strong>Teresa Lopes<\/strong> como convidada especial.<\/p>\n\n\n\n<h3 class=\"wp-block-heading\">Dhi Ribeiro: ancestralidade e samba na veia<\/h3>\n\n\n\n<p>Nascida Edilza Rosa Ribeiro em Nil\u00f3polis (RJ) e criada em Salvador, Dhi cresceu em meio \u00e0s tradi\u00e7\u00f5es afro-brasileiras, influenciada pelo Afox\u00e9 Filhos de Gandhi, fundado por seu av\u00f4. Vencedora do pr\u00eamio de Cantora Revela\u00e7\u00e3o no Carnaval de Salvador (1993), mudou-se para Bras\u00edlia nos anos 1990 e consolidou-se como uma das grandes int\u00e9rpretes do samba.<br>Sua carreira inclui turn\u00eas internacionais, parcerias com Jorge Arag\u00e3o, Diogo Nogueira e Fundo de Quintal, \u00e1lbuns autorais e participa\u00e7\u00f5es em trilhas sonoras de novelas da TV Globo. Em cada apresenta\u00e7\u00e3o, Dhi leva ao p\u00fablico a for\u00e7a da ancestralidade e da representatividade negra na m\u00fasica.<\/p>\n\n\n\n<h3 class=\"wp-block-heading\">Cultura no cora\u00e7\u00e3o da cidade<\/h3>\n\n\n\n<p>Para Henrique Neto, diretor musical do projeto e da Escola Brasileira de Choro, levar o evento ao Eix\u00e3o Norte refor\u00e7a a voca\u00e7\u00e3o cultural do espa\u00e7o:<\/p>\n\n\n\n<blockquote class=\"wp-block-quote is-layout-flow wp-block-quote-is-layout-flow\">\n<p>\u201cO Projeto Cartola no Eix\u00e3o Norte se consolida como um novo ponto de cultura ao ar livre na cidade, refor\u00e7ando o compromisso do Clube do Choro e do CCBB em aproximar o p\u00fablico da arte e da tradi\u00e7\u00e3o musical do Brasil. Uma oportunidade imperd\u00edvel para curtir o domingo em um espa\u00e7o democr\u00e1tico, acess\u00edvel e cheio de brasilidade.\u201d<\/p>\n<\/blockquote>\n\n\n\n<p>Al\u00e9m dos shows, o p\u00fablico vai encontrar op\u00e7\u00f5es de comidas e bebidas, al\u00e9m de atividades para crian\u00e7as, transformando a avenida em um grande ponto de encontro para todas as idades.<\/p>\n\n\n\n<hr class=\"wp-block-separator has-alpha-channel-opacity\"\/>\n\n\n\n<p><strong>Servi\u00e7o<\/strong><br>\ud83d\udccd Local: Eix\u00e3o Norte (altura da 110 norte)<br>\ud83d\udcc5 Datas: 17 e 31 de agosto (domingo)<br>\u23f0 Hor\u00e1rio: a partir das 12h<br>\ud83c\udf9f Entrada gratuita | Classifica\u00e7\u00e3o livre<\/p>\n","protected":false},"excerpt":{"rendered":"<p>O asfalto mais ic\u00f4nico de Bras\u00edlia vai virar palco para um encontro de peso entre o samba e o choro. No domingo, 17 de agosto, o Projeto Cartola deixa o gramado do CCBB Bras\u00edlia e ocupa o Eix\u00e3o Norte para uma tarde gratuita de m\u00fasica brasileira de primeira, gastronomia e lazer ao ar livre. A [&hellip;]<\/p>\n","protected":false},"author":777,"featured_media":13701,"comment_status":"open","ping_status":"open","sticky":false,"template":"","format":"standard","meta":{"_monsterinsights_skip_tracking":false,"_monsterinsights_sitenote_active":false,"_monsterinsights_sitenote_note":"","_monsterinsights_sitenote_category":0,"footnotes":""},"categories":[17],"tags":[],"class_list":["post-13700","post","type-post","status-publish","format-standard","has-post-thumbnail","hentry","category-bsb"],"_links":{"self":[{"href":"https:\/\/cidadecult.com.br\/index.php?rest_route=\/wp\/v2\/posts\/13700","targetHints":{"allow":["GET"]}}],"collection":[{"href":"https:\/\/cidadecult.com.br\/index.php?rest_route=\/wp\/v2\/posts"}],"about":[{"href":"https:\/\/cidadecult.com.br\/index.php?rest_route=\/wp\/v2\/types\/post"}],"author":[{"embeddable":true,"href":"https:\/\/cidadecult.com.br\/index.php?rest_route=\/wp\/v2\/users\/777"}],"replies":[{"embeddable":true,"href":"https:\/\/cidadecult.com.br\/index.php?rest_route=%2Fwp%2Fv2%2Fcomments&post=13700"}],"version-history":[{"count":1,"href":"https:\/\/cidadecult.com.br\/index.php?rest_route=\/wp\/v2\/posts\/13700\/revisions"}],"predecessor-version":[{"id":13703,"href":"https:\/\/cidadecult.com.br\/index.php?rest_route=\/wp\/v2\/posts\/13700\/revisions\/13703"}],"wp:featuredmedia":[{"embeddable":true,"href":"https:\/\/cidadecult.com.br\/index.php?rest_route=\/wp\/v2\/media\/13701"}],"wp:attachment":[{"href":"https:\/\/cidadecult.com.br\/index.php?rest_route=%2Fwp%2Fv2%2Fmedia&parent=13700"}],"wp:term":[{"taxonomy":"category","embeddable":true,"href":"https:\/\/cidadecult.com.br\/index.php?rest_route=%2Fwp%2Fv2%2Fcategories&post=13700"},{"taxonomy":"post_tag","embeddable":true,"href":"https:\/\/cidadecult.com.br\/index.php?rest_route=%2Fwp%2Fv2%2Ftags&post=13700"}],"curies":[{"name":"wp","href":"https:\/\/api.w.org\/{rel}","templated":true}]}}