{"id":13689,"date":"2025-08-26T15:36:03","date_gmt":"2025-08-26T18:36:03","guid":{"rendered":"https:\/\/cidadecult.com.br\/?p=13689"},"modified":"2025-08-26T15:36:59","modified_gmt":"2025-08-26T18:36:59","slug":"festival-de-brasilia-do-cinema-brasileiro-leva-sessoes-gratuitas-e-ao-ar-livre-para-planaltina-e-estrutural-com-o-cinema-voador","status":"publish","type":"post","link":"https:\/\/cidadecult.com.br\/?p=13689","title":{"rendered":"Festival de Bras\u00edlia do Cinema Brasileiro leva sess\u00f5es gratuitas e ao ar livre para Planaltina e Estrutural com o Cinema voador!"},"content":{"rendered":"\n<p><em>Foto\/divulga\u00e7\u00e3o<\/em><\/p>\n\n\n\n<p>O <strong>&#8220;58\u00ba Festival de Bras\u00edlia do Cinema Brasileiro&#8221;<\/strong> expande seu alcance com o <strong>projeto &#8220;Cinema voador&#8221;,<\/strong> que leva<strong> sess\u00f5es gratuitas e abertas ao p\u00fablico<\/strong> em <strong>Planaltina <\/strong>e na<strong> Estrutural. <\/strong>De<strong> 12 (hoje) a 22 de agosto<\/strong>, <strong>moradores dessas regi\u00f5es do Distrito Federal poder\u00e3o assistir a cl\u00e1ssicos do cinema nacional e anima\u00e7\u00f5es infantis em pra\u00e7as e espa\u00e7os comunit\u00e1rios, promovendo o acesso democr\u00e1tico \u00e0 cultura.<\/strong><\/p>\n\n\n\n<p>O<strong> &#8220;Cinema voador&#8221;<\/strong>, iniciativa itinerante que<strong> desde 1994 leva o cinema a diversos cantos do pa\u00eds, traz para o p\u00fablico do DF uma sele\u00e7\u00e3o cuidadosa de filmes que fogem do circuito comercial e valorizam a hist\u00f3ria do audiovisual brasileiro. Diretores consagrados como Joaquim Pedro de Andrade, Rosemberg Cariry e Paulo Thiago est\u00e3o entre os destaques da programa\u00e7\u00e3o<\/strong>, que tamb\u00e9m inclui uma mostra infantil com uma<strong> homenagem especial aos 80 anos do cl\u00e1ssico &#8220;Fantasia&#8221;, da<em> &#8220;Walt Disney&#8221;.<\/em><\/strong><\/p>\n\n\n\n<p>As sess\u00f5es acontecem em<strong> Planaltina<\/strong> nos dias<strong> 12 (hoje), 13 e 15 de agosto,<\/strong> em locais como o<strong> &#8220;Vale do amanhecer&#8221;<\/strong> e a <strong>Pra\u00e7a dos Esportes. <\/strong>J\u00e1 na <strong>Estrutural, as exibi\u00e7\u00f5es ser\u00e3o nos dias 21 e 22<\/strong>, na <strong>Pra\u00e7a da Administra\u00e7\u00e3o,<\/strong> onde o p\u00fablico poder\u00e1 conferir tamb\u00e9m o <strong>curta-metragem &#8220;Bras\u00edlia contradi\u00e7\u00f5es<\/strong> de uma cidade nova&#8221;, que retrata <strong>a trajet\u00f3ria da capital federal.<\/strong><\/p>\n\n\n\n<p>Para <strong>Claudio Abrantes,<\/strong> <strong>secret\u00e1rio de Cultura e Economia Criativa do DF, o projeto refor\u00e7a o papel do Festival como um patrim\u00f4nio cultural que deve estar presente em toda a cidade. \u201c<\/strong>O <strong><em>&#8216;Cinema voador&#8217;<\/em><\/strong> aproxima o festival das comunidades, promovendo inclus\u00e3o e valoriza\u00e7\u00e3o do audiovisual brasileiro em todas as regi\u00f5es do Distrito Federal<strong>\u201d<\/strong>, afirma.<\/p>\n\n\n\n<p><strong>A edi\u00e7\u00e3o oficial do &#8220;Festival de Bras\u00edlia&#8221; acontece entre 12 e 20 de setembro<\/strong>, com uma programa\u00e7\u00e3o abrangente que inclui mostras competitivas, debates, oficinas e um ambiente de mercado para fomentar a produ\u00e7\u00e3o audiovisual local e nacional.<\/p>\n\n\n\n<p><strong>Servi\u00e7o<\/strong>: <\/p>\n\n\n\n<p><strong>Cinema Voador \u2013 58\u00aa edi\u00e7\u00e3o do Festival de Bras\u00edlia do Cinema Brasileiro<\/strong><\/p>\n\n\n\n<ul class=\"wp-block-list\">\n<li><strong>Planaltina<\/strong><br>12\/08 (ter\u00e7a) \u2013 18h | Vale do Amanhecer<br>13\/08 (quarta) \u2013 18h | Pra\u00e7a dos Esportes<br>15\/08 (sexta) \u2013 18h | Pra\u00e7a da Igrejinha<\/li>\n\n\n\n<li><strong>Estrutural<\/strong><br>21\/08 (quinta) \u2013 18h | Pra\u00e7a da Administra\u00e7\u00e3o<br>22\/08 (sexta) \u2013 18h | Pra\u00e7a da Administra\u00e7\u00e3o<\/li>\n<\/ul>\n\n\n\n<p><strong>Entrada gratuita e aberta ao p\u00fablico.<\/strong><\/p>\n\n\n\n<p>Mais informa\u00e7\u00f5es: @festbrasilia<\/p>\n","protected":false},"excerpt":{"rendered":"<p>Foto\/divulga\u00e7\u00e3o O &#8220;58\u00ba Festival de Bras\u00edlia do Cinema Brasileiro&#8221; expande seu alcance com o projeto &#8220;Cinema voador&#8221;, que leva sess\u00f5es gratuitas e abertas ao p\u00fablico em Planaltina e na Estrutural. De 12 (hoje) a 22 de agosto, moradores dessas regi\u00f5es do Distrito Federal poder\u00e3o assistir a cl\u00e1ssicos do cinema nacional e anima\u00e7\u00f5es infantis em pra\u00e7as [&hellip;]<\/p>\n","protected":false},"author":1441,"featured_media":13690,"comment_status":"open","ping_status":"open","sticky":false,"template":"","format":"standard","meta":{"_monsterinsights_skip_tracking":false,"_monsterinsights_sitenote_active":false,"_monsterinsights_sitenote_note":"","_monsterinsights_sitenote_category":0,"footnotes":""},"categories":[41,2569,17,232],"tags":[429,615,1493],"class_list":["post-13689","post","type-post","status-publish","format-standard","has-post-thumbnail","hentry","category-agenda","category-arte","category-bsb","category-cinema","tag-brasilia-3","tag-cinema-2","tag-cinemavoador"],"_links":{"self":[{"href":"https:\/\/cidadecult.com.br\/index.php?rest_route=\/wp\/v2\/posts\/13689","targetHints":{"allow":["GET"]}}],"collection":[{"href":"https:\/\/cidadecult.com.br\/index.php?rest_route=\/wp\/v2\/posts"}],"about":[{"href":"https:\/\/cidadecult.com.br\/index.php?rest_route=\/wp\/v2\/types\/post"}],"author":[{"embeddable":true,"href":"https:\/\/cidadecult.com.br\/index.php?rest_route=\/wp\/v2\/users\/1441"}],"replies":[{"embeddable":true,"href":"https:\/\/cidadecult.com.br\/index.php?rest_route=%2Fwp%2Fv2%2Fcomments&post=13689"}],"version-history":[{"count":1,"href":"https:\/\/cidadecult.com.br\/index.php?rest_route=\/wp\/v2\/posts\/13689\/revisions"}],"predecessor-version":[{"id":13691,"href":"https:\/\/cidadecult.com.br\/index.php?rest_route=\/wp\/v2\/posts\/13689\/revisions\/13691"}],"wp:featuredmedia":[{"embeddable":true,"href":"https:\/\/cidadecult.com.br\/index.php?rest_route=\/wp\/v2\/media\/13690"}],"wp:attachment":[{"href":"https:\/\/cidadecult.com.br\/index.php?rest_route=%2Fwp%2Fv2%2Fmedia&parent=13689"}],"wp:term":[{"taxonomy":"category","embeddable":true,"href":"https:\/\/cidadecult.com.br\/index.php?rest_route=%2Fwp%2Fv2%2Fcategories&post=13689"},{"taxonomy":"post_tag","embeddable":true,"href":"https:\/\/cidadecult.com.br\/index.php?rest_route=%2Fwp%2Fv2%2Ftags&post=13689"}],"curies":[{"name":"wp","href":"https:\/\/api.w.org\/{rel}","templated":true}]}}