{"id":13626,"date":"2025-08-07T12:59:40","date_gmt":"2025-08-07T15:59:40","guid":{"rendered":"https:\/\/cidadecult.com.br\/?p=13626"},"modified":"2025-08-07T13:00:53","modified_gmt":"2025-08-07T16:00:53","slug":"projeto-sustentarte-leva-oficinas-gratuitas-de-arte-e-inclusao-para-a-vila-telebrasilia","status":"publish","type":"post","link":"https:\/\/cidadecult.com.br\/?p=13626","title":{"rendered":"Projeto SustentArte leva oficinas gratuitas de arte e inclus\u00e3o para a Vila Telebras\u00edlia!"},"content":{"rendered":"\n<p><em>Foto\/divulga\u00e7\u00e3o<\/em><\/p>\n\n\n\n<p><strong>Um novo cap\u00edtulo de transforma\u00e7\u00e3o art\u00edstica e social <\/strong>est\u00e1 em curso na <strong>Vila Telebras\u00edlia.<\/strong> <strong>De agosto de 2025 a mar\u00e7o de 2026, <\/strong>o <strong>projeto <em>&#8220;SustentArte<\/em>: capacitando gera\u00e7\u00f5es por meio da arte<em>&#8220;<\/em>,<\/strong> <strong>promovido pelo Centro de Artes de Bras\u00edlia,<\/strong> oferece <strong>oficinas gratuitas<\/strong> que unem<strong> forma\u00e7\u00e3o t\u00e9cnica, criatividade e inclus\u00e3o social.<\/strong><\/p>\n\n\n\n<p>A iniciativa contempla sete oficinas nas \u00e1reas de <strong>pintura, desenho e processo criativo, objetos de arte e arteterapia, cer\u00e2mica, mosaico, xilogravura e m\u00fasica<\/strong>, com aulas j\u00e1 em andamento<strong> desde o dia 4 de agosto. A proposta \u00e9 expandir o acesso \u00e0 economia criativa por meio de a\u00e7\u00f5es culturais que beneficiem jovens e adultos entre 18 e 60 anos, com aten\u00e7\u00e3o especial a pessoas em situa\u00e7\u00e3o de vulnerabilidade, como moradores de baixa renda, negros, ind\u00edgenas, LGBTQIA+, mulheres e pessoas com defici\u00eancia.<\/strong><\/p>\n\n\n\n<p><strong>Muito al\u00e9m do aprendizado art\u00edstico, o projeto busca fortalecer a identidade cultural da regi\u00e3o, formar novos p\u00fablicos para as artes visuais e incentivar o protagonismo comunit\u00e1rio. <em>\u201cAo fortalecer a economia criativa, o &#8220;SustentArte&#8221; incentiva a profissionaliza\u00e7\u00e3o de artistas, ampliando as oportunidades de inser\u00e7\u00e3o produtiva, autonomia financeira e fortalecimento dos la\u00e7os comunit\u00e1rios por meio da arte\u201d<\/em>, explica L\u00eddia Henrique, coordenadora do projeto.<\/strong><\/p>\n\n\n\n<p><strong>O encerramento das atividades est\u00e1 previsto para mar\u00e7o de 2026<\/strong>, com uma <strong>exposi\u00e7\u00e3o coletiva na Galeria MD\u2019Azevedo<\/strong>,<strong> localizada no pr\u00f3prio Centro de artes.<\/strong> <strong>O evento final tamb\u00e9m contar\u00e1 com uma apresenta\u00e7\u00e3o musical dos participantes e o lan\u00e7amento de um cat\u00e1logo com os trabalhos desenvolvidos durante as oficinas.<\/strong><\/p>\n\n\n\n<p>Com patroc\u00ednio do <strong>FAC \u2013 Fundo de Apoio \u00e0 Cultura<\/strong> e apoio da <strong>Secretaria de Cultura e Economia Criativa do Distrito Federal<\/strong>, o <strong><em>&#8220;SustentArte&#8221;<\/em><\/strong> <strong>refor\u00e7a a pot\u00eancia da arte como ferramenta de transforma\u00e7\u00e3o, sensibilidade e express\u00e3o.<\/strong><\/p>\n\n\n\n<h3 class=\"wp-block-heading\">Sobre o Centro de Artes de Bras\u00edlia: <\/h3>\n\n\n\n<p>Com<strong> 47 anos de hist\u00f3ria<\/strong>, o <strong>Centro de Artes de Bras\u00edlia<\/strong> \u00e9<strong> refer\u00eancia na forma\u00e7\u00e3o de artistas visuais no Distrito Federal. Fundado em 1978 <\/strong>e <strong>localizado na Vila Telebras\u00edlia<\/strong>, o espa\u00e7o ocupa amplas salas em um edif\u00edcio da regi\u00e3o e oferece cursos voltados para o mercado art\u00edstico e projetos autorais. Coordenado por L\u00eddia Henrique, o Centro j\u00e1 formou centenas de alunos que hoje atuam como artistas pl\u00e1sticos de destaque.<\/p>\n\n\n\n<p>\ud83d\udccd Saiba mais e acompanhe as atividades: <a class=\"\" href=\"https:\/\/www.instagram.com\/centrodeartess\">@centrodeartess<\/a>;<br>\ud83d\udccd Apoio: <a class=\"\" href=\"https:\/\/www.instagram.com\/trapeziocomunicacao\">@trapeziocomunicacao<\/a>. <\/p>\n","protected":false},"excerpt":{"rendered":"<p>Foto\/divulga\u00e7\u00e3o Um novo cap\u00edtulo de transforma\u00e7\u00e3o art\u00edstica e social est\u00e1 em curso na Vila Telebras\u00edlia. De agosto de 2025 a mar\u00e7o de 2026, o projeto &#8220;SustentArte: capacitando gera\u00e7\u00f5es por meio da arte&#8220;, promovido pelo Centro de Artes de Bras\u00edlia, oferece oficinas gratuitas que unem forma\u00e7\u00e3o t\u00e9cnica, criatividade e inclus\u00e3o social. A iniciativa contempla sete oficinas [&hellip;]<\/p>\n","protected":false},"author":1441,"featured_media":13627,"comment_status":"open","ping_status":"open","sticky":false,"template":"","format":"standard","meta":{"_monsterinsights_skip_tracking":false,"_monsterinsights_sitenote_active":false,"_monsterinsights_sitenote_note":"","_monsterinsights_sitenote_category":0,"footnotes":""},"categories":[41,2569,17,34],"tags":[403,487,5186],"class_list":["post-13626","post","type-post","status-publish","format-standard","has-post-thumbnail","hentry","category-agenda","category-arte","category-bsb","category-destaque","tag-cidadecult-2","tag-destaque","tag-projetosustentaarte"],"_links":{"self":[{"href":"https:\/\/cidadecult.com.br\/index.php?rest_route=\/wp\/v2\/posts\/13626","targetHints":{"allow":["GET"]}}],"collection":[{"href":"https:\/\/cidadecult.com.br\/index.php?rest_route=\/wp\/v2\/posts"}],"about":[{"href":"https:\/\/cidadecult.com.br\/index.php?rest_route=\/wp\/v2\/types\/post"}],"author":[{"embeddable":true,"href":"https:\/\/cidadecult.com.br\/index.php?rest_route=\/wp\/v2\/users\/1441"}],"replies":[{"embeddable":true,"href":"https:\/\/cidadecult.com.br\/index.php?rest_route=%2Fwp%2Fv2%2Fcomments&post=13626"}],"version-history":[{"count":1,"href":"https:\/\/cidadecult.com.br\/index.php?rest_route=\/wp\/v2\/posts\/13626\/revisions"}],"predecessor-version":[{"id":13628,"href":"https:\/\/cidadecult.com.br\/index.php?rest_route=\/wp\/v2\/posts\/13626\/revisions\/13628"}],"wp:featuredmedia":[{"embeddable":true,"href":"https:\/\/cidadecult.com.br\/index.php?rest_route=\/wp\/v2\/media\/13627"}],"wp:attachment":[{"href":"https:\/\/cidadecult.com.br\/index.php?rest_route=%2Fwp%2Fv2%2Fmedia&parent=13626"}],"wp:term":[{"taxonomy":"category","embeddable":true,"href":"https:\/\/cidadecult.com.br\/index.php?rest_route=%2Fwp%2Fv2%2Fcategories&post=13626"},{"taxonomy":"post_tag","embeddable":true,"href":"https:\/\/cidadecult.com.br\/index.php?rest_route=%2Fwp%2Fv2%2Ftags&post=13626"}],"curies":[{"name":"wp","href":"https:\/\/api.w.org\/{rel}","templated":true}]}}