{"id":1362,"date":"2023-10-18T11:45:39","date_gmt":"2023-10-18T14:45:39","guid":{"rendered":"https:\/\/cidadecult.com.br\/?p=1362"},"modified":"2023-10-20T13:57:26","modified_gmt":"2023-10-20T16:57:26","slug":"yan-apresenta-psicossonico-um-espetaculo-que-une-musica-e-psicologia","status":"publish","type":"post","link":"https:\/\/cidadecult.com.br\/?p=1362","title":{"rendered":"Yan Apresenta &#8220;Psicoss\u00f4nico&#8221;: Um Espet\u00e1culo que Une M\u00fasica e Psicologia"},"content":{"rendered":"\n<p>Um mergulho sonoro e emocional no universo das letras reflexivas e ritmos variados<\/p>\n\n\n\n<hr class=\"wp-block-separator\"\/>\n\n\n\n<p>![Yan em performance. Cr\u00e9dito: Lummi Art](Yan Cr\u00e9dito Lummi Art (1).jpg)<\/p>\n\n\n\n<p>O cantor e psic\u00f3logo Yan, de 33 anos, radicado em Luzi\u00e2nia (GO), n\u00e3o \u00e9 apenas mais um nome no cen\u00e1rio musical brasileiro. Ele se destaca por mesclar sua forma\u00e7\u00e3o acad\u00eamica em psicologia com uma carreira art\u00edstica em ascens\u00e3o. Depois de lan\u00e7ar seu \u00e1lbum de estreia com 15 faixas originais no dia 29 de setembro, Yan convida o p\u00fablico para uma experi\u00eancia ao vivo \u00fanica no dia 20 de outubro, no Teatro do SESI do Setor Comercial Norte.<\/p>\n\n\n\n<h4 class=\"wp-block-heading\">Um Convite \u00e0 Introspec\u00e7\u00e3o<\/h4>\n\n\n\n<p>Em &#8220;Psicoss\u00f4nico&#8221;, Yan tem como objetivo levar os espectadores a uma jornada de autodescoberta e reflex\u00e3o para uma vida mais saud\u00e1vel. O show contar\u00e1 com uma mescla de ritmos como Rock, Pop, Reggae e MPB. \u201cEm algum momento, voc\u00ea vai encontrar uma can\u00e7\u00e3o que ressoa com seu estado emocional atual\u201d, afirma Yan.<\/p>\n\n\n\n<h4 class=\"wp-block-heading\">Influ\u00eancias e Ecletismo<\/h4>\n\n\n\n<p>O repert\u00f3rio de Yan \u00e9 influenciado por uma variedade de artistas, de \u00edcones nacionais como Raul Seixas, Tim Maia, Cazuza e Maria Beth\u00e2nia, at\u00e9 estrelas internacionais como Mariah Carey, Queen, Christina Aguilera e Cher. Essa diversidade garante um espet\u00e1culo rico em sonoridades e estilos.<\/p>\n\n\n\n<h4 class=\"wp-block-heading\">M\u00fasica como Ferramenta Terap\u00eautica<\/h4>\n\n\n\n<p>Yan destaca a import\u00e2ncia de combinar m\u00fasica e psicologia de maneira respons\u00e1vel, visando transmitir mensagens positivas. \u201cA m\u00fasica tem o poder de enviar mensagens que podem transformar vidas\u201d, observa o artista.<\/p>\n\n\n\n<h4 class=\"wp-block-heading\">Um Artista Forjado na Resili\u00eancia<\/h4>\n\n\n\n<p>Yan relembra os desafios de crescer como uma pessoa LGBT em um ambiente conservador e familiarmente complexo. Essas experi\u00eancias moldaram seu senso cr\u00edtico e seu compromisso com o combate a preconceitos e opress\u00f5es atrav\u00e9s da arte. \u201cA m\u00fasica sempre foi meu ref\u00fagio e minha for\u00e7a\u201d, destaca.<\/p>\n\n\n\n<h4 class=\"wp-block-heading\">Informa\u00e7\u00f5es Adicionais<\/h4>\n\n\n\n<ul class=\"wp-block-list\"><li><strong>YouTube<\/strong>: <a href=\"https:\/\/www.youtube.com\/@YAN-us7mg\">Yan no YouTube<\/a><\/li><li><strong>Spotify<\/strong>: <a href=\"https:\/\/open.spotify.com\/intl-pt\/artist\/5hsEdeh71nIIyUjwYkKp9O\">Yan no Spotify<\/a><\/li><li><strong>Fotos e Capa do \u00c1lbum<\/strong>: <a href=\"https:\/\/bit.ly\/YanPsicossonico\">Material Promocional<\/a><\/li><\/ul>\n\n\n\n<p><strong>Servi\u00e7o:<\/strong><\/p>\n\n\n\n<ul class=\"wp-block-list\"><li><strong>Local<\/strong>: Teatro do SESI Sa\u00fade<\/li><li><strong>Endere\u00e7o<\/strong>: SCN Qd. 1 Bloco E. Ed. Central Park<\/li><li><strong>Data e Hora<\/strong>: 20 de outubro, \u00e0s 20h<\/li><li><strong>Ingressos<\/strong>: R$ 20 + 1kg de alimento n\u00e3o perec\u00edvel<\/li><li><strong>Bilheteria Digital<\/strong>: <a href=\"www.ticketfacil.com.br\/eventos\/sesi-brasilia-yan-e-banda-com-o-show-psicossonico-uma-experiencia-musical-e-terapeutica.aspx\">Ingressos Aqui<\/a><\/li><li><strong>Classifica\u00e7\u00e3o Indicativa<\/strong>: Livre para todos os p\u00fablicos<\/li><li><strong>Mais Informa\u00e7\u00f5es<\/strong>: <a href=\"https:\/\/www.instagram.com\/yan.musica\/\">Instagram Yan<\/a><\/li><\/ul>\n\n\n\n<hr class=\"wp-block-separator\"\/>\n\n\n\n<p>Espero que a mat\u00e9ria reescrita atenda \u00e0s suas expectativas! Fique \u00e0 vontade para fazer qualquer ajuste que considerar necess\u00e1rio.<\/p>\n","protected":false},"excerpt":{"rendered":"<p>Um mergulho sonoro e emocional no universo das letras reflexivas e ritmos variados ![Yan em performance. Cr\u00e9dito: Lummi Art](Yan Cr\u00e9dito Lummi Art (1).jpg) O cantor e psic\u00f3logo Yan, de 33 anos, radicado em Luzi\u00e2nia (GO), n\u00e3o \u00e9 apenas mais um nome no cen\u00e1rio musical brasileiro. Ele se destaca por mesclar sua forma\u00e7\u00e3o acad\u00eamica em psicologia [&hellip;]<\/p>\n","protected":false},"author":1,"featured_media":1363,"comment_status":"open","ping_status":"open","sticky":false,"template":"","format":"standard","meta":{"_monsterinsights_skip_tracking":false,"_monsterinsights_sitenote_active":false,"_monsterinsights_sitenote_note":"","_monsterinsights_sitenote_category":0,"footnotes":""},"categories":[41,17,6],"tags":[],"class_list":["post-1362","post","type-post","status-publish","format-standard","has-post-thumbnail","hentry","category-agenda","category-bsb","category-music"],"_links":{"self":[{"href":"https:\/\/cidadecult.com.br\/index.php?rest_route=\/wp\/v2\/posts\/1362","targetHints":{"allow":["GET"]}}],"collection":[{"href":"https:\/\/cidadecult.com.br\/index.php?rest_route=\/wp\/v2\/posts"}],"about":[{"href":"https:\/\/cidadecult.com.br\/index.php?rest_route=\/wp\/v2\/types\/post"}],"author":[{"embeddable":true,"href":"https:\/\/cidadecult.com.br\/index.php?rest_route=\/wp\/v2\/users\/1"}],"replies":[{"embeddable":true,"href":"https:\/\/cidadecult.com.br\/index.php?rest_route=%2Fwp%2Fv2%2Fcomments&post=1362"}],"version-history":[{"count":2,"href":"https:\/\/cidadecult.com.br\/index.php?rest_route=\/wp\/v2\/posts\/1362\/revisions"}],"predecessor-version":[{"id":1568,"href":"https:\/\/cidadecult.com.br\/index.php?rest_route=\/wp\/v2\/posts\/1362\/revisions\/1568"}],"wp:featuredmedia":[{"embeddable":true,"href":"https:\/\/cidadecult.com.br\/index.php?rest_route=\/wp\/v2\/media\/1363"}],"wp:attachment":[{"href":"https:\/\/cidadecult.com.br\/index.php?rest_route=%2Fwp%2Fv2%2Fmedia&parent=1362"}],"wp:term":[{"taxonomy":"category","embeddable":true,"href":"https:\/\/cidadecult.com.br\/index.php?rest_route=%2Fwp%2Fv2%2Fcategories&post=1362"},{"taxonomy":"post_tag","embeddable":true,"href":"https:\/\/cidadecult.com.br\/index.php?rest_route=%2Fwp%2Fv2%2Ftags&post=1362"}],"curies":[{"name":"wp","href":"https:\/\/api.w.org\/{rel}","templated":true}]}}