{"id":13529,"date":"2025-07-30T12:39:22","date_gmt":"2025-07-30T15:39:22","guid":{"rendered":"https:\/\/cidadecult.com.br\/?p=13529"},"modified":"2025-07-30T12:40:19","modified_gmt":"2025-07-30T15:40:19","slug":"patubate-se-prepara-para-levar-a-percussao-sustentavel-de-brasilia-a-colombia","status":"publish","type":"post","link":"https:\/\/cidadecult.com.br\/?p=13529","title":{"rendered":"PATUBAT\u00ca se prepara para levar a percuss\u00e3o sustent\u00e1vel de Bras\u00edlia \u00e0 Col\u00f4mbia!"},"content":{"rendered":"\n<p><em>Foto\/divulga\u00e7\u00e3o<\/em><\/p>\n\n\n\n<p>O som vibrante, criativo e consciente do<strong> &#8216;PATUBAT\u00ca&#8217; <\/strong>est\u00e1 prestes a cruzar fronteiras. O grupo brasiliense foi convidado a representar o Brasil no<strong> &#8220;3\u00ba Festival Internacional de Percuss\u00e3o de Rua BOGOTAM TAM&#8221;<\/strong>, que acontece entre os dias<strong> 8 e 18 de agosto<\/strong>, em <strong>Bogot\u00e1,<\/strong> <strong>Col\u00f4mbia<\/strong>.<strong> Com mais de duas d\u00e9cadas de estrada e apresenta\u00e7\u00f5es em mais de 20 pa\u00edses, o grupo agora se prepara para viver um momento in\u00e9dito: sua primeira viagem internacional com o &#8220;Bloco do PATUBAT\u00ca&#8221; e o projeto social &#8220;PATUBAT\u00ca MAIS&#8221;.<\/strong><\/p>\n\n\n\n<p><strong>Sob a lideran\u00e7a do m\u00fasico e diretor Fred Magalh\u00e3es<\/strong>, o <strong>&#8216;PATUBAT\u00ca&#8217;<\/strong> consolidou-se como<strong> refer\u00eancia em percuss\u00e3o sustent\u00e1vel, misturando ritmos tradicionais brasileiros, como samba, maracatu, ijex\u00e1, carimb\u00f3 e frevo<\/strong>, <strong>com instrumentos criados a partir de materiais reciclados<\/strong>. No palco, extintores, panelas e ton\u00e9is se transformam em poesia sonora. Agora, essa mistura \u00fanica vai ecoar nas ruas de Bogot\u00e1, em um dos maiores encontros musicais da Am\u00e9rica Latina.<\/p>\n\n\n\n<p>Mais do que uma apresenta\u00e7\u00e3o, essa jornada representa uma <strong>celebra\u00e7\u00e3o da diversidade<\/strong>.<strong> O grupo que viajar\u00e1 \u00e0 Col\u00f4mbia re\u00fane integrantes de todas as idades, de diferentes contextos sociais e at\u00e9 m\u00fasicos com mais de 60 anos. <\/strong>Durante o festival, o<strong> &#8216;PATUBAT\u00ca&#8217;<\/strong> far\u00e1<strong> tr\u00eas apresenta\u00e7\u00f5es<\/strong>, com um <strong>repert\u00f3rio <\/strong>que <strong>dialoga<\/strong> com o<strong> Brasil <\/strong>e tamb\u00e9m<strong> homenageia a cultura colombiana<\/strong>, incluindo vers\u00f5es percussivas de \u201cAlegria alegria\u201d, \u201cAquarela do Brasil\u201d, \u201cBaianidade Nag\u00f4\u201d e \u201cWaka waka\u201d.<\/p>\n\n\n\n<p>Para viabilizar a viagem de 60 m\u00fasicos e mais 10 profissionais da equipe t\u00e9cnica e de produ\u00e7\u00e3o, o grupo iniciou uma campanha de arrecada\u00e7\u00e3o. At\u00e9 o momento, j\u00e1 foram arrecadados R$ 30 mil, mas ainda s\u00e3o necess\u00e1rios R$ 7 mil para cobrir os custos com transporte, hospedagem, alimenta\u00e7\u00e3o e aluguel de instrumentos. Quem quiser contribuir pode fazer doa\u00e7\u00f5es de qualquer valor pela chave Pix: <strong><a>fred@patubate.com<\/a><\/strong>.<\/p>\n\n\n\n<p>A ida do PATUBAT\u00ca ao festival internacional em Bogot\u00e1 \u00e9 mais do que uma conquista: \u00e9 a reafirma\u00e7\u00e3o do poder da arte feita no cerrado, que pulsa inclus\u00e3o, criatividade e sustentabilidade. Um som que nasceu em Bras\u00edlia e agora vai ecoar no mundo.<\/p>\n\n\n\n<p>\ud83d\udcde Contato para imprensa: Rodrigo Machado \u2013 (61) 9.8654-2569;<br>\ud83d\udcf2 Instagram: <a class=\"\" href=\"https:\/\/www.instagram.com\/territorio.comunicacao\">@territorio.comunicacao<\/a>;<br>\ud83c\udf10 Portf\u00f3lio: <a class=\"\" href=\"https:\/\/bit.ly\/TerritorioComunicacao-Portfolio\">bit.ly\/TerritorioComunicacao-Portfolio<\/a>. <\/p>\n","protected":false},"excerpt":{"rendered":"<p>Foto\/divulga\u00e7\u00e3o O som vibrante, criativo e consciente do &#8216;PATUBAT\u00ca&#8217; est\u00e1 prestes a cruzar fronteiras. O grupo brasiliense foi convidado a representar o Brasil no &#8220;3\u00ba Festival Internacional de Percuss\u00e3o de Rua BOGOTAM TAM&#8221;, que acontece entre os dias 8 e 18 de agosto, em Bogot\u00e1, Col\u00f4mbia. Com mais de duas d\u00e9cadas de estrada e apresenta\u00e7\u00f5es [&hellip;]<\/p>\n","protected":false},"author":1441,"featured_media":13530,"comment_status":"open","ping_status":"open","sticky":false,"template":"","format":"standard","meta":{"_monsterinsights_skip_tracking":false,"_monsterinsights_sitenote_active":false,"_monsterinsights_sitenote_note":"","_monsterinsights_sitenote_category":0,"footnotes":""},"categories":[41,17,34,3],"tags":[429],"class_list":["post-13529","post","type-post","status-publish","format-standard","has-post-thumbnail","hentry","category-agenda","category-bsb","category-destaque","category-entertainment","tag-brasilia-3"],"_links":{"self":[{"href":"https:\/\/cidadecult.com.br\/index.php?rest_route=\/wp\/v2\/posts\/13529","targetHints":{"allow":["GET"]}}],"collection":[{"href":"https:\/\/cidadecult.com.br\/index.php?rest_route=\/wp\/v2\/posts"}],"about":[{"href":"https:\/\/cidadecult.com.br\/index.php?rest_route=\/wp\/v2\/types\/post"}],"author":[{"embeddable":true,"href":"https:\/\/cidadecult.com.br\/index.php?rest_route=\/wp\/v2\/users\/1441"}],"replies":[{"embeddable":true,"href":"https:\/\/cidadecult.com.br\/index.php?rest_route=%2Fwp%2Fv2%2Fcomments&post=13529"}],"version-history":[{"count":1,"href":"https:\/\/cidadecult.com.br\/index.php?rest_route=\/wp\/v2\/posts\/13529\/revisions"}],"predecessor-version":[{"id":13531,"href":"https:\/\/cidadecult.com.br\/index.php?rest_route=\/wp\/v2\/posts\/13529\/revisions\/13531"}],"wp:featuredmedia":[{"embeddable":true,"href":"https:\/\/cidadecult.com.br\/index.php?rest_route=\/wp\/v2\/media\/13530"}],"wp:attachment":[{"href":"https:\/\/cidadecult.com.br\/index.php?rest_route=%2Fwp%2Fv2%2Fmedia&parent=13529"}],"wp:term":[{"taxonomy":"category","embeddable":true,"href":"https:\/\/cidadecult.com.br\/index.php?rest_route=%2Fwp%2Fv2%2Fcategories&post=13529"},{"taxonomy":"post_tag","embeddable":true,"href":"https:\/\/cidadecult.com.br\/index.php?rest_route=%2Fwp%2Fv2%2Ftags&post=13529"}],"curies":[{"name":"wp","href":"https:\/\/api.w.org\/{rel}","templated":true}]}}