{"id":13526,"date":"2025-07-29T19:25:21","date_gmt":"2025-07-29T22:25:21","guid":{"rendered":"https:\/\/cidadecult.com.br\/?p=13526"},"modified":"2025-07-29T19:25:23","modified_gmt":"2025-07-29T22:25:23","slug":"serparacao-transforma-a-rodoviaria-do-plano-piloto-com-arte-escuta-e-presenca-coletiva","status":"publish","type":"post","link":"https:\/\/cidadecult.com.br\/?p=13526","title":{"rendered":"\u201cseRparA\u00e7\u00e3o\u201d transforma a Rodovi\u00e1ria do Plano Piloto com arte, escuta e presen\u00e7a coletiva"},"content":{"rendered":"\n<p><em>Foto\/divulga\u00e7\u00e3o<\/em><\/p>\n\n\n\n<p>Entre os fluxos apressados da <strong>Rodovi\u00e1ria do Plano Piloto<\/strong>, algo inusitado vai acontecer. Nos dias <strong>2 e 3 de agosto<\/strong>, \u00e0s <strong>11h e 14h<\/strong>, <strong>o espa\u00e7o urbano ser\u00e1 atravessado por corpos em movimento, em gestos que desobedecem rotas normativas e provocam novos olhares<\/strong>. \u00c9 a chegada das performances p\u00fablicas da resid\u00eancia art\u00edstica <strong>\u201cseRparA\u00e7\u00e3o: pol\u00edticas do dan\u00e7ar e da iMpertin\u00eancia\u201d<\/strong>,<strong> projeto criado pelo core\u00f3grafo e pesquisador Camillo Vacalebre.<\/strong><\/p>\n\n\n\n<p><strong>Mais do que apresentar um espet\u00e1culo, \u201cseRparA\u00e7\u00e3o\u201d convida o p\u00fablico a vivenciar o agora.<\/strong> Trata-se de <strong>uma a\u00e7\u00e3o perform\u00e1tica que nasce do encontro entre artistas e participantes de m\u00faltiplas viv\u00eancias e corpos dissidentes, com defici\u00eancia, neurodiverg\u00eancia, obesidade, identidades LGBTQIAPN+, entre outras<\/strong>, que se reuniram <strong>durante dois meses<\/strong> para<strong> investigar, criar e escutar. Tudo isso inspirado nas pr\u00e1ticas desenvolvidas pelo artista norte-americano Ishmael Houston-Jones, com base na metodologia Pol\u00edticas do Dan\u00e7ar.<\/strong><\/p>\n\n\n\n<p>Com <strong>apoio <\/strong>do <strong>FAC-DF<\/strong>, <strong>a resid\u00eancia ofereceu bolsas para pessoas em situa\u00e7\u00e3o de vulnerabilidade social e priorizou trajet\u00f3rias atravessadas por diferentes exclus\u00f5es.<\/strong> Os encontros formativos aconteceram no <strong>Centro de Dan\u00e7a do DF<\/strong> e contaram com a<strong> participa\u00e7\u00e3o de artistas<\/strong> como <strong>Juma Pariri<\/strong>, <strong>Estela Lapponi<\/strong>, <strong>Marcos Davi<\/strong> e o <strong>Coletivo Transverso<\/strong>, <strong>al\u00e9m da equipe multidisciplinar de acessibilidade e produ\u00e7\u00e3o.<\/strong><\/p>\n\n\n\n<p>O eixo tem\u00e1tico das apresenta\u00e7\u00f5es \u00e9 <strong>\u201cNavio dos loucos\u201d<\/strong>, met\u00e1fora potente que provoca quest\u00f5es sobre normalidade, marginaliza\u00e7\u00e3o e possibilidades de existir fora dos padr\u00f5es. O p\u00fablico poder\u00e1 presenciar e talvez, integrar coreografias improvisadas que brotam no instante, em meio \u00e0 rotina da cidade.<\/p>\n\n\n\n<blockquote class=\"wp-block-quote is-layout-flow wp-block-quote-is-layout-flow\">\n<p><em>\u201cQueremos abrir um campo de escuta e provoca\u00e7\u00e3o. Cada interven\u00e7\u00e3o \u00e9 um convite \u00e0 presen\u00e7a, onde o po\u00e9tico e o pol\u00edtico se entrela\u00e7am no movimento coletivo\u201d<\/em>, afirma Vacalebre.<\/p>\n<\/blockquote>\n\n\n\n<p>A a\u00e7\u00e3o ocupar\u00e1 a <strong>Plataforma 1 da rodovi\u00e1ria<\/strong>, nos arredores da tradicional <strong>Pastelaria Vi\u00e7osa<\/strong>. Tudo de forma gratuita e aberta, em di\u00e1logo direto com quem circula, espera, trabalha ou apenas passa.<\/p>\n\n\n\n<h3 class=\"wp-block-heading\">Servi\u00e7o: <\/h3>\n\n\n\n<p><strong>Resid\u00eancia art\u00edstica \u201cseRparA\u00e7\u00e3o: pol\u00edticas do dan\u00e7ar e da iMpertin\u00eancia\u201d: <\/strong><br>\ud83d\udccd <strong>Rodovi\u00e1ria do Plano Piloto <\/strong>\u2013 Plataforma 1 (arredores da Pastelaria Vi\u00e7osa)<strong>;<\/strong><br>\ud83d\udcc5 Dias <strong>2 e 3 de agosto;<\/strong><br>\ud83d\udd5a Hor\u00e1rios: <strong>11h e 14h;<\/strong><br>\ud83c\udf9f\ufe0f <strong>Gratuito;<\/strong><br>\ud83d\udc65<strong> Classifica\u00e7\u00e3o: livre;<\/strong><br>\ud83d\udcf2 Instagram: <a class=\"\" href=\"https:\/\/www.instagram.com\/ser.par.acao\"><strong>@ser.par.a<\/strong><\/a><strong><a class=\"\" href=\"https:\/\/www.instagram.com\/ser.par.acao\">cao<\/a>.<\/strong><\/p>\n","protected":false},"excerpt":{"rendered":"<p>Foto\/divulga\u00e7\u00e3o Entre os fluxos apressados da Rodovi\u00e1ria do Plano Piloto, algo inusitado vai acontecer. Nos dias 2 e 3 de agosto, \u00e0s 11h e 14h, o espa\u00e7o urbano ser\u00e1 atravessado por corpos em movimento, em gestos que desobedecem rotas normativas e provocam novos olhares. \u00c9 a chegada das performances p\u00fablicas da resid\u00eancia art\u00edstica \u201cseRparA\u00e7\u00e3o: pol\u00edticas [&hellip;]<\/p>\n","protected":false},"author":1441,"featured_media":13527,"comment_status":"open","ping_status":"open","sticky":false,"template":"","format":"standard","meta":{"_monsterinsights_skip_tracking":false,"_monsterinsights_sitenote_active":false,"_monsterinsights_sitenote_note":"","_monsterinsights_sitenote_category":0,"footnotes":""},"categories":[1],"tags":[],"class_list":["post-13526","post","type-post","status-publish","format-standard","has-post-thumbnail","hentry","category-sem-categoria"],"_links":{"self":[{"href":"https:\/\/cidadecult.com.br\/index.php?rest_route=\/wp\/v2\/posts\/13526","targetHints":{"allow":["GET"]}}],"collection":[{"href":"https:\/\/cidadecult.com.br\/index.php?rest_route=\/wp\/v2\/posts"}],"about":[{"href":"https:\/\/cidadecult.com.br\/index.php?rest_route=\/wp\/v2\/types\/post"}],"author":[{"embeddable":true,"href":"https:\/\/cidadecult.com.br\/index.php?rest_route=\/wp\/v2\/users\/1441"}],"replies":[{"embeddable":true,"href":"https:\/\/cidadecult.com.br\/index.php?rest_route=%2Fwp%2Fv2%2Fcomments&post=13526"}],"version-history":[{"count":1,"href":"https:\/\/cidadecult.com.br\/index.php?rest_route=\/wp\/v2\/posts\/13526\/revisions"}],"predecessor-version":[{"id":13528,"href":"https:\/\/cidadecult.com.br\/index.php?rest_route=\/wp\/v2\/posts\/13526\/revisions\/13528"}],"wp:featuredmedia":[{"embeddable":true,"href":"https:\/\/cidadecult.com.br\/index.php?rest_route=\/wp\/v2\/media\/13527"}],"wp:attachment":[{"href":"https:\/\/cidadecult.com.br\/index.php?rest_route=%2Fwp%2Fv2%2Fmedia&parent=13526"}],"wp:term":[{"taxonomy":"category","embeddable":true,"href":"https:\/\/cidadecult.com.br\/index.php?rest_route=%2Fwp%2Fv2%2Fcategories&post=13526"},{"taxonomy":"post_tag","embeddable":true,"href":"https:\/\/cidadecult.com.br\/index.php?rest_route=%2Fwp%2Fv2%2Ftags&post=13526"}],"curies":[{"name":"wp","href":"https:\/\/api.w.org\/{rel}","templated":true}]}}